{"id":95391,"date":"2019-11-12T14:58:54","date_gmt":"2019-11-12T11:58:54","guid":{"rendered":"http:\/\/arantv.az\/?p=95391"},"modified":"2019-11-12T14:58:54","modified_gmt":"2019-11-12T11:58:54","slug":"yasamaq-ucun-gurcustana-ged%c9%99n-az%c9%99rbaycanlilarin-sayi-aciqlandi","status":"publish","type":"post","link":"https:\/\/arantv.az\/?p=95391","title":{"rendered":"Ya\u015famaq \u00fc\u00e7\u00fcn G\u00fcrc\u00fcstana ged\u0259n az\u0259rbaycanl\u0131lar\u0131n say\u0131 a\u00e7\u0131qland\u0131"},"content":{"rendered":"<p>2015-ci ild\u0259n 2018-ci il\u0259 q\u0259d\u0259r olan d\u00f6vr \u0259rzind\u0259 G\u00fcrc\u00fcstana \u00fc\u00e7 min az\u0259rbaycanl\u0131 k\u00f6\u00e7\u00fcb.<\/p>\n<p>Bununla ba\u011fl\u0131 G\u00fcrc\u00fcstan\u0131n Miqrasiya Komissiyas\u0131n\u0131n yay\u0131mlad\u0131\u011f\u0131 hesabatda\u00a0<a href=\"https:\/\/newizv.ru\/news\/world\/12-11-2019\/v-gruziyu-za-chetyre-goda-pereselilis-13-tysyach-rossiyan\/rrr\" target=\"_blank\" rel=\"noopener\">m\u0259lumat<\/a>\u00a0verilib.<\/p>\n<div id=\"AdviadNativeVideo0\" class=\"AdviadNativeVideo\"><\/div>\n<p>Bildirilib ki, G\u00fcrc\u00fcstanda m\u00fcv\u0259qq\u0259ti ya\u015famaq icaz\u0259si alanlar aras\u0131nda az\u0259rbaycanl\u0131lar ikinci yerd\u0259dir.<\/p>\n<p>Rusiya v\u0259t\u0259nda\u015flar\u0131 is\u0259 bu \u00f6lk\u0259d\u0259 daimi ya\u015fay\u0131\u015f icaz\u0259si almaqda lider olublar. Bel\u0259 ki, t\u0259xmini doqquz min n\u0259f\u0259r rusiyal\u0131 G\u00fcrc\u00fcstanda daimi ya\u015famaq haqq\u0131nda \u015f\u0259had\u0259tnam\u0259 al\u0131b.<\/p>\n<p>Statistikaya \u0259sas\u0259n, d\u00f6rd il \u0259rzind\u0259 20800 \u0259cn\u0259bi G\u00fcrc\u00fcstanda daimi v\u0259 ya uzunm\u00fcdd\u0259tli ya\u015famaq icaz\u0259si al\u0131b.<\/p>\n","protected":false},"excerpt":{"rendered":"<p>2015-ci ild\u0259n 2018-ci il\u0259 q\u0259d\u0259r olan d\u00f6vr \u0259rzind\u0259 G\u00fcrc\u00fcstana \u00fc\u00e7 min az\u0259rbaycanl\u0131 k\u00f6\u00e7\u00fcb. Bununla ba\u011fl\u0131 G\u00fcrc\u00fcstan\u0131n Miqrasiya Komissiyas\u0131n\u0131n yay\u0131mlad\u0131\u011f\u0131 hesabatda\u00a0m\u0259lumat\u00a0verilib. Bildirilib ki, G\u00fcrc\u00fcstanda m\u00fcv\u0259qq\u0259ti ya\u015famaq icaz\u0259si alanlar aras\u0131nda az\u0259rbaycanl\u0131lar ikinci yerd\u0259dir. Rusiya v\u0259t\u0259nda\u015flar\u0131 is\u0259 bu \u00f6lk\u0259d\u0259 daimi ya\u015fay\u0131\u015f icaz\u0259si almaqda lider olublar. Bel\u0259 ki, t\u0259xmini doqquz min n\u0259f\u0259r rusiyal\u0131 G\u00fcrc\u00fcstanda daimi ya\u015famaq haqq\u0131nda \u015f\u0259had\u0259tnam\u0259 al\u0131b. Statistikaya \u0259sas\u0259n, d\u00f6rd il \u0259rzind\u0259 20800 \u0259cn\u0259bi G\u00fcrc\u00fcstanda daimi v\u0259 ya uzunm\u00fcdd\u0259tli ya\u015famaq icaz\u0259si al\u0131b.<\/p>\n","protected":false},"author":2,"featured_media":95392,"comment_status":"closed","ping_status":"closed","sticky":false,"template":"","format":"standard","meta":{"om_disable_all_campaigns":false,"_monsterinsights_skip_tracking":false,"_monsterinsights_sitenote_active":false,"_monsterinsights_sitenote_note":"","_monsterinsights_sitenote_category":0},"categories":[1],"tags":[],"aioseo_notices":[],"gutentor_comment":0,"rttpg_featured_image_url":{"full":["https:\/\/arantv.az\/wp-content\/uploads\/2019\/11\/xw_1735883.jpg",620,352,false],"landscape":["https:\/\/arantv.az\/wp-content\/uploads\/2019\/11\/xw_1735883.jpg",620,352,false],"portraits":["https:\/\/arantv.az\/wp-content\/uploads\/2019\/11\/xw_1735883.jpg",620,352,false],"thumbnail":["https:\/\/arantv.az\/wp-content\/uploads\/2019\/11\/xw_1735883-150x150.jpg",150,150,true],"medium":["https:\/\/arantv.az\/wp-content\/uploads\/2019\/11\/xw_1735883-300x170.jpg",300,170,true],"large":["https:\/\/arantv.az\/wp-content\/uploads\/2019\/11\/xw_1735883.jpg",620,352,false],"1536x1536":["https:\/\/arantv.az\/wp-content\/uploads\/2019\/11\/xw_1735883.jpg",620,352,false],"2048x2048":["https:\/\/arantv.az\/wp-content\/uploads\/2019\/11\/xw_1735883.jpg",620,352,false],"post-thumbnail":["https:\/\/arantv.az\/wp-content\/uploads\/2019\/11\/xw_1735883-240x172.jpg",240,172,true],"advps-thumb-one":["https:\/\/arantv.az\/wp-content\/uploads\/2019\/11\/xw_1735883.jpg",620,352,false]},"rttpg_author":{"display_name":"V\u00fcsal Rafiqo\u011flu","author_link":"https:\/\/arantv.az\/?author=2"},"rttpg_comment":0,"rttpg_category":"<a href=\"https:\/\/arantv.az\/?cat=1\" rel=\"category\">C\u0259miyy\u0259t<\/a>","rttpg_excerpt":"2015-ci ild\u0259n 2018-ci il\u0259 q\u0259d\u0259r olan d\u00f6vr \u0259rzind\u0259 G\u00fcrc\u00fcstana \u00fc\u00e7 min az\u0259rbaycanl\u0131 k\u00f6\u00e7\u00fcb. Bununla ba\u011fl\u0131 G\u00fcrc\u00fcstan\u0131n Miqrasiya Komissiyas\u0131n\u0131n yay\u0131mlad\u0131\u011f\u0131 hesabatda\u00a0m\u0259lumat\u00a0verilib. Bildirilib ki, G\u00fcrc\u00fcstanda m\u00fcv\u0259qq\u0259ti ya\u015famaq icaz\u0259si alanlar aras\u0131nda az\u0259rbaycanl\u0131lar ikinci yerd\u0259dir. Rusiya v\u0259t\u0259nda\u015flar\u0131 is\u0259 bu \u00f6lk\u0259d\u0259 daimi ya\u015fay\u0131\u015f icaz\u0259si almaqda lider olublar. Bel\u0259 ki, t\u0259xmini doqquz min n\u0259f\u0259r rusiyal\u0131 G\u00fcrc\u00fcstanda daimi ya\u015famaq haqq\u0131nda \u015f\u0259had\u0259tnam\u0259 al\u0131b.&hellip;","_links":{"self":[{"href":"https:\/\/arantv.az\/index.php?rest_route=\/wp\/v2\/posts\/95391"}],"collection":[{"href":"https:\/\/arantv.az\/index.php?rest_route=\/wp\/v2\/posts"}],"about":[{"href":"https:\/\/arantv.az\/index.php?rest_route=\/wp\/v2\/types\/post"}],"author":[{"embeddable":true,"href":"https:\/\/arantv.az\/index.php?rest_route=\/wp\/v2\/users\/2"}],"replies":[{"embeddable":true,"href":"https:\/\/arantv.az\/index.php?rest_route=%2Fwp%2Fv2%2Fcomments&post=95391"}],"version-history":[{"count":0,"href":"https:\/\/arantv.az\/index.php?rest_route=\/wp\/v2\/posts\/95391\/revisions"}],"wp:featuredmedia":[{"embeddable":true,"href":"https:\/\/arantv.az\/index.php?rest_route=\/wp\/v2\/media\/95392"}],"wp:attachment":[{"href":"https:\/\/arantv.az\/index.php?rest_route=%2Fwp%2Fv2%2Fmedia&parent=95391"}],"wp:term":[{"taxonomy":"category","embeddable":true,"href":"https:\/\/arantv.az\/index.php?rest_route=%2Fwp%2Fv2%2Fcategories&post=95391"},{"taxonomy":"post_tag","embeddable":true,"href":"https:\/\/arantv.az\/index.php?rest_route=%2Fwp%2Fv2%2Ftags&post=95391"}],"curies":[{"name":"wp","href":"https:\/\/api.w.org\/{rel}","templated":true}]}}