{"id":95395,"date":"2019-11-12T14:59:39","date_gmt":"2019-11-12T11:59:39","guid":{"rendered":"http:\/\/arantv.az\/?p=95395"},"modified":"2019-11-12T14:59:39","modified_gmt":"2019-11-12T11:59:39","slug":"makrondan-beyn%c9%99lxaq-bohranla-bagli-x%c9%99b%c9%99rdarliq","status":"publish","type":"post","link":"https:\/\/arantv.az\/?p=95395","title":{"rendered":"Makrondan beyn\u0259lxaq b\u00f6hranla ba\u011fl\u0131 &#8211; X\u018fB\u018fRDARLIQ"},"content":{"rendered":"<p>Fransa Prezidenti Emmanuel Makron\u00a0<a href=\"https:\/\/ria.ru\/20191112\/1560844046.html\" target=\"_blank\" rel=\"noopener\">Parisd\u0259<\/a>\u00a0ke\u00e7iril\u0259n \u0130kinci D\u00fcnya Forumunun a\u00e7\u0131l\u0131\u015f\u0131nda beyn\u0259lxalq al\u0259md\u0259 misli\u00a0g\u00f6r\u00fcnm\u0259mi\u015f b\u00f6hran\u00a0ba\u015f ver\u0259c\u0259yini deyib.<\/p>\n<p>Fransan\u0131n lideri qeyd edib\u00a0ki, \u0130kinci D\u00fcnya M\u00fcharib\u0259sind\u0259n sonra yaranan rejim 70 il \u0259rzind\u0259 effektli olsa da, son ill\u0259rd\u0259 m\u00fcasir c\u0259miyy\u0259t\u00a0yeni b\u0259rab\u0259rsizlikl\u0259r yaradaraq, b\u00fct\u00fcn Q\u0259rb demokratiyas\u0131nda b\u00f6hran v\u0259 \u015f\u00fcbh\u0259 formala\u015fd\u0131r\u0131b:<\/p>\n<div id=\"AdviadNativeVideo0\" class=\"AdviadNativeVideo\"><\/div>\n<p>\u201cHaz\u0131rk\u0131\u00a0rejimd\u0259 daxili b\u00f6hran h\u00f6km s\u00fcr\u00fcr. D\u00fcnya\u00a0siyasi v\u0259 iqtisadi b\u00f6hran i\u00e7ind\u0259dir\u201d.<\/p>\n<p>\u0130kinci Paris D\u00fcnya Forumunda 30 d\u00f6vl\u0259t n\u00fcmay\u0259nd\u0259si i\u015ftirak ed\u0259c\u0259k.<\/p>\n","protected":false},"excerpt":{"rendered":"<p>Fransa Prezidenti Emmanuel Makron\u00a0Parisd\u0259\u00a0ke\u00e7iril\u0259n \u0130kinci D\u00fcnya Forumunun a\u00e7\u0131l\u0131\u015f\u0131nda beyn\u0259lxalq al\u0259md\u0259 misli\u00a0g\u00f6r\u00fcnm\u0259mi\u015f b\u00f6hran\u00a0ba\u015f ver\u0259c\u0259yini deyib. Fransan\u0131n lideri qeyd edib\u00a0ki, \u0130kinci D\u00fcnya M\u00fcharib\u0259sind\u0259n sonra yaranan rejim 70 il \u0259rzind\u0259 effektli olsa da, son ill\u0259rd\u0259 m\u00fcasir c\u0259miyy\u0259t\u00a0yeni b\u0259rab\u0259rsizlikl\u0259r yaradaraq, b\u00fct\u00fcn Q\u0259rb demokratiyas\u0131nda b\u00f6hran v\u0259 \u015f\u00fcbh\u0259 formala\u015fd\u0131r\u0131b: \u201cHaz\u0131rk\u0131\u00a0rejimd\u0259 daxili b\u00f6hran h\u00f6km s\u00fcr\u00fcr. D\u00fcnya\u00a0siyasi v\u0259 iqtisadi b\u00f6hran i\u00e7ind\u0259dir\u201d. \u0130kinci Paris D\u00fcnya Forumunda 30 d\u00f6vl\u0259t n\u00fcmay\u0259nd\u0259si i\u015ftirak ed\u0259c\u0259k.<\/p>\n","protected":false},"author":2,"featured_media":95396,"comment_status":"closed","ping_status":"closed","sticky":false,"template":"","format":"standard","meta":{"om_disable_all_campaigns":false,"_monsterinsights_skip_tracking":false,"_monsterinsights_sitenote_active":false,"_monsterinsights_sitenote_note":"","_monsterinsights_sitenote_category":0},"categories":[7],"tags":[],"aioseo_notices":[],"gutentor_comment":0,"rttpg_featured_image_url":{"full":["https:\/\/arantv.az\/wp-content\/uploads\/2019\/11\/makron.jpg",620,352,false],"landscape":["https:\/\/arantv.az\/wp-content\/uploads\/2019\/11\/makron.jpg",620,352,false],"portraits":["https:\/\/arantv.az\/wp-content\/uploads\/2019\/11\/makron.jpg",620,352,false],"thumbnail":["https:\/\/arantv.az\/wp-content\/uploads\/2019\/11\/makron-150x150.jpg",150,150,true],"medium":["https:\/\/arantv.az\/wp-content\/uploads\/2019\/11\/makron-300x170.jpg",300,170,true],"large":["https:\/\/arantv.az\/wp-content\/uploads\/2019\/11\/makron.jpg",620,352,false],"1536x1536":["https:\/\/arantv.az\/wp-content\/uploads\/2019\/11\/makron.jpg",620,352,false],"2048x2048":["https:\/\/arantv.az\/wp-content\/uploads\/2019\/11\/makron.jpg",620,352,false],"post-thumbnail":["https:\/\/arantv.az\/wp-content\/uploads\/2019\/11\/makron-240x172.jpg",240,172,true],"advps-thumb-one":["https:\/\/arantv.az\/wp-content\/uploads\/2019\/11\/makron.jpg",620,352,false]},"rttpg_author":{"display_name":"V\u00fcsal Rafiqo\u011flu","author_link":"https:\/\/arantv.az\/?author=2"},"rttpg_comment":0,"rttpg_category":"<a href=\"https:\/\/arantv.az\/?cat=7\" rel=\"category\">D\u00fcnya<\/a>","rttpg_excerpt":"Fransa Prezidenti Emmanuel Makron\u00a0Parisd\u0259\u00a0ke\u00e7iril\u0259n \u0130kinci D\u00fcnya Forumunun a\u00e7\u0131l\u0131\u015f\u0131nda beyn\u0259lxalq al\u0259md\u0259 misli\u00a0g\u00f6r\u00fcnm\u0259mi\u015f b\u00f6hran\u00a0ba\u015f ver\u0259c\u0259yini deyib. Fransan\u0131n lideri qeyd edib\u00a0ki, \u0130kinci D\u00fcnya M\u00fcharib\u0259sind\u0259n sonra yaranan rejim 70 il \u0259rzind\u0259 effektli olsa da, son ill\u0259rd\u0259 m\u00fcasir c\u0259miyy\u0259t\u00a0yeni b\u0259rab\u0259rsizlikl\u0259r yaradaraq, b\u00fct\u00fcn Q\u0259rb demokratiyas\u0131nda b\u00f6hran v\u0259 \u015f\u00fcbh\u0259 formala\u015fd\u0131r\u0131b: \u201cHaz\u0131rk\u0131\u00a0rejimd\u0259 daxili b\u00f6hran h\u00f6km s\u00fcr\u00fcr. D\u00fcnya\u00a0siyasi v\u0259 iqtisadi b\u00f6hran i\u00e7ind\u0259dir\u201d. \u0130kinci Paris&hellip;","_links":{"self":[{"href":"https:\/\/arantv.az\/index.php?rest_route=\/wp\/v2\/posts\/95395"}],"collection":[{"href":"https:\/\/arantv.az\/index.php?rest_route=\/wp\/v2\/posts"}],"about":[{"href":"https:\/\/arantv.az\/index.php?rest_route=\/wp\/v2\/types\/post"}],"author":[{"embeddable":true,"href":"https:\/\/arantv.az\/index.php?rest_route=\/wp\/v2\/users\/2"}],"replies":[{"embeddable":true,"href":"https:\/\/arantv.az\/index.php?rest_route=%2Fwp%2Fv2%2Fcomments&post=95395"}],"version-history":[{"count":0,"href":"https:\/\/arantv.az\/index.php?rest_route=\/wp\/v2\/posts\/95395\/revisions"}],"wp:featuredmedia":[{"embeddable":true,"href":"https:\/\/arantv.az\/index.php?rest_route=\/wp\/v2\/media\/95396"}],"wp:attachment":[{"href":"https:\/\/arantv.az\/index.php?rest_route=%2Fwp%2Fv2%2Fmedia&parent=95395"}],"wp:term":[{"taxonomy":"category","embeddable":true,"href":"https:\/\/arantv.az\/index.php?rest_route=%2Fwp%2Fv2%2Fcategories&post=95395"},{"taxonomy":"post_tag","embeddable":true,"href":"https:\/\/arantv.az\/index.php?rest_route=%2Fwp%2Fv2%2Ftags&post=95395"}],"curies":[{"name":"wp","href":"https:\/\/api.w.org\/{rel}","templated":true}]}}