{"id":95403,"date":"2019-11-12T15:05:27","date_gmt":"2019-11-12T12:05:27","guid":{"rendered":"http:\/\/arantv.az\/?p=95403"},"modified":"2019-11-12T15:05:27","modified_gmt":"2019-11-12T12:05:27","slug":"aran-rayonlarinda-quraq-gunl%c9%99rin-sayi-artacaq-proqnoz","status":"publish","type":"post","link":"https:\/\/arantv.az\/?p=95403","title":{"rendered":"Aran rayonlar\u0131nda quraq g\u00fcnl\u0259rin say\u0131 artacaq &#8211; PROQNOZ"},"content":{"rendered":"<blockquote><p><em><strong>\u0130qlimin istil\u0259\u015fm\u0259si n\u0259tic\u0259sind\u0259 X\u0259z\u0259rd\u0259 buxarlanma artacaq.<\/strong><\/em><\/p><\/blockquote>\n<p><strong>ARANTV.AZ<\/strong>\u00a0\u00a0<a href=\"https:\/\/az.trend.az\/\" target=\"_blank\" rel=\"noopener\">Trend<\/a>-\u0259 istinad\u0259n x\u0259b\u0259r verir ki, bunu AMEA Co\u011frafiya \u0130nstitutunun direktoru v\u0259 Co\u011frafiya C\u0259miyy\u0259tinin prezidenti akademik Ramiz M\u0259mm\u0259dov &#8220;Az\u0259rbaycan\u0131n arid regionlarinda t\u0259bii-t\u0259s\u0259rr\u00fcfat sisteml\u0259rinin t\u0259\u015fkili v\u0259 idar\u0259 olunmas\u0131&#8221; m\u00f6vzusunda elmi-praktiki konfransda deyib.<\/p>\n<p>Onun s\u00f6zl\u0259rin\u0259 g\u00f6r\u0259, iqlimin istil\u0259\u015fm\u0259si n\u0259tic\u0259sind\u0259 m\u0259hsuldarl\u0131q azalacaq, torpaqda kimy\u0259vi v\u0259 biokimy\u0259vi prosesl\u0259rin s\u00fcr\u0259tl\u0259nm\u0259sin\u0259 g\u00f6r\u0259 bitki \u00f6rt\u00fcy\u00fc azalacaq, \u015foranla\u015fm\u0131\u015f \u0259razil\u0259rin sah\u0259si v\u0259 s\u0259hrala\u015fma prosesi artacaq, su q\u0131tl\u0131\u011f\u0131 yaranacaq. Ya\u011f\u0131nt\u0131lar azald\u0131\u011f\u0131ndan \u00e7aylar\u0131n suyu azalacaq.<\/p>\n<p>R.M\u0259mm\u0259dov qeyd edib ki, iqlimin istil\u0259\u015fm\u0259si n\u0259tic\u0259sind\u0259 K\u00fcr-Araz oval\u0131\u011f\u0131nda quraql\u0131\u011f\u0131n 50-60 g\u00fcnd\u0259n \u00e7ox olmas\u0131 ehtimal\u0131 yaranacaq.<\/p>\n<p>O, bu n\u0259tic\u0259l\u0259r\u0259 apard\u0131\u011f\u0131 elmi t\u0259dqiqatlar n\u0259tic\u0259sind\u0259 g\u0259ldiyini s\u00f6yl\u0259yib.<\/p>\n<p>Co\u011frafiya \u00fczr\u0259 elml\u0259r doktoru Zakir Eminov &#8220;Az\u0259rbaycanda \u0259halinin h\u0259yat keyfiyy\u0259ti v\u0259 onun demoqrafiq inki\u015fafa t\u0259siri&#8221; m\u00f6vzusu il\u0259 \u00e7\u0131x\u0131\u015f edib. T\u0259dqiqat\u00e7\u0131 Az\u0259rbaycanda \u00fcmumi, \u015f\u0259h\u0259r v\u0259 k\u0259nd \u0259halisinin min n\u0259f\u0259r\u0259 g\u00f6r\u0259 v\u0259 onun iqtisadi rayonlar \u00fczr\u0259 say art\u0131m\u0131n\u0131 g\u00f6st\u0259rib, bu rayonlar\u0131n urbanizasiya s\u0259viyy\u0259sini, h\u0259r 1000 n\u0259f\u0259r\u0259 g\u00f6r\u0259 \u0259halinin do\u011fum, \u00f6l\u00fcm v\u0259 t\u0259bii art\u0131m, n\u0259silverm\u0259, u\u015faq v\u0259 ana \u00f6l\u00fcm\u00fc \u0259msallar\u0131n\u0131 d\u0259qiql\u0259\u015fdirib.<\/p>\n<p>Z.Eminovun s\u00f6zl\u0259rin\u0259 g\u00f6r\u0259, \u00f6lk\u0259d\u0259 h\u0259r il sa\u011f do\u011fulan 1000 u\u015fa\u011fa g\u00f6r\u0259 \u00f6l\u00fcm \u0259msal\u0131n\u0131n \u0259n y\u00fcks\u0259k s\u0259viyy\u0259si 10 n\u0259f\u0259r oldu\u011fu halda, 2017-ci ild\u0259 bu g\u00f6st\u0259rici \u00fcmum\u0259n 11.1, \u015f\u0259h\u0259r \u0259halisi aras\u0131nda 18.7, Bak\u0131da 16.0 olmu\u015f, h\u0259min ild\u0259 1 ya\u015fa q\u0259d\u0259r \u00f6l\u0259n u\u015faqlar\u0131n say\u0131 \u00f6lk\u0259d\u0259 1700-\u0259 \u00e7at\u0131b, onlardan 1363-\u00fc \u015f\u0259h\u0259r \u0259halisi aras\u0131nda, o c\u00fcml\u0259d\u0259n 499-u Bak\u0131 \u015f\u0259h\u0259rind\u0259 qeyd\u0259 al\u0131n\u0131b.<\/p>\n","protected":false},"excerpt":{"rendered":"<p>\u0130qlimin istil\u0259\u015fm\u0259si n\u0259tic\u0259sind\u0259 X\u0259z\u0259rd\u0259 buxarlanma artacaq. ARANTV.AZ\u00a0\u00a0Trend-\u0259 istinad\u0259n x\u0259b\u0259r verir ki, bunu AMEA Co\u011frafiya \u0130nstitutunun direktoru v\u0259 Co\u011frafiya C\u0259miyy\u0259tinin prezidenti akademik Ramiz M\u0259mm\u0259dov &#8220;Az\u0259rbaycan\u0131n arid regionlarinda t\u0259bii-t\u0259s\u0259rr\u00fcfat sisteml\u0259rinin t\u0259\u015fkili v\u0259 idar\u0259 olunmas\u0131&#8221; m\u00f6vzusunda elmi-praktiki konfransda deyib. Onun s\u00f6zl\u0259rin\u0259 g\u00f6r\u0259, iqlimin istil\u0259\u015fm\u0259si n\u0259tic\u0259sind\u0259 m\u0259hsuldarl\u0131q azalacaq, torpaqda kimy\u0259vi v\u0259 biokimy\u0259vi prosesl\u0259rin s\u00fcr\u0259tl\u0259nm\u0259sin\u0259 g\u00f6r\u0259 bitki \u00f6rt\u00fcy\u00fc azalacaq, \u015foranla\u015fm\u0131\u015f \u0259razil\u0259rin sah\u0259si v\u0259 s\u0259hrala\u015fma prosesi artacaq, su q\u0131tl\u0131\u011f\u0131 yaranacaq. Ya\u011f\u0131nt\u0131lar azald\u0131\u011f\u0131ndan \u00e7aylar\u0131n suyu azalacaq. R.M\u0259mm\u0259dov qeyd edib ki, iqlimin istil\u0259\u015fm\u0259si n\u0259tic\u0259sind\u0259 K\u00fcr-Araz oval\u0131\u011f\u0131nda quraql\u0131\u011f\u0131n 50-60 g\u00fcnd\u0259n \u00e7ox olmas\u0131 ehtimal\u0131 yaranacaq. O, bu n\u0259tic\u0259l\u0259r\u0259 apard\u0131\u011f\u0131 elmi&hellip;<\/p>\n","protected":false},"author":2,"featured_media":95404,"comment_status":"closed","ping_status":"closed","sticky":false,"template":"","format":"standard","meta":{"om_disable_all_campaigns":false,"_monsterinsights_skip_tracking":false,"_monsterinsights_sitenote_active":false,"_monsterinsights_sitenote_note":"","_monsterinsights_sitenote_category":0},"categories":[1],"tags":[],"aioseo_notices":[],"gutentor_comment":0,"rttpg_featured_image_url":{"full":["https:\/\/arantv.az\/wp-content\/uploads\/2019\/11\/801702.jpg",800,600,false],"landscape":["https:\/\/arantv.az\/wp-content\/uploads\/2019\/11\/801702.jpg",800,600,false],"portraits":["https:\/\/arantv.az\/wp-content\/uploads\/2019\/11\/801702.jpg",800,600,false],"thumbnail":["https:\/\/arantv.az\/wp-content\/uploads\/2019\/11\/801702-150x150.jpg",150,150,true],"medium":["https:\/\/arantv.az\/wp-content\/uploads\/2019\/11\/801702-300x225.jpg",300,225,true],"large":["https:\/\/arantv.az\/wp-content\/uploads\/2019\/11\/801702.jpg",640,480,false],"1536x1536":["https:\/\/arantv.az\/wp-content\/uploads\/2019\/11\/801702.jpg",800,600,false],"2048x2048":["https:\/\/arantv.az\/wp-content\/uploads\/2019\/11\/801702.jpg",800,600,false],"post-thumbnail":["https:\/\/arantv.az\/wp-content\/uploads\/2019\/11\/801702-240x172.jpg",240,172,true],"advps-thumb-one":["https:\/\/arantv.az\/wp-content\/uploads\/2019\/11\/801702.jpg",800,600,false]},"rttpg_author":{"display_name":"V\u00fcsal Rafiqo\u011flu","author_link":"https:\/\/arantv.az\/?author=2"},"rttpg_comment":0,"rttpg_category":"<a href=\"https:\/\/arantv.az\/?cat=1\" rel=\"category\">C\u0259miyy\u0259t<\/a>","rttpg_excerpt":"\u0130qlimin istil\u0259\u015fm\u0259si n\u0259tic\u0259sind\u0259 X\u0259z\u0259rd\u0259 buxarlanma artacaq. ARANTV.AZ\u00a0\u00a0Trend-\u0259 istinad\u0259n x\u0259b\u0259r verir ki, bunu AMEA Co\u011frafiya \u0130nstitutunun direktoru v\u0259 Co\u011frafiya C\u0259miyy\u0259tinin prezidenti akademik Ramiz M\u0259mm\u0259dov &#8220;Az\u0259rbaycan\u0131n arid regionlarinda t\u0259bii-t\u0259s\u0259rr\u00fcfat sisteml\u0259rinin t\u0259\u015fkili v\u0259 idar\u0259 olunmas\u0131&#8221; m\u00f6vzusunda elmi-praktiki konfransda deyib. Onun s\u00f6zl\u0259rin\u0259 g\u00f6r\u0259, iqlimin istil\u0259\u015fm\u0259si n\u0259tic\u0259sind\u0259 m\u0259hsuldarl\u0131q azalacaq, torpaqda kimy\u0259vi v\u0259 biokimy\u0259vi prosesl\u0259rin s\u00fcr\u0259tl\u0259nm\u0259sin\u0259 g\u00f6r\u0259 bitki \u00f6rt\u00fcy\u00fc azalacaq, \u015foranla\u015fm\u0131\u015f&hellip;","_links":{"self":[{"href":"https:\/\/arantv.az\/index.php?rest_route=\/wp\/v2\/posts\/95403"}],"collection":[{"href":"https:\/\/arantv.az\/index.php?rest_route=\/wp\/v2\/posts"}],"about":[{"href":"https:\/\/arantv.az\/index.php?rest_route=\/wp\/v2\/types\/post"}],"author":[{"embeddable":true,"href":"https:\/\/arantv.az\/index.php?rest_route=\/wp\/v2\/users\/2"}],"replies":[{"embeddable":true,"href":"https:\/\/arantv.az\/index.php?rest_route=%2Fwp%2Fv2%2Fcomments&post=95403"}],"version-history":[{"count":0,"href":"https:\/\/arantv.az\/index.php?rest_route=\/wp\/v2\/posts\/95403\/revisions"}],"wp:featuredmedia":[{"embeddable":true,"href":"https:\/\/arantv.az\/index.php?rest_route=\/wp\/v2\/media\/95404"}],"wp:attachment":[{"href":"https:\/\/arantv.az\/index.php?rest_route=%2Fwp%2Fv2%2Fmedia&parent=95403"}],"wp:term":[{"taxonomy":"category","embeddable":true,"href":"https:\/\/arantv.az\/index.php?rest_route=%2Fwp%2Fv2%2Fcategories&post=95403"},{"taxonomy":"post_tag","embeddable":true,"href":"https:\/\/arantv.az\/index.php?rest_route=%2Fwp%2Fv2%2Ftags&post=95403"}],"curies":[{"name":"wp","href":"https:\/\/api.w.org\/{rel}","templated":true}]}}