{"id":95419,"date":"2019-11-12T15:24:41","date_gmt":"2019-11-12T12:24:41","guid":{"rendered":"http:\/\/arantv.az\/?p=95419"},"modified":"2019-11-12T15:24:41","modified_gmt":"2019-11-12T12:24:41","slug":"prezidentd%c9%99n-icra-bascilarina-catismayan-c%c9%99h%c9%99tl%c9%99ri-uz%c9%99-cixarmalisiniz","status":"publish","type":"post","link":"https:\/\/arantv.az\/?p=95419","title":{"rendered":"Prezidentd\u0259n icra ba\u015f\u00e7\u0131lar\u0131na: \u00c7at\u0131\u015fmayan c\u0259h\u0259tl\u0259ri \u00fcz\u0259 \u00e7\u0131xarmal\u0131s\u0131n\u0131z"},"content":{"rendered":"<p>Bu g\u00fcn kadr islahatlar\u0131n\u0131n yeni d\u00f6vr\u00fcd\u00fcr. Bu g\u00fcn bir ne\u00e7\u0259 rayona icra ba\u015f\u00e7\u0131lar\u0131 t\u0259yin olunur. Onlar\u0131n b\u0259zil\u0259ri art\u0131q ne\u00e7\u0259 ildir ki, icra ba\u015f\u00e7\u0131s\u0131 v\u0259zif\u0259sind\u0259 i\u015fl\u0259yirl\u0259r, b\u0259zil\u0259ri bu g\u00fcn bu m\u0259sul v\u0259zif\u0259y\u0259 t\u0259yin olunurlar. Biz burada t\u0259cr\u00fcb\u0259 il\u0259 yeniliyin sintezini, v\u0259hd\u0259tini g\u00f6r\u00fcr\u00fck v\u0259 bu, u\u011furlar\u0131m\u0131z\u0131n \u0259sas bazas\u0131d\u0131r.<\/p>\n<p><b>ARANTV.AZ\u00a0<\/b> x\u0259b\u0259r verir ki, bunu Az\u0259rbaycan Respublikas\u0131n\u0131n Prezidenti \u0130lham \u018fliyev \u0130lqar Abbasovu \u015eirvan \u015f\u0259h\u0259r, M\u0259rdan Camalovu Z\u0259rdab, \u018fziz \u018fzizovu Bak\u0131n\u0131n Suraxan\u0131, El\u015fad H\u0259s\u0259novu Yasamal, Rafiq Quliyevi X\u0259tai rayonlar\u0131n\u0131n icra hakimiyy\u0259tl\u0259rinin ba\u015f\u00e7\u0131lar\u0131 v\u0259zif\u0259l\u0259rin\u0259 t\u0259yin olunmalar\u0131 il\u0259 ba\u011fl\u0131 q\u0259bul ed\u0259rk\u0259n deyib.<\/p>\n<p>D\u00f6vl\u0259t ba\u015f\u00e7\u0131s\u0131 qeyd edib ki, onlar v\u0259ziyy\u0259ti d\u00fczg\u00fcn qiym\u0259tl\u0259ndirm\u0259lidirl\u0259r:<\/p>\n<div id=\"AdviadNativeVideo0\" class=\"AdviadNativeVideo\"><\/div>\n<p>\u201cYeni t\u0259yin olunan icra ba\u015f\u00e7\u0131lar\u0131na m\u0259nim s\u00f6z\u00fcm odur ki, siz, ilk n\u00f6vb\u0259d\u0259, v\u0259ziyy\u0259ti d\u00fczg\u00fcn qiym\u0259tl\u0259ndirm\u0259lisiniz, \u00e7ox ciddi t\u0259hlil aparmal\u0131s\u0131n\u0131z, \u00e7at\u0131\u015fmayan c\u0259h\u0259tl\u0259ri \u00fcz\u0259 \u00e7\u0131xarmal\u0131s\u0131n\u0131z v\u0259 m\u00f6vcud olan probleml\u0259rin h\u0259lli \u00fc\u00e7\u00fcn s\u0259yl\u0259rinizi g\u00f6st\u0259rm\u0259lisiniz.<\/p>\n<p>O probleml\u0259r ki, h\u0259lli m\u0259rk\u0259zi icra orqanlar\u0131ndan as\u0131l\u0131d\u0131r, siz m\u00fctl\u0259q m\u0259rk\u0259zi icra orqanlar\u0131na, Prezident Administrasiyas\u0131na, Nazirl\u0259r Kabinetin\u0259, dig\u0259r m\u00fcvafiq qurumlara m\u00fcraci\u0259t etm\u0259lisiniz. O m\u0259s\u0259l\u0259l\u0259ri ki, \u00f6z\u00fcn\u00fcz h\u0259ll ed\u0259 bil\u0259rsiniz, \u00f6z\u00fcn\u00fcz d\u0259 h\u0259ll etm\u0259lisiniz.<\/p>\n<p>Ba\u015fl\u0131ca m\u0259s\u0259l\u0259 ondan ibar\u0259tdir ki, sizin i\u015finizd\u0259 \u0259sas prinsipl\u0259r b\u0259rq\u0259rar olsun. Birinci halda l\u0259yaq\u0259tl\u0259 xidm\u0259t etm\u0259lisiniz. Bu, h\u0259m bu g\u00fcn yeni t\u0259yin olunan icra ba\u015f\u00e7\u0131lar\u0131na, h\u0259m d\u0259 art\u0131q icra ba\u015f\u00e7\u0131s\u0131 v\u0259zif\u0259sind\u0259 i\u015fl\u0259mi\u015f v\u0259 dig\u0259r rayon v\u0259 \u015f\u0259h\u0259rl\u0259r\u0259 g\u00f6nd\u0259ril\u0259n icra ba\u015f\u00e7\u0131lar\u0131na aiddir.<\/p>\n<p>Xalqa xidm\u0259t etm\u0259k h\u0259r bir d\u00f6vl\u0259t m\u0259murunun borcudur v\u0259 d\u0259f\u0259l\u0259rl\u0259 demi\u015f\u0259m ki, m\u0259n Prezident kimi \u00f6z v\u0259zif\u0259mi bunda g\u00f6r\u00fcr\u0259m \u2013 xalqa xidm\u0259t etm\u0259k. M\u0259hz bu xidm\u0259t\u0259 g\u00f6r\u0259 Az\u0259rbaycan \u0259halisi biz\u0259 \u00e7ox b\u00f6y\u00fck d\u0259st\u0259k g\u00f6st\u0259rir.<\/p>\n<p>Yen\u0259 d\u0259 Davos \u0130qtisadi Forumunun hesabat\u0131na qay\u0131tmaq ist\u0259yir\u0259m. Orada g\u00f6st\u0259rilir ki, hakimiyy\u0259tin d\u0259yi\u015fiklikl\u0259r\u0259, islahatlara meyili v\u0259 \u0259hali t\u0259r\u0259find\u0259n r\u0259hb\u0259rliy\u0259 olan d\u0259st\u0259k sah\u0259sind\u0259 Az\u0259rbaycan d\u00fcnya miqyas\u0131nda birinci onlu\u011fa daxil edilib. Bu d\u0259st\u0259k n\u0259yin hesab\u0131nad\u0131r? Ona g\u00f6r\u0259 ki, xalqa xidm\u0259t etm\u0259k m\u0259nim borcumdur v\u0259 bundan sonra da \u0259sas borcum olaraq qalacaq\u201d.Oxu.Az<\/p>\n","protected":false},"excerpt":{"rendered":"<p>Bu g\u00fcn kadr islahatlar\u0131n\u0131n yeni d\u00f6vr\u00fcd\u00fcr. Bu g\u00fcn bir ne\u00e7\u0259 rayona icra ba\u015f\u00e7\u0131lar\u0131 t\u0259yin olunur. Onlar\u0131n b\u0259zil\u0259ri art\u0131q ne\u00e7\u0259 ildir ki, icra ba\u015f\u00e7\u0131s\u0131 v\u0259zif\u0259sind\u0259 i\u015fl\u0259yirl\u0259r, b\u0259zil\u0259ri bu g\u00fcn bu m\u0259sul v\u0259zif\u0259y\u0259 t\u0259yin olunurlar. Biz burada t\u0259cr\u00fcb\u0259 il\u0259 yeniliyin sintezini, v\u0259hd\u0259tini g\u00f6r\u00fcr\u00fck v\u0259 bu, u\u011furlar\u0131m\u0131z\u0131n \u0259sas bazas\u0131d\u0131r. ARANTV.AZ\u00a0 x\u0259b\u0259r verir ki, bunu Az\u0259rbaycan Respublikas\u0131n\u0131n Prezidenti \u0130lham \u018fliyev \u0130lqar Abbasovu \u015eirvan \u015f\u0259h\u0259r, M\u0259rdan Camalovu Z\u0259rdab, \u018fziz \u018fzizovu Bak\u0131n\u0131n Suraxan\u0131, El\u015fad H\u0259s\u0259novu Yasamal, Rafiq Quliyevi X\u0259tai rayonlar\u0131n\u0131n icra hakimiyy\u0259tl\u0259rinin ba\u015f\u00e7\u0131lar\u0131 v\u0259zif\u0259l\u0259rin\u0259 t\u0259yin olunmalar\u0131 il\u0259 ba\u011fl\u0131 q\u0259bul ed\u0259rk\u0259n deyib. D\u00f6vl\u0259t ba\u015f\u00e7\u0131s\u0131 qeyd edib ki,&hellip;<\/p>\n","protected":false},"author":2,"featured_media":95420,"comment_status":"closed","ping_status":"closed","sticky":false,"template":"","format":"standard","meta":{"om_disable_all_campaigns":false,"_monsterinsights_skip_tracking":false,"_monsterinsights_sitenote_active":false,"_monsterinsights_sitenote_note":"","_monsterinsights_sitenote_category":0},"categories":[4],"tags":[],"aioseo_notices":[],"gutentor_comment":0,"rttpg_featured_image_url":{"full":["https:\/\/arantv.az\/wp-content\/uploads\/2019\/11\/prezident-1.jpg",620,389,false],"landscape":["https:\/\/arantv.az\/wp-content\/uploads\/2019\/11\/prezident-1.jpg",620,389,false],"portraits":["https:\/\/arantv.az\/wp-content\/uploads\/2019\/11\/prezident-1.jpg",620,389,false],"thumbnail":["https:\/\/arantv.az\/wp-content\/uploads\/2019\/11\/prezident-1-150x150.jpg",150,150,true],"medium":["https:\/\/arantv.az\/wp-content\/uploads\/2019\/11\/prezident-1-300x188.jpg",300,188,true],"large":["https:\/\/arantv.az\/wp-content\/uploads\/2019\/11\/prezident-1.jpg",620,389,false],"1536x1536":["https:\/\/arantv.az\/wp-content\/uploads\/2019\/11\/prezident-1.jpg",620,389,false],"2048x2048":["https:\/\/arantv.az\/wp-content\/uploads\/2019\/11\/prezident-1.jpg",620,389,false],"post-thumbnail":["https:\/\/arantv.az\/wp-content\/uploads\/2019\/11\/prezident-1-240x172.jpg",240,172,true],"advps-thumb-one":["https:\/\/arantv.az\/wp-content\/uploads\/2019\/11\/prezident-1.jpg",620,389,false]},"rttpg_author":{"display_name":"V\u00fcsal Rafiqo\u011flu","author_link":"https:\/\/arantv.az\/?author=2"},"rttpg_comment":0,"rttpg_category":"<a href=\"https:\/\/arantv.az\/?cat=4\" rel=\"category\">Siyas\u0259t<\/a>","rttpg_excerpt":"Bu g\u00fcn kadr islahatlar\u0131n\u0131n yeni d\u00f6vr\u00fcd\u00fcr. Bu g\u00fcn bir ne\u00e7\u0259 rayona icra ba\u015f\u00e7\u0131lar\u0131 t\u0259yin olunur. Onlar\u0131n b\u0259zil\u0259ri art\u0131q ne\u00e7\u0259 ildir ki, icra ba\u015f\u00e7\u0131s\u0131 v\u0259zif\u0259sind\u0259 i\u015fl\u0259yirl\u0259r, b\u0259zil\u0259ri bu g\u00fcn bu m\u0259sul v\u0259zif\u0259y\u0259 t\u0259yin olunurlar. Biz burada t\u0259cr\u00fcb\u0259 il\u0259 yeniliyin sintezini, v\u0259hd\u0259tini g\u00f6r\u00fcr\u00fck v\u0259 bu, u\u011furlar\u0131m\u0131z\u0131n \u0259sas bazas\u0131d\u0131r. ARANTV.AZ\u00a0 x\u0259b\u0259r verir ki, bunu Az\u0259rbaycan Respublikas\u0131n\u0131n Prezidenti \u0130lham&hellip;","_links":{"self":[{"href":"https:\/\/arantv.az\/index.php?rest_route=\/wp\/v2\/posts\/95419"}],"collection":[{"href":"https:\/\/arantv.az\/index.php?rest_route=\/wp\/v2\/posts"}],"about":[{"href":"https:\/\/arantv.az\/index.php?rest_route=\/wp\/v2\/types\/post"}],"author":[{"embeddable":true,"href":"https:\/\/arantv.az\/index.php?rest_route=\/wp\/v2\/users\/2"}],"replies":[{"embeddable":true,"href":"https:\/\/arantv.az\/index.php?rest_route=%2Fwp%2Fv2%2Fcomments&post=95419"}],"version-history":[{"count":0,"href":"https:\/\/arantv.az\/index.php?rest_route=\/wp\/v2\/posts\/95419\/revisions"}],"wp:featuredmedia":[{"embeddable":true,"href":"https:\/\/arantv.az\/index.php?rest_route=\/wp\/v2\/media\/95420"}],"wp:attachment":[{"href":"https:\/\/arantv.az\/index.php?rest_route=%2Fwp%2Fv2%2Fmedia&parent=95419"}],"wp:term":[{"taxonomy":"category","embeddable":true,"href":"https:\/\/arantv.az\/index.php?rest_route=%2Fwp%2Fv2%2Fcategories&post=95419"},{"taxonomy":"post_tag","embeddable":true,"href":"https:\/\/arantv.az\/index.php?rest_route=%2Fwp%2Fv2%2Ftags&post=95419"}],"curies":[{"name":"wp","href":"https:\/\/api.w.org\/{rel}","templated":true}]}}