{"id":95427,"date":"2019-11-12T15:30:35","date_gmt":"2019-11-12T12:30:35","guid":{"rendered":"http:\/\/arantv.az\/?p=95427"},"modified":"2019-11-12T15:30:35","modified_gmt":"2019-11-12T12:30:35","slug":"ilham-%c9%99liyev-ozunu-muxalif%c9%99t-adlandiran-antimilli-tamamil%c9%99-r%c9%99zil-olmus-qorxaq-d%c9%99st%c9%99-bu-isl%c9%99rd%c9%99-on-siralardir","status":"publish","type":"post","link":"https:\/\/arantv.az\/?p=95427","title":{"rendered":"\u0130lham \u018fliyev: \u00d6z\u00fcn\u00fc m\u00fcxalif\u0259t adland\u0131ran antimilli, tamamil\u0259 r\u0259zil olmu\u015f qorxaq d\u0259st\u0259 bu i\u015fl\u0259rd\u0259 \u00f6n s\u0131ralard\u0131r"},"content":{"rendered":"<p>B\u0259z\u0259n hans\u0131sa \u015f\u0259xsi z\u0259mind\u0259 d\u00f6vl\u0259t m\u0259murlar\u0131na qar\u015f\u0131 \u0259sass\u0131z ittihamlar ir\u0259li s\u00fcr\u00fcl\u00fcr.<\/p>\n<p>Bu fikirl\u0259ri Az\u0259rbaycan Respublikas\u0131n\u0131n Prezidenti \u0130lham \u018fliyev yeni t\u0259yin olunmu\u015f icra ba\u015f\u00e7\u0131lar\u0131 il\u0259 g\u00f6r\u00fc\u015f\u00fcnd\u0259\u00a0<a href=\"https:\/\/azertag.az\/xeber\/Prezident_Ilham_Aliyev_Sirvan_seher_Zerdab_Bakinin_Suraxani_Yasamal_Xetai_rayonlarina_yeni_teyin_olunan_icra_hakimiyyeti_baschilarini_qebul_edib-1353967\" target=\"_blank\" rel=\"noopener\">deyib<\/a>:<\/p>\n<p>\u201cX\u00fcsusil\u0259 \u00f6z\u00fcn\u00fc m\u00fcxalif\u0259t adland\u0131ran antimilli v\u0259 tamamil\u0259 r\u0259zil olmu\u015f qorxaq d\u0259st\u0259 bu i\u015fl\u0259rd\u0259 \u00f6n s\u0131ralardad\u0131r. \u00c7\u00fcnki onlar\u0131n \u0259lind\u0259n he\u00e7 n\u0259 g\u0259lmir. Onlar\u0131n i\u015fi ancaq qarayaxma kampaniyalar\u0131 aparmaq v\u0259 bizim i\u015fimiz\u0259 mane\u00e7ilik t\u00f6r\u0259tm\u0259y\u0259 c\u0259hd g\u00f6st\u0259rm\u0259kdir.<\/p>\n<div id=\"AdviadNativeVideo0\" class=\"AdviadNativeVideo\"><\/div>\n<p>Ancaq tarix v\u0259 h\u0259qiq\u0259t onu g\u00f6st\u0259rir ki, aya\u011f\u0131m\u0131za dola\u015fmaq ist\u0259y\u0259n bu antimilli qorxaq d\u0259st\u0259 bizim i\u015fimiz\u0259 z\u0259rr\u0259 q\u0259d\u0259r ziyan vura bilm\u0259z. \u0130ndi onlar ancaq sosial \u015f\u0259b\u0259k\u0259l\u0259rd\u0259n, b\u0259zi internet resurslar\u0131ndan istifad\u0259 ed\u0259r\u0259k d\u00f6vl\u0259t m\u0259murlar\u0131na qar\u015f\u0131 qarayaxma kampaniyas\u0131 apar\u0131rlar.<\/p>\n<p>Ona g\u00f6r\u0259 yerl\u0259rd\u0259n g\u0259l\u0259n h\u0259r bir siqnala obyektiv bax\u0131lacaq v\u0259 sizin f\u0259aliyy\u0259tiniz\u0259 obyektiv qiym\u0259t veril\u0259c\u0259k. Ona g\u00f6r\u0259 siz el\u0259 i\u015fl\u0259m\u0259lisiniz ki, v\u0259t\u0259nda\u015flar sizd\u0259n raz\u0131 olsunlar, r\u0259hb\u0259rlik ed\u0259c\u0259yiniz \u015f\u0259h\u0259r v\u0259 rayonlarda i\u015fl\u0259r yax\u015f\u0131 getsin.<\/p>\n<p>Siz \u00e7al\u0131\u015fmal\u0131s\u0131n\u0131z ki, rayonlara s\u0259rmay\u0259 qoyulsun, investorlar\u0131 inand\u0131rmaq \u00fc\u00e7\u00fcn s\u0259yl\u0259r g\u00f6st\u0259rm\u0259lisiniz. Y\u0259ni, g\u00f6zl\u0259m\u0259m\u0259lisiniz ki, d\u00f6vl\u0259t g\u0259lib hans\u0131sa i\u015fi g\u00f6r\u0259c\u0259k, onsuz da biz bunu g\u00f6r\u00fcr\u00fck.<\/p>\n<p>Haz\u0131rda 4-c\u00fc regional inki\u015faf proqram\u0131n\u0131n icras\u0131 davam edir. \u018fmin\u0259m ki, n\u00f6vb\u0259ti 4 il \u0259rzind\u0259 bu g\u00fcn\u0259 q\u0259d\u0259r \u00f6z h\u0259llini tapmam\u0131\u015f m\u0259s\u0259l\u0259l\u0259r d\u0259 \u00f6z h\u0259llini tapacaq. Ancaq siz h\u0259r bir rayonda m\u00f6vcud olan probleml\u0259r\u0259 diqq\u0259t g\u00f6st\u0259rm\u0259lisiniz, reaksiya verm\u0259lisiniz v\u0259 \u00e7al\u0131\u015fmal\u0131s\u0131n\u0131z ki, bu m\u0259s\u0259l\u0259l\u0259r \u00f6z h\u0259llini taps\u0131n\u201d.<\/p>\n","protected":false},"excerpt":{"rendered":"<p>B\u0259z\u0259n hans\u0131sa \u015f\u0259xsi z\u0259mind\u0259 d\u00f6vl\u0259t m\u0259murlar\u0131na qar\u015f\u0131 \u0259sass\u0131z ittihamlar ir\u0259li s\u00fcr\u00fcl\u00fcr. Bu fikirl\u0259ri Az\u0259rbaycan Respublikas\u0131n\u0131n Prezidenti \u0130lham \u018fliyev yeni t\u0259yin olunmu\u015f icra ba\u015f\u00e7\u0131lar\u0131 il\u0259 g\u00f6r\u00fc\u015f\u00fcnd\u0259\u00a0deyib: \u201cX\u00fcsusil\u0259 \u00f6z\u00fcn\u00fc m\u00fcxalif\u0259t adland\u0131ran antimilli v\u0259 tamamil\u0259 r\u0259zil olmu\u015f qorxaq d\u0259st\u0259 bu i\u015fl\u0259rd\u0259 \u00f6n s\u0131ralardad\u0131r. \u00c7\u00fcnki onlar\u0131n \u0259lind\u0259n he\u00e7 n\u0259 g\u0259lmir. Onlar\u0131n i\u015fi ancaq qarayaxma kampaniyalar\u0131 aparmaq v\u0259 bizim i\u015fimiz\u0259 mane\u00e7ilik t\u00f6r\u0259tm\u0259y\u0259 c\u0259hd g\u00f6st\u0259rm\u0259kdir. Ancaq tarix v\u0259 h\u0259qiq\u0259t onu g\u00f6st\u0259rir ki, aya\u011f\u0131m\u0131za dola\u015fmaq ist\u0259y\u0259n bu antimilli qorxaq d\u0259st\u0259 bizim i\u015fimiz\u0259 z\u0259rr\u0259 q\u0259d\u0259r ziyan vura bilm\u0259z. \u0130ndi onlar ancaq sosial \u015f\u0259b\u0259k\u0259l\u0259rd\u0259n, b\u0259zi internet resurslar\u0131ndan istifad\u0259 ed\u0259r\u0259k&hellip;<\/p>\n","protected":false},"author":2,"featured_media":95428,"comment_status":"closed","ping_status":"closed","sticky":false,"template":"","format":"standard","meta":{"om_disable_all_campaigns":false,"_monsterinsights_skip_tracking":false,"_monsterinsights_sitenote_active":false,"_monsterinsights_sitenote_note":"","_monsterinsights_sitenote_category":0},"categories":[8],"tags":[],"aioseo_notices":[],"gutentor_comment":0,"rttpg_featured_image_url":{"full":["https:\/\/arantv.az\/wp-content\/uploads\/2019\/11\/15735602855650619920_1000x669.jpg",620,404,false],"landscape":["https:\/\/arantv.az\/wp-content\/uploads\/2019\/11\/15735602855650619920_1000x669.jpg",620,404,false],"portraits":["https:\/\/arantv.az\/wp-content\/uploads\/2019\/11\/15735602855650619920_1000x669.jpg",620,404,false],"thumbnail":["https:\/\/arantv.az\/wp-content\/uploads\/2019\/11\/15735602855650619920_1000x669-150x150.jpg",150,150,true],"medium":["https:\/\/arantv.az\/wp-content\/uploads\/2019\/11\/15735602855650619920_1000x669-300x195.jpg",300,195,true],"large":["https:\/\/arantv.az\/wp-content\/uploads\/2019\/11\/15735602855650619920_1000x669.jpg",620,404,false],"1536x1536":["https:\/\/arantv.az\/wp-content\/uploads\/2019\/11\/15735602855650619920_1000x669.jpg",620,404,false],"2048x2048":["https:\/\/arantv.az\/wp-content\/uploads\/2019\/11\/15735602855650619920_1000x669.jpg",620,404,false],"post-thumbnail":["https:\/\/arantv.az\/wp-content\/uploads\/2019\/11\/15735602855650619920_1000x669-240x172.jpg",240,172,true],"advps-thumb-one":["https:\/\/arantv.az\/wp-content\/uploads\/2019\/11\/15735602855650619920_1000x669.jpg",620,404,false]},"rttpg_author":{"display_name":"V\u00fcsal Rafiqo\u011flu","author_link":"https:\/\/arantv.az\/?author=2"},"rttpg_comment":0,"rttpg_category":"<a href=\"https:\/\/arantv.az\/?cat=8\" rel=\"category\">\u018fsas s\u0259hif\u0259<\/a>","rttpg_excerpt":"B\u0259z\u0259n hans\u0131sa \u015f\u0259xsi z\u0259mind\u0259 d\u00f6vl\u0259t m\u0259murlar\u0131na qar\u015f\u0131 \u0259sass\u0131z ittihamlar ir\u0259li s\u00fcr\u00fcl\u00fcr. Bu fikirl\u0259ri Az\u0259rbaycan Respublikas\u0131n\u0131n Prezidenti \u0130lham \u018fliyev yeni t\u0259yin olunmu\u015f icra ba\u015f\u00e7\u0131lar\u0131 il\u0259 g\u00f6r\u00fc\u015f\u00fcnd\u0259\u00a0deyib: \u201cX\u00fcsusil\u0259 \u00f6z\u00fcn\u00fc m\u00fcxalif\u0259t adland\u0131ran antimilli v\u0259 tamamil\u0259 r\u0259zil olmu\u015f qorxaq d\u0259st\u0259 bu i\u015fl\u0259rd\u0259 \u00f6n s\u0131ralardad\u0131r. \u00c7\u00fcnki onlar\u0131n \u0259lind\u0259n he\u00e7 n\u0259 g\u0259lmir. Onlar\u0131n i\u015fi ancaq qarayaxma kampaniyalar\u0131 aparmaq v\u0259 bizim i\u015fimiz\u0259&hellip;","_links":{"self":[{"href":"https:\/\/arantv.az\/index.php?rest_route=\/wp\/v2\/posts\/95427"}],"collection":[{"href":"https:\/\/arantv.az\/index.php?rest_route=\/wp\/v2\/posts"}],"about":[{"href":"https:\/\/arantv.az\/index.php?rest_route=\/wp\/v2\/types\/post"}],"author":[{"embeddable":true,"href":"https:\/\/arantv.az\/index.php?rest_route=\/wp\/v2\/users\/2"}],"replies":[{"embeddable":true,"href":"https:\/\/arantv.az\/index.php?rest_route=%2Fwp%2Fv2%2Fcomments&post=95427"}],"version-history":[{"count":0,"href":"https:\/\/arantv.az\/index.php?rest_route=\/wp\/v2\/posts\/95427\/revisions"}],"wp:featuredmedia":[{"embeddable":true,"href":"https:\/\/arantv.az\/index.php?rest_route=\/wp\/v2\/media\/95428"}],"wp:attachment":[{"href":"https:\/\/arantv.az\/index.php?rest_route=%2Fwp%2Fv2%2Fmedia&parent=95427"}],"wp:term":[{"taxonomy":"category","embeddable":true,"href":"https:\/\/arantv.az\/index.php?rest_route=%2Fwp%2Fv2%2Fcategories&post=95427"},{"taxonomy":"post_tag","embeddable":true,"href":"https:\/\/arantv.az\/index.php?rest_route=%2Fwp%2Fv2%2Ftags&post=95427"}],"curies":[{"name":"wp","href":"https:\/\/api.w.org\/{rel}","templated":true}]}}