{"id":95431,"date":"2019-11-12T15:36:16","date_gmt":"2019-11-12T12:36:16","guid":{"rendered":"http:\/\/arantv.az\/?p=95431"},"modified":"2019-11-12T15:36:16","modified_gmt":"2019-11-12T12:36:16","slug":"prezident-ilham-%c9%99liyev-avtomobil-yollarinin-keyfiyy%c9%99tin%c9%99-gor%c9%99-az%c9%99rbaycan-mdb-d%c9%99-birincidir","status":"publish","type":"post","link":"https:\/\/arantv.az\/?p=95431","title":{"rendered":"Prezident \u0130lham \u018fliyev: &#8220;Avtomobil yollar\u0131n\u0131n keyfiyy\u0259tin\u0259 g\u00f6r\u0259 Az\u0259rbaycan MDB-d\u0259 birincidir&#8221;"},"content":{"rendered":"<blockquote><p><em><strong>Avtomobil yollar\u0131n\u0131n keyfiyy\u0259tin\u0259 g\u00f6r\u0259 Az\u0259rbaycan MDB-d\u0259 birincidir.<\/strong><\/em><\/p><\/blockquote>\n<p><strong>ARANTV.AZ<\/strong>\u00a0\u00a0<a href=\"https:\/\/azertag.az\/\" target=\"_blank\" rel=\"noopener\">AZ\u018fRTAC<\/a>-a istinad\u0259n x\u0259b\u0259r verir ki, bunu Az\u0259rbaycan Prezidenti \u0130lham \u018fliyev \u0130lqar Abbasovu \u015eirvan \u015f\u0259h\u0259r, M\u0259rdan Camalovu Z\u0259rdab, \u018fziz \u018fzizovu Bak\u0131n\u0131n Suraxan\u0131, El\u015fad H\u0259s\u0259novu Yasamal, Rafiq Quliyevi X\u0259tai rayonlar\u0131n\u0131n icra hakimiyy\u0259tl\u0259rinin ba\u015f\u00e7\u0131lar\u0131 v\u0259zif\u0259l\u0259rin\u0259 t\u0259yin olunmalar\u0131 il\u0259 ba\u011fl\u0131 q\u0259bul ed\u0259rk\u0259n deyib.<\/p>\n<p>D\u00f6vl\u0259t ba\u015f\u00e7\u0131s\u0131 bildirib: &#8220;Son ill\u0259rd\u0259 energetika, n\u0259qliyyat sah\u0259l\u0259rind\u0259 qar\u015f\u0131m\u0131zda duran b\u00fct\u00fcn v\u0259zif\u0259l\u0259r icra edildi. Bu v\u0259zif\u0259l\u0259ri icra etm\u0259k \u00fc\u00e7\u00fcn \u00e7ox b\u00f6y\u00fck s\u0259yl\u0259r g\u00f6st\u0259rilmi\u015fdir. \u00c7ox m\u00fcr\u0259kk\u0259b geosiyasi v\u0259ziyy\u0259td\u0259 h\u0259m Bak\u0131-Tbilisi-Ceyhan, h\u0259m d\u0259 Bak\u0131-Tbilisi-\u018frzurum neft-qaz k\u0259m\u0259rl\u0259ri istismara verildi. TANAP kimi tarixi layih\u0259 art\u0131q f\u0259aliyy\u0259td\u0259dir v\u0259 C\u0259nub Qaz D\u0259hlizinin icras\u0131n\u0131n yekunla\u015fmas\u0131na dem\u0259k olar ki, bir il vaxt qal\u0131bd\u0131r. \u0130n\u015fallah, biz bu layih\u0259ni d\u0259 u\u011furla ba\u015fa vuraca\u011f\u0131q.<\/p>\n<p>Az\u0259rbaycanda n\u0259qliyyat infrastrukturu m\u00fcasirl\u0259\u015fir. Yen\u0259 d\u0259 Davos \u00dcmumd\u00fcnya \u0130qtisadi Forumunun son hesabat\u0131na qay\u0131tmaq ist\u0259yir\u0259m. Orada g\u00f6st\u0259rilir ki, d\u0259mir yollar\u0131n\u0131n s\u0259m\u0259r\u0259liliyin\u0259 g\u00f6r\u0259 Az\u0259rbaycan d\u00fcnya miqyas\u0131nda 12-ci yerd\u0259dir, hava n\u0259qliyyat\u0131n\u0131n s\u0259m\u0259r\u0259liliyin\u0259 g\u00f6r\u0259 is\u0259 11-ci yerd\u0259dir. Avtomobil yollar\u0131n\u0131n keyfiyy\u0259tin\u0259 g\u00f6r\u0259 Az\u0259rbaycan d\u00fcnya miqyas\u0131nda 27-ci yerd\u0259dir v\u0259 MDB-d\u0259 birincidir. Y\u0259ni, eyni zamanda, \u015eimal-C\u0259nub v\u0259 \u015e\u0259rq-Q\u0259rb n\u0259qliyyat d\u0259hlizl\u0259rinin f\u0259aliyy\u0259ti d\u0259 b\u00f6y\u00fck d\u0259r\u0259c\u0259d\u0259 bizim u\u011furlu siyas\u0259timizd\u0259n as\u0131l\u0131 idi v\u0259 bu layih\u0259l\u0259r\u0259 art\u0131q start verildi. Az\u0259rbaycan uzunm\u00fcdd\u0259tli formatda bu layih\u0259l\u0259rd\u0259n h\u0259m b\u00f6y\u00fck siyasi, h\u0259m d\u0259 iqtisadi dividendl\u0259r g\u00f6t\u00fcr\u0259c\u0259k&#8221;.<\/p>\n","protected":false},"excerpt":{"rendered":"<p>Avtomobil yollar\u0131n\u0131n keyfiyy\u0259tin\u0259 g\u00f6r\u0259 Az\u0259rbaycan MDB-d\u0259 birincidir. ARANTV.AZ\u00a0\u00a0AZ\u018fRTAC-a istinad\u0259n x\u0259b\u0259r verir ki, bunu Az\u0259rbaycan Prezidenti \u0130lham \u018fliyev \u0130lqar Abbasovu \u015eirvan \u015f\u0259h\u0259r, M\u0259rdan Camalovu Z\u0259rdab, \u018fziz \u018fzizovu Bak\u0131n\u0131n Suraxan\u0131, El\u015fad H\u0259s\u0259novu Yasamal, Rafiq Quliyevi X\u0259tai rayonlar\u0131n\u0131n icra hakimiyy\u0259tl\u0259rinin ba\u015f\u00e7\u0131lar\u0131 v\u0259zif\u0259l\u0259rin\u0259 t\u0259yin olunmalar\u0131 il\u0259 ba\u011fl\u0131 q\u0259bul ed\u0259rk\u0259n deyib. D\u00f6vl\u0259t ba\u015f\u00e7\u0131s\u0131 bildirib: &#8220;Son ill\u0259rd\u0259 energetika, n\u0259qliyyat sah\u0259l\u0259rind\u0259 qar\u015f\u0131m\u0131zda duran b\u00fct\u00fcn v\u0259zif\u0259l\u0259r icra edildi. Bu v\u0259zif\u0259l\u0259ri icra etm\u0259k \u00fc\u00e7\u00fcn \u00e7ox b\u00f6y\u00fck s\u0259yl\u0259r g\u00f6st\u0259rilmi\u015fdir. \u00c7ox m\u00fcr\u0259kk\u0259b geosiyasi v\u0259ziyy\u0259td\u0259 h\u0259m Bak\u0131-Tbilisi-Ceyhan, h\u0259m d\u0259 Bak\u0131-Tbilisi-\u018frzurum neft-qaz k\u0259m\u0259rl\u0259ri istismara verildi. TANAP kimi tarixi layih\u0259 art\u0131q f\u0259aliyy\u0259td\u0259dir v\u0259 C\u0259nub&hellip;<\/p>\n","protected":false},"author":2,"featured_media":95432,"comment_status":"closed","ping_status":"closed","sticky":false,"template":"","format":"standard","meta":{"om_disable_all_campaigns":false,"_monsterinsights_skip_tracking":false,"_monsterinsights_sitenote_active":false,"_monsterinsights_sitenote_note":"","_monsterinsights_sitenote_category":0},"categories":[4],"tags":[],"aioseo_notices":[],"gutentor_comment":0,"rttpg_featured_image_url":{"full":["https:\/\/arantv.az\/wp-content\/uploads\/2019\/11\/2018_ilham_aliyev_01-1.jpg",1200,900,false],"landscape":["https:\/\/arantv.az\/wp-content\/uploads\/2019\/11\/2018_ilham_aliyev_01-1.jpg",1200,900,false],"portraits":["https:\/\/arantv.az\/wp-content\/uploads\/2019\/11\/2018_ilham_aliyev_01-1.jpg",1200,900,false],"thumbnail":["https:\/\/arantv.az\/wp-content\/uploads\/2019\/11\/2018_ilham_aliyev_01-1-150x150.jpg",150,150,true],"medium":["https:\/\/arantv.az\/wp-content\/uploads\/2019\/11\/2018_ilham_aliyev_01-1-300x225.jpg",300,225,true],"large":["https:\/\/arantv.az\/wp-content\/uploads\/2019\/11\/2018_ilham_aliyev_01-1-1024x768.jpg",640,480,true],"1536x1536":["https:\/\/arantv.az\/wp-content\/uploads\/2019\/11\/2018_ilham_aliyev_01-1.jpg",1200,900,false],"2048x2048":["https:\/\/arantv.az\/wp-content\/uploads\/2019\/11\/2018_ilham_aliyev_01-1.jpg",1200,900,false],"post-thumbnail":["https:\/\/arantv.az\/wp-content\/uploads\/2019\/11\/2018_ilham_aliyev_01-1-240x172.jpg",240,172,true],"advps-thumb-one":["https:\/\/arantv.az\/wp-content\/uploads\/2019\/11\/2018_ilham_aliyev_01-1-1200x620.jpg",1200,620,true]},"rttpg_author":{"display_name":"V\u00fcsal Rafiqo\u011flu","author_link":"https:\/\/arantv.az\/?author=2"},"rttpg_comment":0,"rttpg_category":"<a href=\"https:\/\/arantv.az\/?cat=4\" rel=\"category\">Siyas\u0259t<\/a>","rttpg_excerpt":"Avtomobil yollar\u0131n\u0131n keyfiyy\u0259tin\u0259 g\u00f6r\u0259 Az\u0259rbaycan MDB-d\u0259 birincidir. ARANTV.AZ\u00a0\u00a0AZ\u018fRTAC-a istinad\u0259n x\u0259b\u0259r verir ki, bunu Az\u0259rbaycan Prezidenti \u0130lham \u018fliyev \u0130lqar Abbasovu \u015eirvan \u015f\u0259h\u0259r, M\u0259rdan Camalovu Z\u0259rdab, \u018fziz \u018fzizovu Bak\u0131n\u0131n Suraxan\u0131, El\u015fad H\u0259s\u0259novu Yasamal, Rafiq Quliyevi X\u0259tai rayonlar\u0131n\u0131n icra hakimiyy\u0259tl\u0259rinin ba\u015f\u00e7\u0131lar\u0131 v\u0259zif\u0259l\u0259rin\u0259 t\u0259yin olunmalar\u0131 il\u0259 ba\u011fl\u0131 q\u0259bul ed\u0259rk\u0259n deyib. D\u00f6vl\u0259t ba\u015f\u00e7\u0131s\u0131 bildirib: &#8220;Son ill\u0259rd\u0259 energetika, n\u0259qliyyat sah\u0259l\u0259rind\u0259 qar\u015f\u0131m\u0131zda&hellip;","_links":{"self":[{"href":"https:\/\/arantv.az\/index.php?rest_route=\/wp\/v2\/posts\/95431"}],"collection":[{"href":"https:\/\/arantv.az\/index.php?rest_route=\/wp\/v2\/posts"}],"about":[{"href":"https:\/\/arantv.az\/index.php?rest_route=\/wp\/v2\/types\/post"}],"author":[{"embeddable":true,"href":"https:\/\/arantv.az\/index.php?rest_route=\/wp\/v2\/users\/2"}],"replies":[{"embeddable":true,"href":"https:\/\/arantv.az\/index.php?rest_route=%2Fwp%2Fv2%2Fcomments&post=95431"}],"version-history":[{"count":0,"href":"https:\/\/arantv.az\/index.php?rest_route=\/wp\/v2\/posts\/95431\/revisions"}],"wp:featuredmedia":[{"embeddable":true,"href":"https:\/\/arantv.az\/index.php?rest_route=\/wp\/v2\/media\/95432"}],"wp:attachment":[{"href":"https:\/\/arantv.az\/index.php?rest_route=%2Fwp%2Fv2%2Fmedia&parent=95431"}],"wp:term":[{"taxonomy":"category","embeddable":true,"href":"https:\/\/arantv.az\/index.php?rest_route=%2Fwp%2Fv2%2Fcategories&post=95431"},{"taxonomy":"post_tag","embeddable":true,"href":"https:\/\/arantv.az\/index.php?rest_route=%2Fwp%2Fv2%2Ftags&post=95431"}],"curies":[{"name":"wp","href":"https:\/\/api.w.org\/{rel}","templated":true}]}}