{"id":95435,"date":"2019-11-12T15:37:25","date_gmt":"2019-11-12T12:37:25","guid":{"rendered":"http:\/\/arantv.az\/?p=95435"},"modified":"2019-11-12T15:37:25","modified_gmt":"2019-11-12T12:37:25","slug":"az%c9%99rbaycan-prezidenti-dunya-miqyasinda-bizim-siyas%c9%99timiz%c9%99-cox-boyuk-d%c9%99st%c9%99k-var-r%c9%99gb%c9%99t-var","status":"publish","type":"post","link":"https:\/\/arantv.az\/?p=95435","title":{"rendered":"Az\u0259rbaycan Prezidenti: &#8220;D\u00fcnya miqyas\u0131nda bizim siyas\u0259timiz\u0259 \u00e7ox b\u00f6y\u00fck d\u0259st\u0259k var, r\u0259\u011fb\u0259t var&#8221;"},"content":{"rendered":"<blockquote><p><em><strong>D\u00fcnya miqyas\u0131nda bizim siyas\u0259timiz\u0259 \u00e7ox b\u00f6y\u00fck d\u0259st\u0259k var, r\u0259\u011fb\u0259t var.<\/strong><\/em><\/p><\/blockquote>\n<p><strong>ARANTV.AZ<\/strong>\u00a0\u00a0<a href=\"https:\/\/azertag.az\/\" target=\"_blank\" rel=\"noopener\">AZ\u018fRTAC<\/a>-a isinad\u0259n x\u0259b\u0259r verir ki, bunu Az\u0259rbaycan Prezidenti \u0130lham \u018fliyev \u0130lqar Abbasovu \u015eirvan \u015f\u0259h\u0259r, M\u0259rdan Camalovu Z\u0259rdab, \u018fziz \u018fzizovu Bak\u0131n\u0131n Suraxan\u0131, El\u015fad H\u0259s\u0259novu Yasamal, Rafiq Quliyevi X\u0259tai rayonlar\u0131n\u0131n icra hakimiyy\u0259tl\u0259rinin ba\u015f\u00e7\u0131lar\u0131 v\u0259zif\u0259l\u0259rin\u0259 t\u0259yin olunmalar\u0131 il\u0259 ba\u011fl\u0131 q\u0259bul ed\u0259rk\u0259n deyib.<\/p>\n<p>D\u00f6vl\u0259t ba\u015f\u00e7\u0131s\u0131 bildirib: &#8220;B\u00f6y\u00fck infrastruktur layih\u0259l\u0259ri icra edilib v\u0259 bu g\u00fcn \u00f6lk\u0259mizd\u0259 qazla\u015fd\u0131rman\u0131n s\u0259viyy\u0259si 96 faizdir. Elektrik enerjisinin \u0259l\u00e7atanl\u0131q \u0259msal\u0131na g\u00f6r\u0259 Davos \u00dcmumd\u00fcnya \u0130qtisadi Forumu Az\u0259rbaycan\u0131 d\u00fcnya miqyas\u0131nda ikinci yer\u0259 layiq g\u00f6r\u00fcbd\u00fcr. Bu, \u00e7ox b\u00f6y\u00fck nailiyy\u0259tdir. Yollar\u0131n tikintisi &#8211; 15 ild\u0259 15 min kilometr yol \u00e7\u0259kilib, o c\u00fcml\u0259d\u0259n magistral, \u015f\u0259h\u0259rl\u0259raras\u0131, k\u0259nd yollar\u0131 \u00e7\u0259kilib. Dig\u0259r infrastruktur layih\u0259l\u0259ri, o c\u00fcml\u0259d\u0259n sosial infrastrukturla ba\u011fl\u0131 layih\u0259l\u0259r u\u011furla icra edilib, 3200-d\u0259n \u00e7ox m\u0259kt\u0259b, 640-dan \u00e7ox tibb m\u00fc\u0259ssis\u0259si tikilib, yenid\u0259n qurulub, yaxud da ki, t\u0259mir edilib. Y\u0259ni, \u0259ld\u0259 edilmi\u015f b\u00fct\u00fcn bu n\u0259tic\u0259l\u0259ri sadalamaq \u00fc\u00e7\u00fcn saatlarla vaxt laz\u0131m olacaq.<\/p>\n<p>Bildirm\u0259liy\u0259m ki, texnoloji inki\u015faf istiqam\u0259tind\u0259 b\u00f6y\u00fck u\u011furlar \u0259ld\u0259 edilib. Az\u0259rbaycan indi kosmik klubun \u00fczv\u00fcd\u00fcr, \u00fc\u00e7 peykimiz var. Dey\u0259 bil\u0259r\u0259m ki, bu yax\u0131nlarda \u00e7ox g\u0259rgin yar\u0131\u015f n\u0259tic\u0259sind\u0259 Az\u0259rbaycan 2022-ci ild\u0259 D\u00fcnya Astronavtika Konqresin\u0259 ev sahibliyi ed\u0259c\u0259k. M\u0259lumat \u00fc\u00e7\u00fcn bildirm\u0259k ist\u0259yir\u0259m ki, bizim r\u0259qibl\u0259rimiz Rio-de-Janeyro, Dehli v\u0259 Sinqapur \u015f\u0259h\u0259rl\u0259ri idi. Y\u0259ni, bu \u015f\u0259h\u0259rl\u0259rin n\u0259 q\u0259d\u0259r inki\u015faf etmi\u015f \u015f\u0259h\u0259rl\u0259r olmas\u0131 haqq\u0131nda \u0259lav\u0259 s\u00f6zl\u0259r\u0259 ehtiyac yoxdur. Az\u0259rbaycan bu yar\u0131\u015fda da qalib g\u0259ldi. N\u0259yin hesab\u0131na? Ona g\u00f6r\u0259 ki, d\u00fcnya miqyas\u0131nda bizim siyas\u0259timiz\u0259 \u00e7ox b\u00f6y\u00fck d\u0259st\u0259k var, r\u0259\u011fb\u0259t var. Bizim s\u00f6z\u00fcm\u00fczl\u0259 \u0259m\u0259limiz birdir&#8221;.<\/p>\n","protected":false},"excerpt":{"rendered":"<p>D\u00fcnya miqyas\u0131nda bizim siyas\u0259timiz\u0259 \u00e7ox b\u00f6y\u00fck d\u0259st\u0259k var, r\u0259\u011fb\u0259t var. ARANTV.AZ\u00a0\u00a0AZ\u018fRTAC-a isinad\u0259n x\u0259b\u0259r verir ki, bunu Az\u0259rbaycan Prezidenti \u0130lham \u018fliyev \u0130lqar Abbasovu \u015eirvan \u015f\u0259h\u0259r, M\u0259rdan Camalovu Z\u0259rdab, \u018fziz \u018fzizovu Bak\u0131n\u0131n Suraxan\u0131, El\u015fad H\u0259s\u0259novu Yasamal, Rafiq Quliyevi X\u0259tai rayonlar\u0131n\u0131n icra hakimiyy\u0259tl\u0259rinin ba\u015f\u00e7\u0131lar\u0131 v\u0259zif\u0259l\u0259rin\u0259 t\u0259yin olunmalar\u0131 il\u0259 ba\u011fl\u0131 q\u0259bul ed\u0259rk\u0259n deyib. D\u00f6vl\u0259t ba\u015f\u00e7\u0131s\u0131 bildirib: &#8220;B\u00f6y\u00fck infrastruktur layih\u0259l\u0259ri icra edilib v\u0259 bu g\u00fcn \u00f6lk\u0259mizd\u0259 qazla\u015fd\u0131rman\u0131n s\u0259viyy\u0259si 96 faizdir. Elektrik enerjisinin \u0259l\u00e7atanl\u0131q \u0259msal\u0131na g\u00f6r\u0259 Davos \u00dcmumd\u00fcnya \u0130qtisadi Forumu Az\u0259rbaycan\u0131 d\u00fcnya miqyas\u0131nda ikinci yer\u0259 layiq g\u00f6r\u00fcbd\u00fcr. Bu, \u00e7ox b\u00f6y\u00fck nailiyy\u0259tdir. Yollar\u0131n tikintisi &#8211; 15 ild\u0259&hellip;<\/p>\n","protected":false},"author":2,"featured_media":95436,"comment_status":"closed","ping_status":"closed","sticky":false,"template":"","format":"standard","meta":{"om_disable_all_campaigns":false,"_monsterinsights_skip_tracking":false,"_monsterinsights_sitenote_active":false,"_monsterinsights_sitenote_note":"","_monsterinsights_sitenote_category":0},"categories":[4],"tags":[],"aioseo_notices":[],"gutentor_comment":0,"rttpg_featured_image_url":{"full":["https:\/\/arantv.az\/wp-content\/uploads\/2019\/11\/2018_ilham_aliyev_04.jpg",1200,900,false],"landscape":["https:\/\/arantv.az\/wp-content\/uploads\/2019\/11\/2018_ilham_aliyev_04.jpg",1200,900,false],"portraits":["https:\/\/arantv.az\/wp-content\/uploads\/2019\/11\/2018_ilham_aliyev_04.jpg",1200,900,false],"thumbnail":["https:\/\/arantv.az\/wp-content\/uploads\/2019\/11\/2018_ilham_aliyev_04-150x150.jpg",150,150,true],"medium":["https:\/\/arantv.az\/wp-content\/uploads\/2019\/11\/2018_ilham_aliyev_04-300x225.jpg",300,225,true],"large":["https:\/\/arantv.az\/wp-content\/uploads\/2019\/11\/2018_ilham_aliyev_04-1024x768.jpg",640,480,true],"1536x1536":["https:\/\/arantv.az\/wp-content\/uploads\/2019\/11\/2018_ilham_aliyev_04.jpg",1200,900,false],"2048x2048":["https:\/\/arantv.az\/wp-content\/uploads\/2019\/11\/2018_ilham_aliyev_04.jpg",1200,900,false],"post-thumbnail":["https:\/\/arantv.az\/wp-content\/uploads\/2019\/11\/2018_ilham_aliyev_04-240x172.jpg",240,172,true],"advps-thumb-one":["https:\/\/arantv.az\/wp-content\/uploads\/2019\/11\/2018_ilham_aliyev_04-1200x620.jpg",1200,620,true]},"rttpg_author":{"display_name":"V\u00fcsal Rafiqo\u011flu","author_link":"https:\/\/arantv.az\/?author=2"},"rttpg_comment":0,"rttpg_category":"<a href=\"https:\/\/arantv.az\/?cat=4\" rel=\"category\">Siyas\u0259t<\/a>","rttpg_excerpt":"D\u00fcnya miqyas\u0131nda bizim siyas\u0259timiz\u0259 \u00e7ox b\u00f6y\u00fck d\u0259st\u0259k var, r\u0259\u011fb\u0259t var. ARANTV.AZ\u00a0\u00a0AZ\u018fRTAC-a isinad\u0259n x\u0259b\u0259r verir ki, bunu Az\u0259rbaycan Prezidenti \u0130lham \u018fliyev \u0130lqar Abbasovu \u015eirvan \u015f\u0259h\u0259r, M\u0259rdan Camalovu Z\u0259rdab, \u018fziz \u018fzizovu Bak\u0131n\u0131n Suraxan\u0131, El\u015fad H\u0259s\u0259novu Yasamal, Rafiq Quliyevi X\u0259tai rayonlar\u0131n\u0131n icra hakimiyy\u0259tl\u0259rinin ba\u015f\u00e7\u0131lar\u0131 v\u0259zif\u0259l\u0259rin\u0259 t\u0259yin olunmalar\u0131 il\u0259 ba\u011fl\u0131 q\u0259bul ed\u0259rk\u0259n deyib. D\u00f6vl\u0259t ba\u015f\u00e7\u0131s\u0131 bildirib: &#8220;B\u00f6y\u00fck infrastruktur layih\u0259l\u0259ri&hellip;","_links":{"self":[{"href":"https:\/\/arantv.az\/index.php?rest_route=\/wp\/v2\/posts\/95435"}],"collection":[{"href":"https:\/\/arantv.az\/index.php?rest_route=\/wp\/v2\/posts"}],"about":[{"href":"https:\/\/arantv.az\/index.php?rest_route=\/wp\/v2\/types\/post"}],"author":[{"embeddable":true,"href":"https:\/\/arantv.az\/index.php?rest_route=\/wp\/v2\/users\/2"}],"replies":[{"embeddable":true,"href":"https:\/\/arantv.az\/index.php?rest_route=%2Fwp%2Fv2%2Fcomments&post=95435"}],"version-history":[{"count":0,"href":"https:\/\/arantv.az\/index.php?rest_route=\/wp\/v2\/posts\/95435\/revisions"}],"wp:featuredmedia":[{"embeddable":true,"href":"https:\/\/arantv.az\/index.php?rest_route=\/wp\/v2\/media\/95436"}],"wp:attachment":[{"href":"https:\/\/arantv.az\/index.php?rest_route=%2Fwp%2Fv2%2Fmedia&parent=95435"}],"wp:term":[{"taxonomy":"category","embeddable":true,"href":"https:\/\/arantv.az\/index.php?rest_route=%2Fwp%2Fv2%2Fcategories&post=95435"},{"taxonomy":"post_tag","embeddable":true,"href":"https:\/\/arantv.az\/index.php?rest_route=%2Fwp%2Fv2%2Ftags&post=95435"}],"curies":[{"name":"wp","href":"https:\/\/api.w.org\/{rel}","templated":true}]}}