{"id":95441,"date":"2019-11-12T15:41:58","date_gmt":"2019-11-12T12:41:58","guid":{"rendered":"http:\/\/arantv.az\/?p=95441"},"modified":"2019-11-12T15:41:58","modified_gmt":"2019-11-12T12:41:58","slug":"prezident-ilham-%c9%99liyev-son-16-il-%c9%99rzind%c9%99-az%c9%99rbaycanda-sur%c9%99tli-inkisaf-dovru-yasanir","status":"publish","type":"post","link":"https:\/\/arantv.az\/?p=95441","title":{"rendered":"Prezident \u0130lham \u018fliyev: &#8220;Son 16 il \u0259rzind\u0259 Az\u0259rbaycanda s\u00fcr\u0259tli inki\u015faf d\u00f6vr\u00fc ya\u015fan\u0131r&#8221;"},"content":{"rendered":"<blockquote><p><em><strong>Son 16 il \u0259rzind\u0259 Az\u0259rbaycanda s\u00fcr\u0259tli inki\u015faf d\u00f6vr\u00fc ya\u015fan\u0131r.<\/strong><\/em><\/p><\/blockquote>\n<p><strong>ARANTV.AZ\u00a0<\/strong>\u00a0<a href=\"https:\/\/azertag.az\/\" target=\"_blank\" rel=\"noopener\">AZ\u018fRTAC<\/a>-a istinad\u0259n x\u0259b\u0259r verir ki, bunu Az\u0259rbaycan Prezidenti \u0130lham \u018fliyev \u0130lqar Abbasovu \u015eirvan \u015f\u0259h\u0259r, M\u0259rdan Camalovu Z\u0259rdab, \u018fziz \u018fzizovu Bak\u0131n\u0131n Suraxan\u0131, El\u015fad H\u0259s\u0259novu Yasamal, Rafiq Quliyevi X\u0259tai rayonlar\u0131n\u0131n icra hakimiyy\u0259tl\u0259rinin ba\u015f\u00e7\u0131lar\u0131 v\u0259zif\u0259l\u0259rin\u0259 t\u0259yin olunmalar\u0131 il\u0259 ba\u011fl\u0131 q\u0259bul ed\u0259rk\u0259n deyib.<\/p>\n<p>D\u00f6vl\u0259t ba\u015f\u00e7\u0131s\u0131 bildirib: &#8220;Bu inki\u015faf \u00f6z\u00fcn\u00fc b\u00fct\u00fcn sah\u0259l\u0259rd\u0259 b\u00fcruz\u0259 verir. \u00d6lk\u0259mizin beyn\u0259lxalq n\u00fcfuzu b\u00f6y\u00fck d\u0259r\u0259c\u0259d\u0259 artm\u0131\u015fd\u0131r. Bu g\u00fcn biz d\u00fcnya miqyas\u0131nda \u00e7ox b\u00f6y\u00fck h\u00f6rm\u0259t\u0259 layiq \u00f6lk\u0259 kimi \u00f6z f\u0259aliyy\u0259timizi apar\u0131r\u0131q. Qo\u015fulmama H\u0259r\u0259kat\u0131n\u0131n bu yax\u0131nlarda Bak\u0131da ke\u00e7irilmi\u015f Zirv\u0259 G\u00f6r\u00fc\u015f\u00fc bunu bir daha t\u0259sdiql\u0259di. Biz art\u0131q BMT-d\u0259n sonra d\u00fcnya miqyas\u0131nda ikinci b\u00f6y\u00fck t\u0259\u015fkilat olan Qo\u015fulmama H\u0259r\u0259kat\u0131na s\u0259drlik edirik v\u0259 \u00fc\u00e7 il \u0259rzind\u0259 s\u0259drliyi davam etdir\u0259c\u0259yik. Bu s\u0259drlik 120 \u00f6lk\u0259nin r\u0259yi \u0259sas\u0131nda yekdil q\u0259rarla \u0259ld\u0259 edilibdir. Y\u0259ni, bu, onu g\u00f6st\u0259rir ki, d\u00fcnya birliyinin \u0259n az\u0131 \u00fc\u00e7d\u0259iki hiss\u0259si Az\u0259rbaycan\u0131 d\u0259st\u0259kl\u0259yir v\u0259 bizim siyas\u0259timiz\u0259 b\u00f6y\u00fck qiym\u0259t verir.<\/p>\n<p>Eyni zamanda, siyasi islahatlar apar\u0131l\u0131r. Son ill\u0259rd\u0259 demokratiyan\u0131n inki\u015faf\u0131 istiqam\u0259tind\u0259, insan haqlar\u0131n\u0131n qorunmas\u0131 i\u015find\u0259 b\u00f6y\u00fck nailiyy\u0259tl\u0259r \u0259ld\u0259 edilib. H\u0259mi\u015f\u0259 dediyim kimi, Az\u0259rbaycanda siyasi v\u0259 iqtisadi islahatlar v\u0259hd\u0259t t\u0259\u015fkil edir&#8221;.<\/p>\n","protected":false},"excerpt":{"rendered":"<p>Son 16 il \u0259rzind\u0259 Az\u0259rbaycanda s\u00fcr\u0259tli inki\u015faf d\u00f6vr\u00fc ya\u015fan\u0131r. ARANTV.AZ\u00a0\u00a0AZ\u018fRTAC-a istinad\u0259n x\u0259b\u0259r verir ki, bunu Az\u0259rbaycan Prezidenti \u0130lham \u018fliyev \u0130lqar Abbasovu \u015eirvan \u015f\u0259h\u0259r, M\u0259rdan Camalovu Z\u0259rdab, \u018fziz \u018fzizovu Bak\u0131n\u0131n Suraxan\u0131, El\u015fad H\u0259s\u0259novu Yasamal, Rafiq Quliyevi X\u0259tai rayonlar\u0131n\u0131n icra hakimiyy\u0259tl\u0259rinin ba\u015f\u00e7\u0131lar\u0131 v\u0259zif\u0259l\u0259rin\u0259 t\u0259yin olunmalar\u0131 il\u0259 ba\u011fl\u0131 q\u0259bul ed\u0259rk\u0259n deyib. D\u00f6vl\u0259t ba\u015f\u00e7\u0131s\u0131 bildirib: &#8220;Bu inki\u015faf \u00f6z\u00fcn\u00fc b\u00fct\u00fcn sah\u0259l\u0259rd\u0259 b\u00fcruz\u0259 verir. \u00d6lk\u0259mizin beyn\u0259lxalq n\u00fcfuzu b\u00f6y\u00fck d\u0259r\u0259c\u0259d\u0259 artm\u0131\u015fd\u0131r. Bu g\u00fcn biz d\u00fcnya miqyas\u0131nda \u00e7ox b\u00f6y\u00fck h\u00f6rm\u0259t\u0259 layiq \u00f6lk\u0259 kimi \u00f6z f\u0259aliyy\u0259timizi apar\u0131r\u0131q. Qo\u015fulmama H\u0259r\u0259kat\u0131n\u0131n bu yax\u0131nlarda Bak\u0131da ke\u00e7irilmi\u015f Zirv\u0259 G\u00f6r\u00fc\u015f\u00fc bunu bir daha t\u0259sdiql\u0259di.&hellip;<\/p>\n","protected":false},"author":2,"featured_media":95442,"comment_status":"closed","ping_status":"closed","sticky":false,"template":"","format":"standard","meta":{"om_disable_all_campaigns":false,"_monsterinsights_skip_tracking":false,"_monsterinsights_sitenote_active":false,"_monsterinsights_sitenote_note":"","_monsterinsights_sitenote_category":0},"categories":[4],"tags":[],"aioseo_notices":[],"gutentor_comment":0,"rttpg_featured_image_url":{"full":["https:\/\/arantv.az\/wp-content\/uploads\/2019\/11\/801724_02.jpg",1000,651,false],"landscape":["https:\/\/arantv.az\/wp-content\/uploads\/2019\/11\/801724_02.jpg",1000,651,false],"portraits":["https:\/\/arantv.az\/wp-content\/uploads\/2019\/11\/801724_02.jpg",1000,651,false],"thumbnail":["https:\/\/arantv.az\/wp-content\/uploads\/2019\/11\/801724_02-150x150.jpg",150,150,true],"medium":["https:\/\/arantv.az\/wp-content\/uploads\/2019\/11\/801724_02-300x195.jpg",300,195,true],"large":["https:\/\/arantv.az\/wp-content\/uploads\/2019\/11\/801724_02.jpg",640,417,false],"1536x1536":["https:\/\/arantv.az\/wp-content\/uploads\/2019\/11\/801724_02.jpg",1000,651,false],"2048x2048":["https:\/\/arantv.az\/wp-content\/uploads\/2019\/11\/801724_02.jpg",1000,651,false],"post-thumbnail":["https:\/\/arantv.az\/wp-content\/uploads\/2019\/11\/801724_02-240x172.jpg",240,172,true],"advps-thumb-one":["https:\/\/arantv.az\/wp-content\/uploads\/2019\/11\/801724_02-1000x620.jpg",1000,620,true]},"rttpg_author":{"display_name":"V\u00fcsal Rafiqo\u011flu","author_link":"https:\/\/arantv.az\/?author=2"},"rttpg_comment":0,"rttpg_category":"<a href=\"https:\/\/arantv.az\/?cat=4\" rel=\"category\">Siyas\u0259t<\/a>","rttpg_excerpt":"Son 16 il \u0259rzind\u0259 Az\u0259rbaycanda s\u00fcr\u0259tli inki\u015faf d\u00f6vr\u00fc ya\u015fan\u0131r. ARANTV.AZ\u00a0\u00a0AZ\u018fRTAC-a istinad\u0259n x\u0259b\u0259r verir ki, bunu Az\u0259rbaycan Prezidenti \u0130lham \u018fliyev \u0130lqar Abbasovu \u015eirvan \u015f\u0259h\u0259r, M\u0259rdan Camalovu Z\u0259rdab, \u018fziz \u018fzizovu Bak\u0131n\u0131n Suraxan\u0131, El\u015fad H\u0259s\u0259novu Yasamal, Rafiq Quliyevi X\u0259tai rayonlar\u0131n\u0131n icra hakimiyy\u0259tl\u0259rinin ba\u015f\u00e7\u0131lar\u0131 v\u0259zif\u0259l\u0259rin\u0259 t\u0259yin olunmalar\u0131 il\u0259 ba\u011fl\u0131 q\u0259bul ed\u0259rk\u0259n deyib. D\u00f6vl\u0259t ba\u015f\u00e7\u0131s\u0131 bildirib: &#8220;Bu inki\u015faf \u00f6z\u00fcn\u00fc b\u00fct\u00fcn&hellip;","_links":{"self":[{"href":"https:\/\/arantv.az\/index.php?rest_route=\/wp\/v2\/posts\/95441"}],"collection":[{"href":"https:\/\/arantv.az\/index.php?rest_route=\/wp\/v2\/posts"}],"about":[{"href":"https:\/\/arantv.az\/index.php?rest_route=\/wp\/v2\/types\/post"}],"author":[{"embeddable":true,"href":"https:\/\/arantv.az\/index.php?rest_route=\/wp\/v2\/users\/2"}],"replies":[{"embeddable":true,"href":"https:\/\/arantv.az\/index.php?rest_route=%2Fwp%2Fv2%2Fcomments&post=95441"}],"version-history":[{"count":0,"href":"https:\/\/arantv.az\/index.php?rest_route=\/wp\/v2\/posts\/95441\/revisions"}],"wp:featuredmedia":[{"embeddable":true,"href":"https:\/\/arantv.az\/index.php?rest_route=\/wp\/v2\/media\/95442"}],"wp:attachment":[{"href":"https:\/\/arantv.az\/index.php?rest_route=%2Fwp%2Fv2%2Fmedia&parent=95441"}],"wp:term":[{"taxonomy":"category","embeddable":true,"href":"https:\/\/arantv.az\/index.php?rest_route=%2Fwp%2Fv2%2Fcategories&post=95441"},{"taxonomy":"post_tag","embeddable":true,"href":"https:\/\/arantv.az\/index.php?rest_route=%2Fwp%2Fv2%2Ftags&post=95441"}],"curies":[{"name":"wp","href":"https:\/\/api.w.org\/{rel}","templated":true}]}}