{"id":95449,"date":"2019-11-12T15:45:09","date_gmt":"2019-11-12T12:45:09","guid":{"rendered":"http:\/\/arantv.az\/?p=95449"},"modified":"2019-11-12T15:45:09","modified_gmt":"2019-11-12T12:45:09","slug":"baki-aeroportunda-yeni-ucuslarin-t%c9%99hluk%c9%99sizliyinin-idar%c9%99-edilm%c9%99si-sistemi-t%c9%99tbiq-olunub","status":"publish","type":"post","link":"https:\/\/arantv.az\/?p=95449","title":{"rendered":"Bak\u0131 Aeroportunda yeni u\u00e7u\u015flar\u0131n t\u0259hl\u00fck\u0259sizliyinin idar\u0259 edilm\u0259si sistemi t\u0259tbiq olunub"},"content":{"rendered":"<p>\u201cBeyn\u0259lxalq Hava N\u0259qliyyat\u0131 Assosiasiyas\u0131\u201dn\u0131n (IATA) U\u00e7u\u015flar\u0131n T\u0259hl\u00fck\u0259sizliyi \u00fczr\u0259 Avropa Agentliyinin direktoru Cankarlo Buononun ba\u015f\u00e7\u0131l\u0131q etdiyi n\u00fcmay\u0259nd\u0259 hey\u0259ti Bak\u0131da r\u0259smi s\u0259f\u0259rd\u0259 olub.<\/p>\n<p>S\u0259f\u0259rin m\u0259qs\u0259di \u201cAz\u0259raeronaviqasiya\u201d Hava H\u0259r\u0259k\u0259ti \u0130dar\u0259sinin (AZANS) v\u0259 IATA-n\u0131n ICAO-nun t\u0259l\u0259bl\u0259rin\u0259 cavab ver\u0259n birg\u0259 layih\u0259si \u2013\u00a0 Az\u0259rbaycan\u0131n hava m\u0259kan\u0131nda \u00fc\u00e7s\u0259viyy\u0259li u\u00e7u\u015f t\u0259hl\u00fck\u0259sizliyi idar\u0259etm\u0259 sisteminin t\u0259tbiqinin ba\u015fa \u00e7atd\u0131r\u0131lmas\u0131d\u0131r. M\u00fcvafiq raz\u0131la\u015fma cari ilin yay\u0131nda \u201cAz\u0259rbaycan Hava Yollar\u0131\u201d v\u0259 \u201cBeyn\u0259lxalq Hava N\u0259qliyyat\u0131 Assosiasiyas\u0131\u201d aras\u0131nda imzalan\u0131b.<\/p>\n<p>Son bir ne\u00e7\u0259 ay \u0259rzind\u0259 IATA AZANS Hava H\u0259r\u0259k\u0259ti \u0130dar\u0259sinin u\u00e7u\u015flar\u0131n t\u0259hl\u00fck\u0259sizliyi v\u0259 riskl\u0259rin idar\u0259 edilm\u0259si sistemind\u0259, o c\u00fcml\u0259d\u0259n kadr haz\u0131rl\u0131\u011f\u0131nda y\u00fcks\u0259k standartlar\u0131n t\u0259tbiqi \u00fczr\u0259 geni\u015f i\u015fl\u0259r g\u00f6r\u00fcb.<\/p>\n<div id=\"AdviadNativeVideo0\" class=\"AdviadNativeVideo\"><\/div>\n<p>S\u0259f\u0259r \u00e7\u0259r\u00e7iv\u0259sind\u0259 qonaqlar AZAL Prezidenti Cahangir \u018fsg\u0259rov il\u0259 g\u00f6r\u00fc\u015f\u00fcbl\u0259r.<\/p>\n<p>\u201cAZAL IATA-n\u0131n tamh\u00fcquqlu \u00fczv\u00fc olub, bu beyn\u0259lxalq t\u0259\u015fkilatla aviasiyan\u0131n b\u00fct\u00fcn sah\u0259l\u0259rind\u0259 v\u0259 ilk n\u00f6vb\u0259d\u0259 s\u0259rni\u015fin da\u015f\u0131malar\u0131n\u0131n t\u0259hl\u00fck\u0259sizliyinin t\u0259min edilm\u0259si sah\u0259sind\u0259 s\u0131x \u0259m\u0259kda\u015fl\u0131q edir. M\u00fcasir texnologiyalar\u0131n t\u0259tbiqi bu vacib m\u0259s\u0259l\u0259d\u0259 u\u011furun t\u0259m\u0259lidir&#8221;, \u2013\u00a0 Cahangir \u018fsg\u0259rov bildirib.<\/p>\n<p>\u201cU\u00e7u\u015flar\u0131n t\u0259hl\u00fck\u0259sizliyinin idar\u0259 edilm\u0259si sisteminin t\u0259tbiqi il\u0259 ba\u011fl\u0131 apard\u0131\u011f\u0131m\u0131z birg\u0259 i\u015fl\u0259r Az\u0259rbaycan s\u0259mas\u0131n\u0131 b\u00fct\u00fcn avia\u015firk\u0259tl\u0259r \u00fc\u00e7\u00fcn t\u0259hl\u00fck\u0259siz edir. Biz AZANS-a s\u0131x \u0259m\u0259kda\u015fl\u0131q \u00fc\u00e7\u00fcn t\u0259\u015f\u0259kk\u00fcr edirik&#8221;, \u2013\u00a0 Cankarlo Buono bildirib.<\/p>\n<p>IATA n\u00fcmay\u0259nd\u0259 hey\u0259tinin r\u0259hb\u0259ri, h\u0259m\u00e7inin \u201cAz\u0259rbaycan Hava Yollar\u0131\u201dn\u0131n Hava H\u0259r\u0259k\u0259ti \u0130dar\u0259sinin sisteml\u0259ri il\u0259 pilotsuz u\u00e7u\u015f aparatlar\u0131n\u0131n idar\u0259 edilm\u0259si sisteml\u0259rini birl\u0259\u015fdirm\u0259k t\u0259\u015f\u0259bb\u00fcs\u00fcn\u00fc d\u0259st\u0259kl\u0259mi\u015f (ATM \/ UTM \u0130nteqrasiyas\u0131) v\u0259 bu m\u0259s\u0259l\u0259nin, x\u00fcsusil\u0259, hava limanlar\u0131n\u0131n \u0259razisind\u0259 u\u00e7u\u015flar\u0131n t\u0259hl\u00fck\u0259sizliyinin t\u0259min edilm\u0259sind\u0259 vacibliyini vur\u011fulay\u0131b.<\/p>\n<p>Cahangir \u018fsg\u0259rov bir \u00e7ox \u00f6lk\u0259l\u0259rin bu v\u0259ziyy\u0259td\u0259n narahat olduqlar\u0131n\u0131 qeyd edib. X\u00fcsusil\u0259, B\u00f6y\u00fck Britaniyada hava m\u0259kan\u0131nda dronlar\u0131n qanunsuz istifad\u0259sinin qar\u015f\u0131s\u0131n\u0131 almaq m\u0259qs\u0259dil\u0259 \u201cHava m\u0259kan\u0131n\u0131n t\u0259\u015fkili v\u0259 pilotsuz u\u00e7u\u015f aparatlar\u0131\u201d il\u0259 ba\u011fl\u0131 yeni qanun q\u0259bul edilib.<\/p>\n<p>Yaponiyan\u0131n N\u0259qliyyat Nazirliyi, h\u0259m\u00e7inin bu kimi hallar\u0131n qar\u015f\u0131s\u0131n\u0131 almaq \u00fc\u00e7\u00fcn t\u0259cili t\u0259dbirl\u0259rin g\u00f6r\u00fclm\u0259si bar\u0259sind\u0259 g\u00f6st\u0259ri\u015f verib v\u0259 hava limanlar\u0131 \u0259razisind\u0259ki dronlar\u0131n a\u015fkarlanmas\u0131 \u00fc\u00e7\u00fcn sensor sisteminin al\u0131nmas\u0131n\u0131 n\u0259z\u0259rd\u0259n ke\u00e7irir.<\/p>\n<p>\u201cDronlar\u0131n hava limanlar\u0131n\u0131n yax\u0131nl\u0131\u011f\u0131nda u\u00e7mas\u0131 b\u00fct\u00fcn d\u00fcnyada \u00e7ox aktual problemdir.<\/p>\n<p>Bununla \u0259laq\u0259dar, t\u0259r\u0259fimizd\u0259n Heyd\u0259r \u018fliyev Beyn\u0259lxalq Aeroportunda \u201cAz\u0259raeronaviqasiya\u201dn\u0131n n\u0259zdind\u0259 M\u00fclki pilotsuz u\u00e7u\u015f aparatlar\u0131na n\u0259zar\u0259t m\u0259rk\u0259zinin yarad\u0131lmas\u0131 q\u0259rar\u0131 q\u0259bul edilib\u201d, \u2013\u00a0 AZAL Prezidenti bildirib.<\/p>\n<p>G\u00f6r\u00fc\u015f zaman\u0131 t\u0259r\u0259fl\u0259r 2020-ci ild\u0259 Bak\u0131n\u0131n u\u00e7u\u015flar\u0131n t\u0259hl\u00fck\u0259sizliyi v\u0259 u\u00e7u\u015f \u0259m\u0259liyyatlar\u0131na h\u0259sr olunmu\u015f \u0259n m\u00fch\u00fcm beyn\u0259lxalq konfranslardan biri \u2013 \u201cSafety and Flight Ops Conference\u201da ev sahibliyi ed\u0259c\u0259yini qeyd etmi\u015fdirl\u0259r. ICAO-nun Ba\u015f Katibi Fan Liu v\u0259 IATA-n\u0131n Ba\u015f direktoru Aleksandr de Junyak\u0131n Az\u0259rbaycan\u0131n paytaxt\u0131na s\u0259f\u0259ri g\u00f6zl\u0259nilir.<\/p>\n<p>&#8220;D\u00fcnya m\u00fclki aviasiyas\u0131n\u0131n qlobal probleml\u0259rinin m\u00fczakir\u0259 edil\u0259c\u0259yi bel\u0259 bir m\u00fch\u00fcm t\u0259dbirin Bak\u0131da ke\u00e7irilm\u0259si Az\u0259rbaycan\u0131n bu sah\u0259d\u0259 b\u00f6y\u00fck u\u011furlar\u0131n\u0131 n\u00fcmayi\u015f etdirir&#8221;, \u2013\u00a0Cahangir \u018fsg\u0259rov bildirib.<\/p>\n","protected":false},"excerpt":{"rendered":"<p>\u201cBeyn\u0259lxalq Hava N\u0259qliyyat\u0131 Assosiasiyas\u0131\u201dn\u0131n (IATA) U\u00e7u\u015flar\u0131n T\u0259hl\u00fck\u0259sizliyi \u00fczr\u0259 Avropa Agentliyinin direktoru Cankarlo Buononun ba\u015f\u00e7\u0131l\u0131q etdiyi n\u00fcmay\u0259nd\u0259 hey\u0259ti Bak\u0131da r\u0259smi s\u0259f\u0259rd\u0259 olub. S\u0259f\u0259rin m\u0259qs\u0259di \u201cAz\u0259raeronaviqasiya\u201d Hava H\u0259r\u0259k\u0259ti \u0130dar\u0259sinin (AZANS) v\u0259 IATA-n\u0131n ICAO-nun t\u0259l\u0259bl\u0259rin\u0259 cavab ver\u0259n birg\u0259 layih\u0259si \u2013\u00a0 Az\u0259rbaycan\u0131n hava m\u0259kan\u0131nda \u00fc\u00e7s\u0259viyy\u0259li u\u00e7u\u015f t\u0259hl\u00fck\u0259sizliyi idar\u0259etm\u0259 sisteminin t\u0259tbiqinin ba\u015fa \u00e7atd\u0131r\u0131lmas\u0131d\u0131r. M\u00fcvafiq raz\u0131la\u015fma cari ilin yay\u0131nda \u201cAz\u0259rbaycan Hava Yollar\u0131\u201d v\u0259 \u201cBeyn\u0259lxalq Hava N\u0259qliyyat\u0131 Assosiasiyas\u0131\u201d aras\u0131nda imzalan\u0131b. Son bir ne\u00e7\u0259 ay \u0259rzind\u0259 IATA AZANS Hava H\u0259r\u0259k\u0259ti \u0130dar\u0259sinin u\u00e7u\u015flar\u0131n t\u0259hl\u00fck\u0259sizliyi v\u0259 riskl\u0259rin idar\u0259 edilm\u0259si sistemind\u0259, o c\u00fcml\u0259d\u0259n kadr haz\u0131rl\u0131\u011f\u0131nda y\u00fcks\u0259k standartlar\u0131n t\u0259tbiqi \u00fczr\u0259 geni\u015f i\u015fl\u0259r&hellip;<\/p>\n","protected":false},"author":2,"featured_media":95450,"comment_status":"closed","ping_status":"closed","sticky":false,"template":"","format":"standard","meta":{"om_disable_all_campaigns":false,"_monsterinsights_skip_tracking":false,"_monsterinsights_sitenote_active":false,"_monsterinsights_sitenote_note":"","_monsterinsights_sitenote_category":0},"categories":[1],"tags":[],"aioseo_notices":[],"gutentor_comment":0,"rttpg_featured_image_url":{"full":["https:\/\/arantv.az\/wp-content\/uploads\/2019\/11\/Giancarlo_Buono_visit.jpg",620,413,false],"landscape":["https:\/\/arantv.az\/wp-content\/uploads\/2019\/11\/Giancarlo_Buono_visit.jpg",620,413,false],"portraits":["https:\/\/arantv.az\/wp-content\/uploads\/2019\/11\/Giancarlo_Buono_visit.jpg",620,413,false],"thumbnail":["https:\/\/arantv.az\/wp-content\/uploads\/2019\/11\/Giancarlo_Buono_visit-150x150.jpg",150,150,true],"medium":["https:\/\/arantv.az\/wp-content\/uploads\/2019\/11\/Giancarlo_Buono_visit-300x200.jpg",300,200,true],"large":["https:\/\/arantv.az\/wp-content\/uploads\/2019\/11\/Giancarlo_Buono_visit.jpg",620,413,false],"1536x1536":["https:\/\/arantv.az\/wp-content\/uploads\/2019\/11\/Giancarlo_Buono_visit.jpg",620,413,false],"2048x2048":["https:\/\/arantv.az\/wp-content\/uploads\/2019\/11\/Giancarlo_Buono_visit.jpg",620,413,false],"post-thumbnail":["https:\/\/arantv.az\/wp-content\/uploads\/2019\/11\/Giancarlo_Buono_visit-240x172.jpg",240,172,true],"advps-thumb-one":["https:\/\/arantv.az\/wp-content\/uploads\/2019\/11\/Giancarlo_Buono_visit.jpg",620,413,false]},"rttpg_author":{"display_name":"V\u00fcsal Rafiqo\u011flu","author_link":"https:\/\/arantv.az\/?author=2"},"rttpg_comment":0,"rttpg_category":"<a href=\"https:\/\/arantv.az\/?cat=1\" rel=\"category\">C\u0259miyy\u0259t<\/a>","rttpg_excerpt":"\u201cBeyn\u0259lxalq Hava N\u0259qliyyat\u0131 Assosiasiyas\u0131\u201dn\u0131n (IATA) U\u00e7u\u015flar\u0131n T\u0259hl\u00fck\u0259sizliyi \u00fczr\u0259 Avropa Agentliyinin direktoru Cankarlo Buononun ba\u015f\u00e7\u0131l\u0131q etdiyi n\u00fcmay\u0259nd\u0259 hey\u0259ti Bak\u0131da r\u0259smi s\u0259f\u0259rd\u0259 olub. S\u0259f\u0259rin m\u0259qs\u0259di \u201cAz\u0259raeronaviqasiya\u201d Hava H\u0259r\u0259k\u0259ti \u0130dar\u0259sinin (AZANS) v\u0259 IATA-n\u0131n ICAO-nun t\u0259l\u0259bl\u0259rin\u0259 cavab ver\u0259n birg\u0259 layih\u0259si \u2013\u00a0 Az\u0259rbaycan\u0131n hava m\u0259kan\u0131nda \u00fc\u00e7s\u0259viyy\u0259li u\u00e7u\u015f t\u0259hl\u00fck\u0259sizliyi idar\u0259etm\u0259 sisteminin t\u0259tbiqinin ba\u015fa \u00e7atd\u0131r\u0131lmas\u0131d\u0131r. M\u00fcvafiq raz\u0131la\u015fma cari ilin yay\u0131nda \u201cAz\u0259rbaycan Hava&hellip;","_links":{"self":[{"href":"https:\/\/arantv.az\/index.php?rest_route=\/wp\/v2\/posts\/95449"}],"collection":[{"href":"https:\/\/arantv.az\/index.php?rest_route=\/wp\/v2\/posts"}],"about":[{"href":"https:\/\/arantv.az\/index.php?rest_route=\/wp\/v2\/types\/post"}],"author":[{"embeddable":true,"href":"https:\/\/arantv.az\/index.php?rest_route=\/wp\/v2\/users\/2"}],"replies":[{"embeddable":true,"href":"https:\/\/arantv.az\/index.php?rest_route=%2Fwp%2Fv2%2Fcomments&post=95449"}],"version-history":[{"count":0,"href":"https:\/\/arantv.az\/index.php?rest_route=\/wp\/v2\/posts\/95449\/revisions"}],"wp:featuredmedia":[{"embeddable":true,"href":"https:\/\/arantv.az\/index.php?rest_route=\/wp\/v2\/media\/95450"}],"wp:attachment":[{"href":"https:\/\/arantv.az\/index.php?rest_route=%2Fwp%2Fv2%2Fmedia&parent=95449"}],"wp:term":[{"taxonomy":"category","embeddable":true,"href":"https:\/\/arantv.az\/index.php?rest_route=%2Fwp%2Fv2%2Fcategories&post=95449"},{"taxonomy":"post_tag","embeddable":true,"href":"https:\/\/arantv.az\/index.php?rest_route=%2Fwp%2Fv2%2Ftags&post=95449"}],"curies":[{"name":"wp","href":"https:\/\/api.w.org\/{rel}","templated":true}]}}