{"id":95471,"date":"2019-11-12T15:53:18","date_gmt":"2019-11-12T12:53:18","guid":{"rendered":"http:\/\/arantv.az\/?p=95471"},"modified":"2019-11-12T15:53:18","modified_gmt":"2019-11-12T12:53:18","slug":"az%c9%99rbaycan-prezidenti-hansisa-yaramaz-m%c9%99mur-s%c9%99xsi-maraqlari-ucun-hansisa-b%c9%99d-%c9%99m%c9%99l-tor%c9%99d%c9%99rs%c9%99-mutl%c9%99q-c%c9%99zasini-alacaq-v%c9%99-artiq-tarix-bunu-g","status":"publish","type":"post","link":"https:\/\/arantv.az\/?p=95471","title":{"rendered":"Az\u0259rbaycan Prezidenti: &#8220;Hans\u0131sa yaramaz m\u0259mur \u015f\u0259xsi maraqlar\u0131 \u00fc\u00e7\u00fcn hans\u0131sa b\u0259d \u0259m\u0259l t\u00f6r\u0259d\u0259rs\u0259, m\u00fctl\u0259q c\u0259zas\u0131n\u0131 alacaq v\u0259 art\u0131q tarix bunu g\u00f6st\u0259rir&#8221;"},"content":{"rendered":"<blockquote><p><em><strong>Hans\u0131sa yaramaz m\u0259mur \u015f\u0259xsi maraqlar\u0131 \u00fc\u00e7\u00fcn hans\u0131sa b\u0259d \u0259m\u0259l t\u00f6r\u0259d\u0259rs\u0259, m\u00fctl\u0259q c\u0259zas\u0131n\u0131 alacaq v\u0259 art\u0131q tarix bunu g\u00f6st\u0259rir.<\/strong><\/em><\/p><\/blockquote>\n<p><strong>ARANTV.AZ<\/strong>\u00a0\u00a0<a href=\"https:\/\/azertag.az\/\" target=\"_blank\" rel=\"noopener\">AZ\u018fRTAC<\/a>-a istinad\u0259n x\u0259b\u0259r verir ki, bunu Az\u0259rbaycan Prezidenti \u0130lham \u018fliyev \u0130lqar Abbasovu \u015eirvan \u015f\u0259h\u0259r, M\u0259rdan Camalovu Z\u0259rdab, \u018fziz \u018fzizovu Bak\u0131n\u0131n Suraxan\u0131, El\u015fad H\u0259s\u0259novu Yasamal, Rafiq Quliyevi X\u0259tai rayonlar\u0131n\u0131n icra hakimiyy\u0259tl\u0259rinin ba\u015f\u00e7\u0131lar\u0131 v\u0259zif\u0259l\u0259rin\u0259 t\u0259yin olunmalar\u0131 il\u0259 ba\u011fl\u0131 q\u0259bul ed\u0259rk\u0259n deyib.<\/p>\n<p>D\u00f6vl\u0259t ba\u015f\u00e7\u0131s\u0131 bildirib: &#8220;V\u0259t\u0259np\u0259rv\u0259rlik, d\u00fcr\u00fcstl\u00fck, \u015f\u0259ffafl\u0131q, v\u0259t\u0259nda\u015flara xidm\u0259t, d\u00f6vl\u0259t\u00e7ilik prinsipl\u0259rini \u0259sas tutmaq, investorlar\u0131 c\u0259lb etm\u0259k, rayonlar\u0131n sosial-iqtisadi inki\u015faf\u0131n\u0131 t\u0259min etm\u0259k sizin \u0259sas v\u0259zif\u0259niz olmal\u0131d\u0131r. Yen\u0259 d\u0259 deyir\u0259m, h\u0259m s\u0259naye, h\u0259m d\u0259 k\u0259nd t\u0259s\u0259rr\u00fcfat\u0131 istehsal\u0131 sah\u0259l\u0259rin\u0259 d\u00f6vl\u0259t x\u0259tti il\u0259 \u00e7ox b\u00f6y\u00fck d\u0259st\u0259k g\u00f6st\u0259rilir. T\u0259sad\u00fcfi deyil ki, bu ilin 9 ay\u0131n\u0131n yekunlar\u0131na g\u00f6r\u0259 qeyri-neft s\u0259nayemiz 15 faizd\u0259n, k\u0259nd t\u0259s\u0259rr\u00fcfat\u0131 7 faizd\u0259n \u00e7ox art\u0131b. Art\u0131q pamb\u0131q y\u0131\u011f\u0131m\u0131 m\u00f6vs\u00fcm\u00fc ba\u015fa \u00e7at\u0131r, m\u0259n\u0259 veril\u0259n m\u0259lumata g\u00f6r\u0259, bu il biz rekord g\u00f6st\u0259riciy\u0259 nail olmu\u015fuq. Biz ke\u00e7\u0259n il\u0259 nisb\u0259t\u0259n \u0259kin sah\u0259l\u0259rini azaltd\u0131q, 132 min hektardan 100 min hektara endirdik, \u00e7\u00fcnki b\u0259zi yerl\u0259rd\u0259 torpaqlar d\u00fczg\u00fcn se\u00e7ilm\u0259mi\u015fdi. Ancaq m\u0259hsuldarl\u0131q artd\u0131. Haz\u0131rda y\u0131\u011f\u0131m davam edir v\u0259 hektardan m\u0259hsuldarl\u0131q 27 sentner\u0259 \u00e7at\u0131b, ke\u00e7\u0259n il 17 sentner idi. Ke\u00e7\u0259n il biz 132 min hektardan 233 min ton pamb\u0131q y\u0131\u011fm\u0131\u015fd\u0131qsa, bu il 100 min hektardan art\u0131q 270 min tondan \u00e7ox pamb\u0131q y\u0131\u011fm\u0131\u015f\u0131q. M\u0259n t\u0259kc\u0259 pamb\u0131\u011f\u0131 deyir\u0259m. \u0130ndi tax\u0131l\u00e7\u0131l\u0131qda da b\u00f6y\u00fck ir\u0259lil\u0259yi\u015f var. \u00dcmumi g\u00f6st\u0259rici hektardan 32 sentner\u0259 \u00e7at\u0131b. Bu, \u00e7ox yax\u015f\u0131 g\u00f6st\u0259ricidir. Daha da artacaq. Meyv\u0259\u00e7ilikd\u0259, f\u0131nd\u0131q\u00e7\u0131l\u0131qda da m\u0259hsuldarl\u0131q art\u0131r. Y\u0259ni, k\u0259nd t\u0259s\u0259rr\u00fcfat\u0131 sah\u0259sind\u0259 d\u00f6vl\u0259t x\u0259tti il\u0259 \u00e7ox b\u00f6y\u00fck i\u015fl\u0259r g\u00f6r\u00fcl\u00fcr. Siz d\u0259 \u00f6z d\u0259st\u0259yinizi verm\u0259lisiniz v\u0259 sahibkarlara diqq\u0259t g\u00f6st\u0259rm\u0259lisiniz, onlar\u0131 incitm\u0259m\u0259lisiniz. \u018fg\u0259r hans\u0131sa sahibkar v\u0259sait qoymaq, hans\u0131sa i\u015f g\u00f6rm\u0259k ist\u0259yirs\u0259, birinci olaraq siz ona d\u0259st\u0259k verm\u0259lisiniz. B\u0259zi hallarda sahibkarlara qar\u015f\u0131 \u0259dal\u0259tsizlik edilir v\u0259 onlardan n\u0259s\u0259 \u0259ld\u0259 etm\u0259k c\u0259hdl\u0259ri g\u00f6st\u0259rilir. Buna q\u0259tiyy\u0259n yol verm\u0259k olmaz. Sahibkarlara da deyir\u0259m ki, \u0259g\u0259r bel\u0259 xo\u015fag\u0259lm\u0259z halla \u00fczl\u0259\u015fs\u0259l\u0259r, d\u0259rhal biz\u0259 m\u0259lumat versinl\u0259r.<\/p>\n<p>\u00d6lk\u0259mizin \u00fcmumi inki\u015faf\u0131 m\u00fcsb\u0259tdir v\u0259 m\u0259n g\u0259l\u0259c\u0259kd\u0259 h\u0259r hans\u0131 bir ciddi problem g\u00f6rm\u00fcr\u0259m. \u00c7\u00fcnki \u00f6lk\u0259miz siyasi c\u0259h\u0259td\u0259n \u00e7ox m\u00f6hk\u0259mdir, sabitlik Az\u0259rbaycan\u0131n u\u011furlu inki\u015faf\u0131n\u0131n \u0259sas amill\u0259rind\u0259n biridir. Sabitliyin t\u0259minat\u00e7\u0131s\u0131 Az\u0259rbaycan xalq\u0131d\u0131r v\u0259 bizim siyas\u0259timizdir. Bizim siyas\u0259timiz\u0259 l\u0259k\u0259 vuran h\u0259r bir adam \u00f6z c\u0259zas\u0131n\u0131 alacaqd\u0131r. Biz bu q\u0259d\u0259r s\u0259y g\u00f6st\u0259ririk, bu q\u0259d\u0259r i\u015fl\u0259r g\u00f6r\u00fcr\u00fck, \u0259g\u0259r hans\u0131sa yaramaz m\u0259mur \u00f6z \u015f\u0259xsi maraqlar\u0131n\u0131 t\u0259min etm\u0259k \u00fc\u00e7\u00fcn hans\u0131sa b\u0259d \u0259m\u0259l t\u00f6r\u0259d\u0259rs\u0259, m\u00fctl\u0259q c\u0259zas\u0131n\u0131 alacaq v\u0259 art\u0131q tarix bunu g\u00f6st\u0259rir&#8221;.<\/p>\n","protected":false},"excerpt":{"rendered":"<p>Hans\u0131sa yaramaz m\u0259mur \u015f\u0259xsi maraqlar\u0131 \u00fc\u00e7\u00fcn hans\u0131sa b\u0259d \u0259m\u0259l t\u00f6r\u0259d\u0259rs\u0259, m\u00fctl\u0259q c\u0259zas\u0131n\u0131 alacaq v\u0259 art\u0131q tarix bunu g\u00f6st\u0259rir. ARANTV.AZ\u00a0\u00a0AZ\u018fRTAC-a istinad\u0259n x\u0259b\u0259r verir ki, bunu Az\u0259rbaycan Prezidenti \u0130lham \u018fliyev \u0130lqar Abbasovu \u015eirvan \u015f\u0259h\u0259r, M\u0259rdan Camalovu Z\u0259rdab, \u018fziz \u018fzizovu Bak\u0131n\u0131n Suraxan\u0131, El\u015fad H\u0259s\u0259novu Yasamal, Rafiq Quliyevi X\u0259tai rayonlar\u0131n\u0131n icra hakimiyy\u0259tl\u0259rinin ba\u015f\u00e7\u0131lar\u0131 v\u0259zif\u0259l\u0259rin\u0259 t\u0259yin olunmalar\u0131 il\u0259 ba\u011fl\u0131 q\u0259bul ed\u0259rk\u0259n deyib. D\u00f6vl\u0259t ba\u015f\u00e7\u0131s\u0131 bildirib: &#8220;V\u0259t\u0259np\u0259rv\u0259rlik, d\u00fcr\u00fcstl\u00fck, \u015f\u0259ffafl\u0131q, v\u0259t\u0259nda\u015flara xidm\u0259t, d\u00f6vl\u0259t\u00e7ilik prinsipl\u0259rini \u0259sas tutmaq, investorlar\u0131 c\u0259lb etm\u0259k, rayonlar\u0131n sosial-iqtisadi inki\u015faf\u0131n\u0131 t\u0259min etm\u0259k sizin \u0259sas v\u0259zif\u0259niz olmal\u0131d\u0131r. Yen\u0259 d\u0259 deyir\u0259m, h\u0259m s\u0259naye, h\u0259m d\u0259 k\u0259nd t\u0259s\u0259rr\u00fcfat\u0131&hellip;<\/p>\n","protected":false},"author":2,"featured_media":95472,"comment_status":"closed","ping_status":"closed","sticky":false,"template":"","format":"standard","meta":{"om_disable_all_campaigns":false,"_monsterinsights_skip_tracking":false,"_monsterinsights_sitenote_active":false,"_monsterinsights_sitenote_note":"","_monsterinsights_sitenote_category":0},"categories":[4],"tags":[],"aioseo_notices":[],"gutentor_comment":0,"rttpg_featured_image_url":{"full":["https:\/\/arantv.az\/wp-content\/uploads\/2019\/11\/2018_ilham_aliyev_01-2.jpg",1200,900,false],"landscape":["https:\/\/arantv.az\/wp-content\/uploads\/2019\/11\/2018_ilham_aliyev_01-2.jpg",1200,900,false],"portraits":["https:\/\/arantv.az\/wp-content\/uploads\/2019\/11\/2018_ilham_aliyev_01-2.jpg",1200,900,false],"thumbnail":["https:\/\/arantv.az\/wp-content\/uploads\/2019\/11\/2018_ilham_aliyev_01-2-150x150.jpg",150,150,true],"medium":["https:\/\/arantv.az\/wp-content\/uploads\/2019\/11\/2018_ilham_aliyev_01-2-300x225.jpg",300,225,true],"large":["https:\/\/arantv.az\/wp-content\/uploads\/2019\/11\/2018_ilham_aliyev_01-2-1024x768.jpg",640,480,true],"1536x1536":["https:\/\/arantv.az\/wp-content\/uploads\/2019\/11\/2018_ilham_aliyev_01-2.jpg",1200,900,false],"2048x2048":["https:\/\/arantv.az\/wp-content\/uploads\/2019\/11\/2018_ilham_aliyev_01-2.jpg",1200,900,false],"post-thumbnail":["https:\/\/arantv.az\/wp-content\/uploads\/2019\/11\/2018_ilham_aliyev_01-2-240x172.jpg",240,172,true],"advps-thumb-one":["https:\/\/arantv.az\/wp-content\/uploads\/2019\/11\/2018_ilham_aliyev_01-2-1200x620.jpg",1200,620,true]},"rttpg_author":{"display_name":"V\u00fcsal Rafiqo\u011flu","author_link":"https:\/\/arantv.az\/?author=2"},"rttpg_comment":0,"rttpg_category":"<a href=\"https:\/\/arantv.az\/?cat=4\" rel=\"category\">Siyas\u0259t<\/a>","rttpg_excerpt":"Hans\u0131sa yaramaz m\u0259mur \u015f\u0259xsi maraqlar\u0131 \u00fc\u00e7\u00fcn hans\u0131sa b\u0259d \u0259m\u0259l t\u00f6r\u0259d\u0259rs\u0259, m\u00fctl\u0259q c\u0259zas\u0131n\u0131 alacaq v\u0259 art\u0131q tarix bunu g\u00f6st\u0259rir. ARANTV.AZ\u00a0\u00a0AZ\u018fRTAC-a istinad\u0259n x\u0259b\u0259r verir ki, bunu Az\u0259rbaycan Prezidenti \u0130lham \u018fliyev \u0130lqar Abbasovu \u015eirvan \u015f\u0259h\u0259r, M\u0259rdan Camalovu Z\u0259rdab, \u018fziz \u018fzizovu Bak\u0131n\u0131n Suraxan\u0131, El\u015fad H\u0259s\u0259novu Yasamal, Rafiq Quliyevi X\u0259tai rayonlar\u0131n\u0131n icra hakimiyy\u0259tl\u0259rinin ba\u015f\u00e7\u0131lar\u0131 v\u0259zif\u0259l\u0259rin\u0259 t\u0259yin olunmalar\u0131 il\u0259 ba\u011fl\u0131 q\u0259bul&hellip;","_links":{"self":[{"href":"https:\/\/arantv.az\/index.php?rest_route=\/wp\/v2\/posts\/95471"}],"collection":[{"href":"https:\/\/arantv.az\/index.php?rest_route=\/wp\/v2\/posts"}],"about":[{"href":"https:\/\/arantv.az\/index.php?rest_route=\/wp\/v2\/types\/post"}],"author":[{"embeddable":true,"href":"https:\/\/arantv.az\/index.php?rest_route=\/wp\/v2\/users\/2"}],"replies":[{"embeddable":true,"href":"https:\/\/arantv.az\/index.php?rest_route=%2Fwp%2Fv2%2Fcomments&post=95471"}],"version-history":[{"count":0,"href":"https:\/\/arantv.az\/index.php?rest_route=\/wp\/v2\/posts\/95471\/revisions"}],"wp:featuredmedia":[{"embeddable":true,"href":"https:\/\/arantv.az\/index.php?rest_route=\/wp\/v2\/media\/95472"}],"wp:attachment":[{"href":"https:\/\/arantv.az\/index.php?rest_route=%2Fwp%2Fv2%2Fmedia&parent=95471"}],"wp:term":[{"taxonomy":"category","embeddable":true,"href":"https:\/\/arantv.az\/index.php?rest_route=%2Fwp%2Fv2%2Fcategories&post=95471"},{"taxonomy":"post_tag","embeddable":true,"href":"https:\/\/arantv.az\/index.php?rest_route=%2Fwp%2Fv2%2Ftags&post=95471"}],"curies":[{"name":"wp","href":"https:\/\/api.w.org\/{rel}","templated":true}]}}