{"id":95475,"date":"2019-11-12T15:55:33","date_gmt":"2019-11-12T12:55:33","guid":{"rendered":"http:\/\/arantv.az\/?p=95475"},"modified":"2019-11-12T15:55:33","modified_gmt":"2019-11-12T12:55:33","slug":"prezident-ilham-%c9%99liyev-hazirda-az%c9%99rbaycanda-orta-%c9%99m%c9%99khaqqi-723-manatdir-%c9%99min%c9%99m-ki-g%c9%99l%c9%99c%c9%99k-ill%c9%99rd%c9%99-bu-r%c9%99q%c9%99m-artacaq","status":"publish","type":"post","link":"https:\/\/arantv.az\/?p=95475","title":{"rendered":"Prezident \u0130lham \u018fliyev: &#8220;Haz\u0131rda Az\u0259rbaycanda orta \u0259m\u0259khaqq\u0131 723 manatd\u0131r, \u0259min\u0259m ki, g\u0259l\u0259c\u0259k ill\u0259rd\u0259 bu r\u0259q\u0259m artacaq&#8221;"},"content":{"rendered":"<blockquote><p><em><strong>Haz\u0131rda Az\u0259rbaycanda orta \u0259m\u0259khaqq\u0131 723 manatd\u0131r, \u0259min\u0259m ki, g\u0259l\u0259c\u0259k ill\u0259rd\u0259 bu r\u0259q\u0259m artacaq.<\/strong><\/em><\/p><\/blockquote>\n<p><strong>ARANTV.AZ\u00a0<\/strong><a href=\"https:\/\/azertag.az\/\" target=\"_blank\" rel=\"noopener\">AZ\u018fRTAC<\/a>-a istinad\u0259n x\u0259b\u0259r verir ki, bunu Az\u0259rbaycan Prezidenti \u0130lham \u018fliyev \u0130lqar Abbasovu \u015eirvan \u015f\u0259h\u0259r, M\u0259rdan Camalovu Z\u0259rdab, \u018fziz \u018fzizovu Bak\u0131n\u0131n Suraxan\u0131, El\u015fad H\u0259s\u0259novu Yasamal, Rafiq Quliyevi X\u0259tai rayonlar\u0131n\u0131n icra hakimiyy\u0259tl\u0259rinin ba\u015f\u00e7\u0131lar\u0131 v\u0259zif\u0259l\u0259rin\u0259 t\u0259yin olunmalar\u0131 il\u0259 ba\u011fl\u0131 q\u0259bul ed\u0259rk\u0259n deyib.<\/p>\n<p>D\u00f6vl\u0259t ba\u015f\u00e7\u0131s\u0131 bildirib: &#8220;Eyni zamanda, sosial islahatlar u\u011furla apar\u0131l\u0131r. Yoxsullu\u011fun a\u015fa\u011f\u0131 s\u0259viyy\u0259y\u0259 d\u00fc\u015fm\u0259sinin \u0259sas s\u0259b\u0259bi d\u0259 ondan ibar\u0259tdir ki, bizim iqtisadi islahatlar\u0131m\u0131z, o c\u00fcml\u0259d\u0259n sosial sah\u0259 b\u00f6y\u00fck diqq\u0259tl\u0259 \u0259hat\u0259 olunur. Bu il 4 milyon 200 mind\u0259n \u00e7ox insan \u00e7ox geni\u015f sosial paketl\u0259 \u0259hat\u0259 olunubdur v\u0259 minimum \u0259m\u0259khaqq\u0131, minimum pensiya \u0259h\u0259miyy\u0259tli d\u0259r\u0259c\u0259d\u0259 artm\u0131\u015fd\u0131r. Minimum \u0259m\u0259khaqq\u0131 t\u0259xmin\u0259n 2 d\u0259f\u0259, minimum pensiya 70 faizd\u0259n \u00e7ox, m\u00fcavin\u0259tl\u0259r 2 d\u0259f\u0259 artm\u0131\u015fd\u0131r. Bu il orta \u0259m\u0259khaqq\u0131 35 faiz artm\u0131\u015fd\u0131r. M\u0259n\u0259 bu yax\u0131nlarda veril\u0259n statistik m\u0259lumata g\u00f6r\u0259, haz\u0131rda Az\u0259rbaycanda orta \u0259m\u0259khaqq\u0131 723 manat t\u0259\u015fkil edir. \u018fmin\u0259m ki, g\u0259l\u0259c\u0259k ill\u0259rd\u0259 bu r\u0259q\u0259m artacaq. \u0130lk n\u00f6vb\u0259d\u0259, ona g\u00f6r\u0259 ki, h\u0259m maa\u015flar artacaq, eyni zamanda, biz k\u00f6lg\u0259 iqtisadiyyat\u0131na qar\u015f\u0131 ciddi m\u00fcbariz\u0259 apararaq, art\u0131q 100 mind\u0259n \u00e7ox i\u015f yerini k\u00f6lg\u0259d\u0259n \u00e7\u0131xar\u0131b v\u0259 onlar\u0131 r\u0259smil\u0259\u015fdir\u0259 bilmi\u015fik v\u0259 bu proses davam ed\u0259c\u0259k. Biz h\u0259l\u0259 i\u015fin ba\u015flan\u011f\u0131c m\u0259rh\u0259l\u0259sind\u0259yik. Amma orta \u0259m\u0259khaqq\u0131n\u0131n 35 faiz art\u0131r\u0131lmas\u0131 v\u0259 723 manata \u00e7atd\u0131r\u0131lmas\u0131, \u0259lb\u0259tt\u0259 ki, sosial siyas\u0259timizin bariz n\u00fcmun\u0259sidir&#8221;.<\/p>\n","protected":false},"excerpt":{"rendered":"<p>Haz\u0131rda Az\u0259rbaycanda orta \u0259m\u0259khaqq\u0131 723 manatd\u0131r, \u0259min\u0259m ki, g\u0259l\u0259c\u0259k ill\u0259rd\u0259 bu r\u0259q\u0259m artacaq. ARANTV.AZ\u00a0AZ\u018fRTAC-a istinad\u0259n x\u0259b\u0259r verir ki, bunu Az\u0259rbaycan Prezidenti \u0130lham \u018fliyev \u0130lqar Abbasovu \u015eirvan \u015f\u0259h\u0259r, M\u0259rdan Camalovu Z\u0259rdab, \u018fziz \u018fzizovu Bak\u0131n\u0131n Suraxan\u0131, El\u015fad H\u0259s\u0259novu Yasamal, Rafiq Quliyevi X\u0259tai rayonlar\u0131n\u0131n icra hakimiyy\u0259tl\u0259rinin ba\u015f\u00e7\u0131lar\u0131 v\u0259zif\u0259l\u0259rin\u0259 t\u0259yin olunmalar\u0131 il\u0259 ba\u011fl\u0131 q\u0259bul ed\u0259rk\u0259n deyib. D\u00f6vl\u0259t ba\u015f\u00e7\u0131s\u0131 bildirib: &#8220;Eyni zamanda, sosial islahatlar u\u011furla apar\u0131l\u0131r. Yoxsullu\u011fun a\u015fa\u011f\u0131 s\u0259viyy\u0259y\u0259 d\u00fc\u015fm\u0259sinin \u0259sas s\u0259b\u0259bi d\u0259 ondan ibar\u0259tdir ki, bizim iqtisadi islahatlar\u0131m\u0131z, o c\u00fcml\u0259d\u0259n sosial sah\u0259 b\u00f6y\u00fck diqq\u0259tl\u0259 \u0259hat\u0259 olunur. Bu il 4 milyon 200 mind\u0259n \u00e7ox insan&hellip;<\/p>\n","protected":false},"author":2,"featured_media":95476,"comment_status":"closed","ping_status":"closed","sticky":false,"template":"","format":"standard","meta":{"om_disable_all_campaigns":false,"_monsterinsights_skip_tracking":false,"_monsterinsights_sitenote_active":false,"_monsterinsights_sitenote_note":"","_monsterinsights_sitenote_category":0},"categories":[4],"tags":[],"aioseo_notices":[],"gutentor_comment":0,"rttpg_featured_image_url":{"full":["https:\/\/arantv.az\/wp-content\/uploads\/2019\/11\/2018_ilham_aliyev_05-2.jpg",1200,900,false],"landscape":["https:\/\/arantv.az\/wp-content\/uploads\/2019\/11\/2018_ilham_aliyev_05-2.jpg",1200,900,false],"portraits":["https:\/\/arantv.az\/wp-content\/uploads\/2019\/11\/2018_ilham_aliyev_05-2.jpg",1200,900,false],"thumbnail":["https:\/\/arantv.az\/wp-content\/uploads\/2019\/11\/2018_ilham_aliyev_05-2-150x150.jpg",150,150,true],"medium":["https:\/\/arantv.az\/wp-content\/uploads\/2019\/11\/2018_ilham_aliyev_05-2-300x225.jpg",300,225,true],"large":["https:\/\/arantv.az\/wp-content\/uploads\/2019\/11\/2018_ilham_aliyev_05-2-1024x768.jpg",640,480,true],"1536x1536":["https:\/\/arantv.az\/wp-content\/uploads\/2019\/11\/2018_ilham_aliyev_05-2.jpg",1200,900,false],"2048x2048":["https:\/\/arantv.az\/wp-content\/uploads\/2019\/11\/2018_ilham_aliyev_05-2.jpg",1200,900,false],"post-thumbnail":["https:\/\/arantv.az\/wp-content\/uploads\/2019\/11\/2018_ilham_aliyev_05-2-240x172.jpg",240,172,true],"advps-thumb-one":["https:\/\/arantv.az\/wp-content\/uploads\/2019\/11\/2018_ilham_aliyev_05-2-1200x620.jpg",1200,620,true]},"rttpg_author":{"display_name":"V\u00fcsal Rafiqo\u011flu","author_link":"https:\/\/arantv.az\/?author=2"},"rttpg_comment":0,"rttpg_category":"<a href=\"https:\/\/arantv.az\/?cat=4\" rel=\"category\">Siyas\u0259t<\/a>","rttpg_excerpt":"Haz\u0131rda Az\u0259rbaycanda orta \u0259m\u0259khaqq\u0131 723 manatd\u0131r, \u0259min\u0259m ki, g\u0259l\u0259c\u0259k ill\u0259rd\u0259 bu r\u0259q\u0259m artacaq. ARANTV.AZ\u00a0AZ\u018fRTAC-a istinad\u0259n x\u0259b\u0259r verir ki, bunu Az\u0259rbaycan Prezidenti \u0130lham \u018fliyev \u0130lqar Abbasovu \u015eirvan \u015f\u0259h\u0259r, M\u0259rdan Camalovu Z\u0259rdab, \u018fziz \u018fzizovu Bak\u0131n\u0131n Suraxan\u0131, El\u015fad H\u0259s\u0259novu Yasamal, Rafiq Quliyevi X\u0259tai rayonlar\u0131n\u0131n icra hakimiyy\u0259tl\u0259rinin ba\u015f\u00e7\u0131lar\u0131 v\u0259zif\u0259l\u0259rin\u0259 t\u0259yin olunmalar\u0131 il\u0259 ba\u011fl\u0131 q\u0259bul ed\u0259rk\u0259n deyib. D\u00f6vl\u0259t ba\u015f\u00e7\u0131s\u0131 bildirib:&hellip;","_links":{"self":[{"href":"https:\/\/arantv.az\/index.php?rest_route=\/wp\/v2\/posts\/95475"}],"collection":[{"href":"https:\/\/arantv.az\/index.php?rest_route=\/wp\/v2\/posts"}],"about":[{"href":"https:\/\/arantv.az\/index.php?rest_route=\/wp\/v2\/types\/post"}],"author":[{"embeddable":true,"href":"https:\/\/arantv.az\/index.php?rest_route=\/wp\/v2\/users\/2"}],"replies":[{"embeddable":true,"href":"https:\/\/arantv.az\/index.php?rest_route=%2Fwp%2Fv2%2Fcomments&post=95475"}],"version-history":[{"count":0,"href":"https:\/\/arantv.az\/index.php?rest_route=\/wp\/v2\/posts\/95475\/revisions"}],"wp:featuredmedia":[{"embeddable":true,"href":"https:\/\/arantv.az\/index.php?rest_route=\/wp\/v2\/media\/95476"}],"wp:attachment":[{"href":"https:\/\/arantv.az\/index.php?rest_route=%2Fwp%2Fv2%2Fmedia&parent=95475"}],"wp:term":[{"taxonomy":"category","embeddable":true,"href":"https:\/\/arantv.az\/index.php?rest_route=%2Fwp%2Fv2%2Fcategories&post=95475"},{"taxonomy":"post_tag","embeddable":true,"href":"https:\/\/arantv.az\/index.php?rest_route=%2Fwp%2Fv2%2Ftags&post=95475"}],"curies":[{"name":"wp","href":"https:\/\/api.w.org\/{rel}","templated":true}]}}