{"id":95479,"date":"2019-11-12T15:57:01","date_gmt":"2019-11-12T12:57:01","guid":{"rendered":"http:\/\/arantv.az\/?p=95479"},"modified":"2019-11-12T15:57:01","modified_gmt":"2019-11-12T12:57:01","slug":"siyavus-novruzov-qanunsuz-aksiya-kecirm%c9%99y%c9%99-c%c9%99hdin-m%c9%99qs%c9%99di-olk%c9%99d%c9%99-ictimai-siyasi-sabitliyi-pozmaq-xarici-dair%c9%99l%c9%99rin-tapsiriqlarini-yerin%c9%99-yetirm","status":"publish","type":"post","link":"https:\/\/arantv.az\/?p=95479","title":{"rendered":"Siyavu\u015f Novruzov: &#8220;Qanunsuz aksiya ke\u00e7irm\u0259y\u0259 c\u0259hdin m\u0259qs\u0259di \u00f6lk\u0259d\u0259 ictimai-siyasi sabitliyi pozmaq, xarici dair\u0259l\u0259rin tap\u015f\u0131r\u0131qlar\u0131n\u0131 yerin\u0259 yetirm\u0259kdir&#8221;"},"content":{"rendered":"<blockquote><p><em><strong>M\u00fcsavat Partiyas\u0131n\u0131n Bak\u0131 \u015e\u0259h\u0259r \u0130cra Hakmiyy\u0259ti qar\u015f\u0131s\u0131nda qanunsuz aksiya ke\u00e7irm\u0259y\u0259 c\u0259hd etm\u0259sinin m\u0259qs\u0259di \u00f6lk\u0259d\u0259 ictimai-siyasi sabitliyi pozmaq, xarici dair\u0259l\u0259rin tap\u015f\u0131r\u0131qlar\u0131n\u0131 yerin\u0259 yetirm\u0259kdir.<\/strong><\/em><\/p><\/blockquote>\n<p><strong>ARANTV.AZ\u00a0<\/strong> x\u0259b\u0259r verir ki, bunu\u00a0<a href=\"https:\/\/az.trend.az\/\" target=\"_blank\" rel=\"noopener\">Trend<\/a>-\u0259 Yeni Az\u0259rbaycan Partiyas\u0131n\u0131n icra katibinin m\u00fcavini, Milli M\u0259clisin deputat\u0131 Siyavu\u015f Novruzov deyib.<\/p>\n<p>Deputat qeyd edib ki, qanunsuz aksiyalar ke\u00e7irm\u0259kl\u0259 radikal m\u00fcxalif\u0259t xarici q\u00fcvv\u0259l\u0259rin t\u0259sir mexanizmini yaratma\u011fa \u00e7al\u0131\u015f\u0131r: &#8220;\u0130ndiki vaxtda mitinq n\u0259y\u0259 laz\u0131md\u0131r? Milli M\u0259clisd\u0259 d\u00f6vl\u0259t b\u00fcdc\u0259si m\u00fczakir\u0259 olunur. N\u0259 t\u0259klifin varsa, yaz g\u00f6nd\u0259r. Qar\u015f\u0131dan b\u0259l\u0259diyy\u0259 se\u00e7kil\u0259ri g\u0259lir. Bel\u0259 bir vaxta g\u0259r\u0259ksiz yer\u0259 qanunsuz aksiya ke\u00e7irm\u0259k, Bak\u0131 \u015e\u0259h\u0259ri \u0130cra Hakimiyy\u0259ti qar\u015f\u0131s\u0131nda ictimai asayi\u015fi pozma\u011f\u0131n n\u0259y\u0259 xidm\u0259t etdiyi b\u0259llidir. Orada c\u0259mi 30 n\u0259f\u0259r y\u0131\u011f\u0131\u015f\u0131b. Xalq da onlar\u0131 d\u0259st\u0259kl\u0259mir, bunlar\u0131n kiml\u0259r\u0259 xidm\u0259t etdiyini yax\u015f\u0131 bilir&#8221;.<\/p>\n<p>S.Novruzov bildirib ki, radikal m\u00fcxalif\u0259t bir-birini t\u0259krar edir: &#8220;\u00c7al\u0131\u015f\u0131rlar g\u00f6st\u0259rsinl\u0259r ki, guya bunlar b\u00f6y\u00fck m\u00fcxalif\u0259tdir. Qanuna, qanunun aliliyin\u0259 h\u00f6rm\u0259t etm\u0259k \u0259v\u0259zin\u0259 bunlar\u0131n g\u00f6st\u0259ricil\u0259ri qanunu pozmaq, polis\u0259 m\u00fcqavim\u0259t g\u00f6st\u0259rm\u0259k, ictimai-siyasi sabitliyi pozma\u011fa c\u0259hd etm\u0259k, dig\u0259r v\u0259t\u0259nda\u015flar\u0131n h\u00fcquqlar\u0131n\u0131 pozmaq v\u0259 s. bu kimi \u0259m\u0259ll\u0259r t\u00f6r\u0259tm\u0259kdir. Y\u0259ni h\u0259r hans\u0131 bir t\u0259klif verm\u0259k, alternativ layih\u0259l\u0259rl\u0259 \u00e7\u0131x\u0131\u015f etm\u0259k \u0259v\u0259zin\u0259 bu c\u00fcr \u0259m\u0259ll\u0259r t\u00f6r\u0259dirl\u0259r, \u00f6z f\u0259aliyy\u0259tl\u0259rini qeyri-qanuni \u0259m\u0259ll\u0259r il\u0259 \u00f6l\u00e7\u00fcrl\u0259r.<\/p>\n<p>M\u0259n xat\u0131rlay\u0131ram, vaxtil\u0259 AXCP-M\u00fcsavat c\u00fctl\u00fcy\u00fc hakimiyy\u0259td\u0259 olanda h\u0259min vaxt bel\u0259 qayda var idi ki, kim daha \u00e7ox meydanda q\u0131\u015fq\u0131r\u0131bsa, icra ba\u015f\u00e7\u0131s\u0131 o, olmal\u0131d\u0131r. Y\u0259ni bunlar t\u0259cr\u00fcb\u0259y\u0259, savada, t\u0259hsil\u0259, biliy\u0259 v\u0259 dig\u0259r m\u0259s\u0259l\u0259l\u0259r\u0259 \u0259saslanm\u0131rd\u0131, bunlar\u0131n ki ancaq q\u0131\u015fq\u0131rmaq idi. 30 il ke\u00e7m\u0259sin\u0259 baxmayaraq h\u0259l\u0259 d\u0259 d\u0259yi\u015fm\u0259yibl\u0259r. D\u00fc\u015f\u00fcnc\u0259 t\u0259rzl\u0259ri bel\u0259dir ki, m\u0259n n\u0259 q\u0259d\u0259r qanunu pozuramsa, n\u0259 q\u0259d\u0259r s\u00f6y\u00fc\u015f s\u00f6y\u00fcr\u0259ms\u0259, ictimai asayi\u015fi pozuramsa, v\u0259t\u0259nda\u015flara qar\u015f\u0131 n\u0259 q\u0259d\u0259r h\u00f6rm\u0259tsizlik edir\u0259ms\u0259, dem\u0259li m\u0259n bir o q\u0259d\u0259r daha \u00e7ox m\u00fcxalif\u0259t hesab olunuram. Halbuki, se\u00e7kil\u0259rd\u0259 i\u015ftirak etm\u0259k, namiz\u0259dl\u0259rin say\u0131 il\u0259 ortaya \u00e7\u0131xmaq m\u00fcxakif\u0259t \u00fc\u00e7\u00fcn tamamil\u0259 k\u0259narda qal\u0131b. \u00c7\u00fcnki onlar\u0131n sosial bazas\u0131, elektorat\u0131 yoxdur.<\/p>\n<p>\u018fhalinin gur oldu\u011fu yerl\u0259rd\u0259 qanunsuz aksiya ke\u00e7irm\u0259y\u0259 c\u0259hd g\u00f6st\u0259rirl\u0259r ki, oradak\u0131 insanlar\u0131 da \u00f6z elektorat\u0131 kimi t\u0259qdim etsinl\u0259r&#8221;.<\/p>\n","protected":false},"excerpt":{"rendered":"<p>M\u00fcsavat Partiyas\u0131n\u0131n Bak\u0131 \u015e\u0259h\u0259r \u0130cra Hakmiyy\u0259ti qar\u015f\u0131s\u0131nda qanunsuz aksiya ke\u00e7irm\u0259y\u0259 c\u0259hd etm\u0259sinin m\u0259qs\u0259di \u00f6lk\u0259d\u0259 ictimai-siyasi sabitliyi pozmaq, xarici dair\u0259l\u0259rin tap\u015f\u0131r\u0131qlar\u0131n\u0131 yerin\u0259 yetirm\u0259kdir. ARANTV.AZ\u00a0 x\u0259b\u0259r verir ki, bunu\u00a0Trend-\u0259 Yeni Az\u0259rbaycan Partiyas\u0131n\u0131n icra katibinin m\u00fcavini, Milli M\u0259clisin deputat\u0131 Siyavu\u015f Novruzov deyib. Deputat qeyd edib ki, qanunsuz aksiyalar ke\u00e7irm\u0259kl\u0259 radikal m\u00fcxalif\u0259t xarici q\u00fcvv\u0259l\u0259rin t\u0259sir mexanizmini yaratma\u011fa \u00e7al\u0131\u015f\u0131r: &#8220;\u0130ndiki vaxtda mitinq n\u0259y\u0259 laz\u0131md\u0131r? Milli M\u0259clisd\u0259 d\u00f6vl\u0259t b\u00fcdc\u0259si m\u00fczakir\u0259 olunur. N\u0259 t\u0259klifin varsa, yaz g\u00f6nd\u0259r. Qar\u015f\u0131dan b\u0259l\u0259diyy\u0259 se\u00e7kil\u0259ri g\u0259lir. Bel\u0259 bir vaxta g\u0259r\u0259ksiz yer\u0259 qanunsuz aksiya ke\u00e7irm\u0259k, Bak\u0131 \u015e\u0259h\u0259ri \u0130cra Hakimiyy\u0259ti qar\u015f\u0131s\u0131nda ictimai asayi\u015fi pozma\u011f\u0131n&hellip;<\/p>\n","protected":false},"author":2,"featured_media":95480,"comment_status":"closed","ping_status":"closed","sticky":false,"template":"","format":"standard","meta":{"om_disable_all_campaigns":false,"_monsterinsights_skip_tracking":false,"_monsterinsights_sitenote_active":false,"_monsterinsights_sitenote_note":"","_monsterinsights_sitenote_category":0},"categories":[4],"tags":[],"aioseo_notices":[],"gutentor_comment":0,"rttpg_featured_image_url":{"full":["https:\/\/arantv.az\/wp-content\/uploads\/2019\/11\/siyavus_novruzov_088.jpg",800,600,false],"landscape":["https:\/\/arantv.az\/wp-content\/uploads\/2019\/11\/siyavus_novruzov_088.jpg",800,600,false],"portraits":["https:\/\/arantv.az\/wp-content\/uploads\/2019\/11\/siyavus_novruzov_088.jpg",800,600,false],"thumbnail":["https:\/\/arantv.az\/wp-content\/uploads\/2019\/11\/siyavus_novruzov_088-150x150.jpg",150,150,true],"medium":["https:\/\/arantv.az\/wp-content\/uploads\/2019\/11\/siyavus_novruzov_088-300x225.jpg",300,225,true],"large":["https:\/\/arantv.az\/wp-content\/uploads\/2019\/11\/siyavus_novruzov_088.jpg",640,480,false],"1536x1536":["https:\/\/arantv.az\/wp-content\/uploads\/2019\/11\/siyavus_novruzov_088.jpg",800,600,false],"2048x2048":["https:\/\/arantv.az\/wp-content\/uploads\/2019\/11\/siyavus_novruzov_088.jpg",800,600,false],"post-thumbnail":["https:\/\/arantv.az\/wp-content\/uploads\/2019\/11\/siyavus_novruzov_088-240x172.jpg",240,172,true],"advps-thumb-one":["https:\/\/arantv.az\/wp-content\/uploads\/2019\/11\/siyavus_novruzov_088.jpg",800,600,false]},"rttpg_author":{"display_name":"V\u00fcsal Rafiqo\u011flu","author_link":"https:\/\/arantv.az\/?author=2"},"rttpg_comment":0,"rttpg_category":"<a href=\"https:\/\/arantv.az\/?cat=4\" rel=\"category\">Siyas\u0259t<\/a>","rttpg_excerpt":"M\u00fcsavat Partiyas\u0131n\u0131n Bak\u0131 \u015e\u0259h\u0259r \u0130cra Hakmiyy\u0259ti qar\u015f\u0131s\u0131nda qanunsuz aksiya ke\u00e7irm\u0259y\u0259 c\u0259hd etm\u0259sinin m\u0259qs\u0259di \u00f6lk\u0259d\u0259 ictimai-siyasi sabitliyi pozmaq, xarici dair\u0259l\u0259rin tap\u015f\u0131r\u0131qlar\u0131n\u0131 yerin\u0259 yetirm\u0259kdir. ARANTV.AZ\u00a0 x\u0259b\u0259r verir ki, bunu\u00a0Trend-\u0259 Yeni Az\u0259rbaycan Partiyas\u0131n\u0131n icra katibinin m\u00fcavini, Milli M\u0259clisin deputat\u0131 Siyavu\u015f Novruzov deyib. Deputat qeyd edib ki, qanunsuz aksiyalar ke\u00e7irm\u0259kl\u0259 radikal m\u00fcxalif\u0259t xarici q\u00fcvv\u0259l\u0259rin t\u0259sir mexanizmini yaratma\u011fa \u00e7al\u0131\u015f\u0131r: &#8220;\u0130ndiki&hellip;","_links":{"self":[{"href":"https:\/\/arantv.az\/index.php?rest_route=\/wp\/v2\/posts\/95479"}],"collection":[{"href":"https:\/\/arantv.az\/index.php?rest_route=\/wp\/v2\/posts"}],"about":[{"href":"https:\/\/arantv.az\/index.php?rest_route=\/wp\/v2\/types\/post"}],"author":[{"embeddable":true,"href":"https:\/\/arantv.az\/index.php?rest_route=\/wp\/v2\/users\/2"}],"replies":[{"embeddable":true,"href":"https:\/\/arantv.az\/index.php?rest_route=%2Fwp%2Fv2%2Fcomments&post=95479"}],"version-history":[{"count":0,"href":"https:\/\/arantv.az\/index.php?rest_route=\/wp\/v2\/posts\/95479\/revisions"}],"wp:featuredmedia":[{"embeddable":true,"href":"https:\/\/arantv.az\/index.php?rest_route=\/wp\/v2\/media\/95480"}],"wp:attachment":[{"href":"https:\/\/arantv.az\/index.php?rest_route=%2Fwp%2Fv2%2Fmedia&parent=95479"}],"wp:term":[{"taxonomy":"category","embeddable":true,"href":"https:\/\/arantv.az\/index.php?rest_route=%2Fwp%2Fv2%2Fcategories&post=95479"},{"taxonomy":"post_tag","embeddable":true,"href":"https:\/\/arantv.az\/index.php?rest_route=%2Fwp%2Fv2%2Ftags&post=95479"}],"curies":[{"name":"wp","href":"https:\/\/api.w.org\/{rel}","templated":true}]}}