{"id":95491,"date":"2019-11-12T16:00:22","date_gmt":"2019-11-12T13:00:22","guid":{"rendered":"http:\/\/arantv.az\/?p=95491"},"modified":"2019-11-12T16:00:22","modified_gmt":"2019-11-12T13:00:22","slug":"az%c9%99rbaycan-prezidenti-prezident-kimi-oz-v%c9%99zif%c9%99mi-bunda-gorur%c9%99m-xalqa-xidm%c9%99t-etm%c9%99k","status":"publish","type":"post","link":"https:\/\/arantv.az\/?p=95491","title":{"rendered":"Az\u0259rbaycan Prezidenti: &#8220;Prezident kimi \u00f6z v\u0259zif\u0259mi bunda g\u00f6r\u00fcr\u0259m &#8211; xalqa xidm\u0259t etm\u0259k&#8221;"},"content":{"rendered":"<blockquote><p><em><strong>Prezident kimi \u00f6z v\u0259zif\u0259mi bunda g\u00f6r\u00fcr\u0259m &#8211; xalqa xidm\u0259t etm\u0259k.<\/strong><\/em><\/p><\/blockquote>\n<p><strong>ARANTV.AZ<\/strong>\u00a0\u00a0<a href=\"https:\/\/azertag.az\/\" target=\"_blank\" rel=\"noopener\">AZ\u018fRTAC<\/a>-a istinad\u0259n x\u0259b\u0259r verir ki, bunu Az\u0259rbaycan Prezidenti \u0130lham \u018fliyev \u0130lqar Abbasovu \u015eirvan \u015f\u0259h\u0259r, M\u0259rdan Camalovu Z\u0259rdab, \u018fziz \u018fzizovu Bak\u0131n\u0131n Suraxan\u0131, El\u015fad H\u0259s\u0259novu Yasamal, Rafiq Quliyevi X\u0259tai rayonlar\u0131n\u0131n icra hakimiyy\u0259tl\u0259rinin ba\u015f\u00e7\u0131lar\u0131 v\u0259zif\u0259l\u0259rin\u0259 t\u0259yin olunmalar\u0131 il\u0259 ba\u011fl\u0131 q\u0259bul ed\u0259rk\u0259n deyib.<\/p>\n<p>D\u00f6vl\u0259t ba\u015f\u00e7\u0131s\u0131 bildirib: &#8220;M\u00fcsb\u0259t n\u0259tic\u0259l\u0259ri qorumaq v\u0259 onlar\u0131 art\u0131rmaq \u00fc\u00e7\u00fcn m\u00fctl\u0259q kadr islahat\u0131 da apar\u0131lmal\u0131d\u0131r. Bu m\u0259qs\u0259dl\u0259 Az\u0259rbaycanda haz\u0131rda \u00e7ox ciddi kadr islahatlar\u0131 apar\u0131l\u0131r. H\u0259m t\u0259cr\u00fcb\u0259 qazanm\u0131\u015f kadrlar daha da s\u0259m\u0259r\u0259li \u00f6z i\u015fl\u0259rini qururlar, eyni zamanda, g\u0259ncl\u0259r\u0259 d\u0259 b\u00f6y\u00fck meydan verilir. Bu, t\u0259biidir, \u00e7\u00fcnki g\u0259l\u0259c\u0259kd\u0259 \u00f6lk\u0259mizi bug\u00fcnk\u00fc g\u0259ncl\u0259r idar\u0259 ed\u0259c\u0259kl\u0259r. Onlar g\u0259r\u0259k h\u0259m t\u0259cr\u00fcb\u0259 toplas\u0131nlar, pe\u015f\u0259kar olsunlar, eyni zamanda, V\u0259t\u0259n\u0259 ba\u011fl\u0131 olsunlar. Ona g\u00f6r\u0259 g\u0259ncl\u0259r\u0259 v\u0259t\u0259np\u0259rv\u0259rlik hissl\u0259ri a\u015f\u0131lamaq h\u0259r birimizin borcudur ki, onlar g\u0259l\u0259c\u0259kd\u0259 V\u0259t\u0259n\u0259 ba\u011fl\u0131 olsunlar v\u0259 h\u0259r hans\u0131 bir xarici t\u0259sird\u0259n azad olsunlar. \u00c7\u00fcnki \u00f6lk\u0259mizin n\u00fcfuzu art\u0131r, imkanlar\u0131 art\u0131r. Bizim i\u015ftirak\u0131m\u0131z, raz\u0131l\u0131\u011f\u0131m\u0131z olmadan regional m\u00fcst\u0259vid\u0259 he\u00e7 bir t\u0259\u015f\u0259bb\u00fcs, yaxud da ki, layih\u0259 icra edil\u0259 bilm\u0259z. \u018flb\u0259tt\u0259, bel\u0259 olan halda biz\u0259 h\u0259m maraq art\u0131r, h\u0259m d\u0259 ki, b\u0259zi dair\u0259l\u0259r t\u0259r\u0259find\u0259n t\u0259zyiqetm\u0259 c\u0259hdl\u0259ri d\u0259 arta bil\u0259r. D\u00fczd\u00fcr, son 16 ilin t\u0259cr\u00fcb\u0259si onu g\u00f6st\u0259rir ki, k\u0259nardan edil\u0259n h\u0259r hans\u0131 bir t\u0259zyiq\u0259 Az\u0259rbaycan \u00e7ox b\u00f6y\u00fck m\u0259har\u0259tl\u0259 v\u0259 l\u0259yaq\u0259tl\u0259 davam g\u0259tir\u0259 bilir. Biz\u0259 qar\u015f\u0131 \u00fcnvanlanm\u0131\u015f b\u00fct\u00fcn bu oxlara, silahlara tutarl\u0131 cavab ver\u0259 bilmi\u015fik. Bu cavab\u0131n \u0259sas mahiyy\u0259ti ondan ibar\u0259tdir ki, xalq-iqtidar birliyi bug\u00fcnk\u00fc sabitliyin v\u0259 m\u00fcst\u0259qil h\u0259yat\u0131m\u0131z\u0131n \u0259sas t\u0259minat\u00e7\u0131s\u0131d\u0131r. Ancaq yen\u0259 d\u0259 deyir\u0259m, g\u0259ncl\u0259r m\u00fctl\u0259q m\u0259hz v\u0259t\u0259np\u0259rv\u0259rlik ruhunda t\u0259rbiy\u0259 almal\u0131 v\u0259 t\u0259cr\u00fcb\u0259 toplamal\u0131d\u0131lar. Ona g\u00f6r\u0259 son d\u00f6vr\u00fcn kadr islahatlar\u0131n\u0131n m\u0259qs\u0259dl\u0259rind\u0259n biri d\u0259 odur ki, biz g\u0259ncl\u0259r\u0259 daha geni\u015f imkanlar yaradaq, geni\u015f meydan ver\u0259k ki, onlar h\u0259m t\u0259cr\u00fcb\u0259 toplas\u0131nlar, h\u0259m d\u0259 g\u0259l\u0259c\u0259kd\u0259 \u00f6z i\u015fl\u0259ri il\u0259 \u00fcmumi i\u015fimiz\u0259 t\u00f6hf\u0259 versinl\u0259r&#8221;.<\/p>\n<p>Prezident \u0130lham \u018fliyev qeyd edib ki, bu g\u00fcn kadr islahatlar\u0131n\u0131n yeni d\u00f6vr\u00fcd\u00fcr: &#8220;Bu g\u00fcn bir ne\u00e7\u0259 rayona icra ba\u015f\u00e7\u0131lar\u0131 t\u0259yin olunur. Onlar\u0131n b\u0259zil\u0259ri art\u0131q ne\u00e7\u0259 ildir ki, icra ba\u015f\u00e7\u0131s\u0131 v\u0259zif\u0259sind\u0259 i\u015fl\u0259yirl\u0259r, b\u0259zil\u0259ri bu g\u00fcn bu m\u0259sul v\u0259zif\u0259y\u0259 t\u0259yin olunurlar. Biz burada t\u0259cr\u00fcb\u0259 il\u0259 yeniliyin sintezini, v\u0259hd\u0259tini g\u00f6r\u00fcr\u00fck v\u0259 bu, u\u011furlar\u0131m\u0131z\u0131n \u0259sas bazas\u0131d\u0131r.<\/p>\n<p>Yeni t\u0259yin olunan icra ba\u015f\u00e7\u0131lar\u0131na m\u0259nim s\u00f6z\u00fcm odur ki, siz, ilk n\u00f6vb\u0259d\u0259, v\u0259ziyy\u0259ti d\u00fczg\u00fcn qiym\u0259tl\u0259ndirm\u0259lisiniz, \u00e7ox ciddi t\u0259hlil aparmal\u0131s\u0131n\u0131z, \u00e7at\u0131\u015fmayan c\u0259h\u0259tl\u0259ri \u00fcz\u0259 \u00e7\u0131xarmal\u0131s\u0131n\u0131z v\u0259 m\u00f6vcud olan probleml\u0259rin h\u0259lli \u00fc\u00e7\u00fcn s\u0259yl\u0259rinizi g\u00f6st\u0259rm\u0259lisiniz. O probleml\u0259r ki, h\u0259lli m\u0259rk\u0259zi icra orqanlar\u0131ndan as\u0131l\u0131d\u0131r, siz m\u00fctl\u0259q m\u0259rk\u0259zi icra orqanlar\u0131na, Prezident Administrasiyas\u0131na, Nazirl\u0259r Kabinetin\u0259, dig\u0259r m\u00fcvafiq qurumlara m\u00fcraci\u0259t etm\u0259lisiniz. O m\u0259s\u0259l\u0259l\u0259ri ki, \u00f6z\u00fcn\u00fcz h\u0259ll ed\u0259 bil\u0259rsiniz, \u00f6z\u00fcn\u00fcz d\u0259 h\u0259ll etm\u0259lisiniz. Ba\u015fl\u0131ca m\u0259s\u0259l\u0259 ondan ibar\u0259tdir ki, sizin i\u015finizd\u0259 \u0259sas prinsipl\u0259r b\u0259rq\u0259rar olsun. Birinci halda l\u0259yaq\u0259tl\u0259 xidm\u0259t etm\u0259lisiniz. Bu, h\u0259m bu g\u00fcn yeni t\u0259yin olunan icra ba\u015f\u00e7\u0131lar\u0131na, h\u0259m d\u0259 art\u0131q icra ba\u015f\u00e7\u0131s\u0131 v\u0259zif\u0259sind\u0259 i\u015fl\u0259mi\u015f v\u0259 dig\u0259r rayon v\u0259 \u015f\u0259h\u0259rl\u0259r\u0259 g\u00f6nd\u0259ril\u0259n icra ba\u015f\u00e7\u0131lar\u0131na aiddir. Xalqa xidm\u0259t etm\u0259k h\u0259r bir d\u00f6vl\u0259t m\u0259murunun borcudur v\u0259 d\u0259f\u0259l\u0259rl\u0259 demi\u015f\u0259m ki, m\u0259n Prezident kimi \u00f6z v\u0259zif\u0259mi bunda g\u00f6r\u00fcr\u0259m &#8211; xalqa xidm\u0259t etm\u0259k. M\u0259hz bu xidm\u0259t\u0259 g\u00f6r\u0259 Az\u0259rbaycan \u0259halisi biz\u0259 \u00e7ox b\u00f6y\u00fck d\u0259st\u0259k g\u00f6st\u0259rir&#8221;.<\/p>\n","protected":false},"excerpt":{"rendered":"<p>Prezident kimi \u00f6z v\u0259zif\u0259mi bunda g\u00f6r\u00fcr\u0259m &#8211; xalqa xidm\u0259t etm\u0259k. ARANTV.AZ\u00a0\u00a0AZ\u018fRTAC-a istinad\u0259n x\u0259b\u0259r verir ki, bunu Az\u0259rbaycan Prezidenti \u0130lham \u018fliyev \u0130lqar Abbasovu \u015eirvan \u015f\u0259h\u0259r, M\u0259rdan Camalovu Z\u0259rdab, \u018fziz \u018fzizovu Bak\u0131n\u0131n Suraxan\u0131, El\u015fad H\u0259s\u0259novu Yasamal, Rafiq Quliyevi X\u0259tai rayonlar\u0131n\u0131n icra hakimiyy\u0259tl\u0259rinin ba\u015f\u00e7\u0131lar\u0131 v\u0259zif\u0259l\u0259rin\u0259 t\u0259yin olunmalar\u0131 il\u0259 ba\u011fl\u0131 q\u0259bul ed\u0259rk\u0259n deyib. D\u00f6vl\u0259t ba\u015f\u00e7\u0131s\u0131 bildirib: &#8220;M\u00fcsb\u0259t n\u0259tic\u0259l\u0259ri qorumaq v\u0259 onlar\u0131 art\u0131rmaq \u00fc\u00e7\u00fcn m\u00fctl\u0259q kadr islahat\u0131 da apar\u0131lmal\u0131d\u0131r. Bu m\u0259qs\u0259dl\u0259 Az\u0259rbaycanda haz\u0131rda \u00e7ox ciddi kadr islahatlar\u0131 apar\u0131l\u0131r. H\u0259m t\u0259cr\u00fcb\u0259 qazanm\u0131\u015f kadrlar daha da s\u0259m\u0259r\u0259li \u00f6z i\u015fl\u0259rini qururlar, eyni zamanda, g\u0259ncl\u0259r\u0259 d\u0259 b\u00f6y\u00fck meydan verilir.&hellip;<\/p>\n","protected":false},"author":2,"featured_media":95492,"comment_status":"closed","ping_status":"closed","sticky":false,"template":"","format":"standard","meta":{"om_disable_all_campaigns":false,"_monsterinsights_skip_tracking":false,"_monsterinsights_sitenote_active":false,"_monsterinsights_sitenote_note":"","_monsterinsights_sitenote_category":0},"categories":[4],"tags":[],"aioseo_notices":[],"gutentor_comment":0,"rttpg_featured_image_url":{"full":["https:\/\/arantv.az\/wp-content\/uploads\/2019\/11\/2018_ilham_aliyev_01-3.jpg",1200,900,false],"landscape":["https:\/\/arantv.az\/wp-content\/uploads\/2019\/11\/2018_ilham_aliyev_01-3.jpg",1200,900,false],"portraits":["https:\/\/arantv.az\/wp-content\/uploads\/2019\/11\/2018_ilham_aliyev_01-3.jpg",1200,900,false],"thumbnail":["https:\/\/arantv.az\/wp-content\/uploads\/2019\/11\/2018_ilham_aliyev_01-3-150x150.jpg",150,150,true],"medium":["https:\/\/arantv.az\/wp-content\/uploads\/2019\/11\/2018_ilham_aliyev_01-3-300x225.jpg",300,225,true],"large":["https:\/\/arantv.az\/wp-content\/uploads\/2019\/11\/2018_ilham_aliyev_01-3-1024x768.jpg",640,480,true],"1536x1536":["https:\/\/arantv.az\/wp-content\/uploads\/2019\/11\/2018_ilham_aliyev_01-3.jpg",1200,900,false],"2048x2048":["https:\/\/arantv.az\/wp-content\/uploads\/2019\/11\/2018_ilham_aliyev_01-3.jpg",1200,900,false],"post-thumbnail":["https:\/\/arantv.az\/wp-content\/uploads\/2019\/11\/2018_ilham_aliyev_01-3-240x172.jpg",240,172,true],"advps-thumb-one":["https:\/\/arantv.az\/wp-content\/uploads\/2019\/11\/2018_ilham_aliyev_01-3-1200x620.jpg",1200,620,true]},"rttpg_author":{"display_name":"V\u00fcsal Rafiqo\u011flu","author_link":"https:\/\/arantv.az\/?author=2"},"rttpg_comment":0,"rttpg_category":"<a href=\"https:\/\/arantv.az\/?cat=4\" rel=\"category\">Siyas\u0259t<\/a>","rttpg_excerpt":"Prezident kimi \u00f6z v\u0259zif\u0259mi bunda g\u00f6r\u00fcr\u0259m &#8211; xalqa xidm\u0259t etm\u0259k. ARANTV.AZ\u00a0\u00a0AZ\u018fRTAC-a istinad\u0259n x\u0259b\u0259r verir ki, bunu Az\u0259rbaycan Prezidenti \u0130lham \u018fliyev \u0130lqar Abbasovu \u015eirvan \u015f\u0259h\u0259r, M\u0259rdan Camalovu Z\u0259rdab, \u018fziz \u018fzizovu Bak\u0131n\u0131n Suraxan\u0131, El\u015fad H\u0259s\u0259novu Yasamal, Rafiq Quliyevi X\u0259tai rayonlar\u0131n\u0131n icra hakimiyy\u0259tl\u0259rinin ba\u015f\u00e7\u0131lar\u0131 v\u0259zif\u0259l\u0259rin\u0259 t\u0259yin olunmalar\u0131 il\u0259 ba\u011fl\u0131 q\u0259bul ed\u0259rk\u0259n deyib. D\u00f6vl\u0259t ba\u015f\u00e7\u0131s\u0131 bildirib: &#8220;M\u00fcsb\u0259t n\u0259tic\u0259l\u0259ri qorumaq&hellip;","_links":{"self":[{"href":"https:\/\/arantv.az\/index.php?rest_route=\/wp\/v2\/posts\/95491"}],"collection":[{"href":"https:\/\/arantv.az\/index.php?rest_route=\/wp\/v2\/posts"}],"about":[{"href":"https:\/\/arantv.az\/index.php?rest_route=\/wp\/v2\/types\/post"}],"author":[{"embeddable":true,"href":"https:\/\/arantv.az\/index.php?rest_route=\/wp\/v2\/users\/2"}],"replies":[{"embeddable":true,"href":"https:\/\/arantv.az\/index.php?rest_route=%2Fwp%2Fv2%2Fcomments&post=95491"}],"version-history":[{"count":0,"href":"https:\/\/arantv.az\/index.php?rest_route=\/wp\/v2\/posts\/95491\/revisions"}],"wp:featuredmedia":[{"embeddable":true,"href":"https:\/\/arantv.az\/index.php?rest_route=\/wp\/v2\/media\/95492"}],"wp:attachment":[{"href":"https:\/\/arantv.az\/index.php?rest_route=%2Fwp%2Fv2%2Fmedia&parent=95491"}],"wp:term":[{"taxonomy":"category","embeddable":true,"href":"https:\/\/arantv.az\/index.php?rest_route=%2Fwp%2Fv2%2Fcategories&post=95491"},{"taxonomy":"post_tag","embeddable":true,"href":"https:\/\/arantv.az\/index.php?rest_route=%2Fwp%2Fv2%2Ftags&post=95491"}],"curies":[{"name":"wp","href":"https:\/\/api.w.org\/{rel}","templated":true}]}}