{"id":95503,"date":"2019-11-12T16:06:41","date_gmt":"2019-11-12T13:06:41","guid":{"rendered":"http:\/\/arantv.az\/?p=95503"},"modified":"2019-11-12T16:06:41","modified_gmt":"2019-11-12T13:06:41","slug":"fransada-z%c9%99lz%c9%99l%c9%99-ol%c9%99nl%c9%99r-var","status":"publish","type":"post","link":"https:\/\/arantv.az\/?p=95503","title":{"rendered":"Fransada z\u0259lz\u0259l\u0259: \u00d6l\u0259nl\u0259r var"},"content":{"rendered":"<p>Noyabr\u0131n 11-d\u0259 Fransan\u0131n c\u0259nub-\u015f\u0259rqind\u0259ki Le Tay b\u00f6lg\u0259sind\u0259 5,4 bal g\u00fcc\u00fcnd\u0259 z\u0259lz\u0259l\u0259 ba\u015f verib.<\/p>\n<p>Episentri Montelimar \u015f\u0259h\u0259rind\u0259 ba\u015f ver\u0259n z\u0259lz\u0259l\u0259 n\u0259tic\u0259sind\u0259 30 ev tamamil\u0259 da\u011f\u0131l\u0131b, 250 ev\u0259 ciddi ziyan d\u0259yib.<\/p>\n<p>Z\u0259lz\u0259l\u0259 c\u0259mi on saniy\u0259 davam edib. Z\u0259lz\u0259l\u0259nin t\u0259siri Lion, Montpellier, Aviqnon b\u00f6lg\u0259l\u0259rind\u0259 d\u0259 hiss olunub.<\/p>\n<p>Arde\u00e7e prefekturas\u0131nda is\u0259 \u00fc\u00e7 qurban\u0131n oldu\u011fu bildirilir.<\/p>\n<p>Kommunan\u0131n 300-\u0259 yax\u0131n sakini t\u0259\u015fvi\u015f\u0259 d\u00fc\u015f\u0259r\u0259k \u0259razini t\u0259rk edib v\u0259 yerli m\u0259kt\u0259bl\u0259rd\u0259 m\u0259skunla\u015f\u0131b.<\/p>\n","protected":false},"excerpt":{"rendered":"<p>Noyabr\u0131n 11-d\u0259 Fransan\u0131n c\u0259nub-\u015f\u0259rqind\u0259ki Le Tay b\u00f6lg\u0259sind\u0259 5,4 bal g\u00fcc\u00fcnd\u0259 z\u0259lz\u0259l\u0259 ba\u015f verib. Episentri Montelimar \u015f\u0259h\u0259rind\u0259 ba\u015f ver\u0259n z\u0259lz\u0259l\u0259 n\u0259tic\u0259sind\u0259 30 ev tamamil\u0259 da\u011f\u0131l\u0131b, 250 ev\u0259 ciddi ziyan d\u0259yib. Z\u0259lz\u0259l\u0259 c\u0259mi on saniy\u0259 davam edib. Z\u0259lz\u0259l\u0259nin t\u0259siri Lion, Montpellier, Aviqnon b\u00f6lg\u0259l\u0259rind\u0259 d\u0259 hiss olunub. Arde\u00e7e prefekturas\u0131nda is\u0259 \u00fc\u00e7 qurban\u0131n oldu\u011fu bildirilir. Kommunan\u0131n 300-\u0259 yax\u0131n sakini t\u0259\u015fvi\u015f\u0259 d\u00fc\u015f\u0259r\u0259k \u0259razini t\u0259rk edib v\u0259 yerli m\u0259kt\u0259bl\u0259rd\u0259 m\u0259skunla\u015f\u0131b.<\/p>\n","protected":false},"author":2,"featured_media":95504,"comment_status":"closed","ping_status":"closed","sticky":false,"template":"","format":"standard","meta":{"om_disable_all_campaigns":false,"_monsterinsights_skip_tracking":false,"_monsterinsights_sitenote_active":false,"_monsterinsights_sitenote_note":"","_monsterinsights_sitenote_category":0},"categories":[7],"tags":[],"aioseo_notices":[],"gutentor_comment":0,"rttpg_featured_image_url":{"full":["https:\/\/arantv.az\/wp-content\/uploads\/2019\/11\/0_Earthquake-in-Teil.jpg",620,326,false],"landscape":["https:\/\/arantv.az\/wp-content\/uploads\/2019\/11\/0_Earthquake-in-Teil.jpg",620,326,false],"portraits":["https:\/\/arantv.az\/wp-content\/uploads\/2019\/11\/0_Earthquake-in-Teil.jpg",620,326,false],"thumbnail":["https:\/\/arantv.az\/wp-content\/uploads\/2019\/11\/0_Earthquake-in-Teil-150x150.jpg",150,150,true],"medium":["https:\/\/arantv.az\/wp-content\/uploads\/2019\/11\/0_Earthquake-in-Teil-300x158.jpg",300,158,true],"large":["https:\/\/arantv.az\/wp-content\/uploads\/2019\/11\/0_Earthquake-in-Teil.jpg",620,326,false],"1536x1536":["https:\/\/arantv.az\/wp-content\/uploads\/2019\/11\/0_Earthquake-in-Teil.jpg",620,326,false],"2048x2048":["https:\/\/arantv.az\/wp-content\/uploads\/2019\/11\/0_Earthquake-in-Teil.jpg",620,326,false],"post-thumbnail":["https:\/\/arantv.az\/wp-content\/uploads\/2019\/11\/0_Earthquake-in-Teil-240x172.jpg",240,172,true],"advps-thumb-one":["https:\/\/arantv.az\/wp-content\/uploads\/2019\/11\/0_Earthquake-in-Teil.jpg",620,326,false]},"rttpg_author":{"display_name":"V\u00fcsal Rafiqo\u011flu","author_link":"https:\/\/arantv.az\/?author=2"},"rttpg_comment":0,"rttpg_category":"<a href=\"https:\/\/arantv.az\/?cat=7\" rel=\"category\">D\u00fcnya<\/a>","rttpg_excerpt":"Noyabr\u0131n 11-d\u0259 Fransan\u0131n c\u0259nub-\u015f\u0259rqind\u0259ki Le Tay b\u00f6lg\u0259sind\u0259 5,4 bal g\u00fcc\u00fcnd\u0259 z\u0259lz\u0259l\u0259 ba\u015f verib. Episentri Montelimar \u015f\u0259h\u0259rind\u0259 ba\u015f ver\u0259n z\u0259lz\u0259l\u0259 n\u0259tic\u0259sind\u0259 30 ev tamamil\u0259 da\u011f\u0131l\u0131b, 250 ev\u0259 ciddi ziyan d\u0259yib. Z\u0259lz\u0259l\u0259 c\u0259mi on saniy\u0259 davam edib. Z\u0259lz\u0259l\u0259nin t\u0259siri Lion, Montpellier, Aviqnon b\u00f6lg\u0259l\u0259rind\u0259 d\u0259 hiss olunub. Arde\u00e7e prefekturas\u0131nda is\u0259 \u00fc\u00e7 qurban\u0131n oldu\u011fu bildirilir. Kommunan\u0131n 300-\u0259 yax\u0131n sakini&hellip;","_links":{"self":[{"href":"https:\/\/arantv.az\/index.php?rest_route=\/wp\/v2\/posts\/95503"}],"collection":[{"href":"https:\/\/arantv.az\/index.php?rest_route=\/wp\/v2\/posts"}],"about":[{"href":"https:\/\/arantv.az\/index.php?rest_route=\/wp\/v2\/types\/post"}],"author":[{"embeddable":true,"href":"https:\/\/arantv.az\/index.php?rest_route=\/wp\/v2\/users\/2"}],"replies":[{"embeddable":true,"href":"https:\/\/arantv.az\/index.php?rest_route=%2Fwp%2Fv2%2Fcomments&post=95503"}],"version-history":[{"count":0,"href":"https:\/\/arantv.az\/index.php?rest_route=\/wp\/v2\/posts\/95503\/revisions"}],"wp:featuredmedia":[{"embeddable":true,"href":"https:\/\/arantv.az\/index.php?rest_route=\/wp\/v2\/media\/95504"}],"wp:attachment":[{"href":"https:\/\/arantv.az\/index.php?rest_route=%2Fwp%2Fv2%2Fmedia&parent=95503"}],"wp:term":[{"taxonomy":"category","embeddable":true,"href":"https:\/\/arantv.az\/index.php?rest_route=%2Fwp%2Fv2%2Fcategories&post=95503"},{"taxonomy":"post_tag","embeddable":true,"href":"https:\/\/arantv.az\/index.php?rest_route=%2Fwp%2Fv2%2Ftags&post=95503"}],"curies":[{"name":"wp","href":"https:\/\/api.w.org\/{rel}","templated":true}]}}