{"id":95511,"date":"2019-11-12T16:21:28","date_gmt":"2019-11-12T13:21:28","guid":{"rendered":"http:\/\/arantv.az\/?p=95511"},"modified":"2019-11-12T16:21:28","modified_gmt":"2019-11-12T13:21:28","slug":"az%c9%99rbaycan-prezidenti-xalqa-xidm%c9%99t-etm%c9%99k-h%c9%99r-bir-dovl%c9%99t-m%c9%99murunun-borcudur","status":"publish","type":"post","link":"https:\/\/arantv.az\/?p=95511","title":{"rendered":"Az\u0259rbaycan Prezidenti: &#8220;Xalqa xidm\u0259t etm\u0259k h\u0259r bir d\u00f6vl\u0259t m\u0259murunun borcudur&#8221;"},"content":{"rendered":"<blockquote><p><em><strong>Xalqa xidm\u0259t etm\u0259k h\u0259r bir d\u00f6vl\u0259t m\u0259murunun borcudur.<\/strong><\/em><\/p><\/blockquote>\n<p><strong>ARANTV.AZ<\/strong>\u00a0\u00a0<a href=\"https:\/\/azertag.az\/\" target=\"_blank\" rel=\"noopener\">AZ\u018fRTAC<\/a>-a istinad\u0259n x\u0259b\u0259r verir ki, bunu Az\u0259rbaycan Prezidenti \u0130lham \u018fliyev \u0130lqar Abbasovu \u015eirvan \u015f\u0259h\u0259r, M\u0259rdan Camalovu Z\u0259rdab, \u018fziz \u018fzizovu Bak\u0131n\u0131n Suraxan\u0131, El\u015fad H\u0259s\u0259novu Yasamal, Rafiq Quliyevi X\u0259tai rayonlar\u0131n\u0131n icra hakimiyy\u0259tl\u0259rinin ba\u015f\u00e7\u0131lar\u0131 v\u0259zif\u0259l\u0259rin\u0259 t\u0259yin olunmalar\u0131 il\u0259 ba\u011fl\u0131 q\u0259bul ed\u0259rk\u0259n deyib.<\/p>\n<p>D\u00f6vl\u0259t ba\u015f\u00e7\u0131s\u0131 bildirib: &#8220;T\u0259yin olunan icra ba\u015f\u00e7\u0131lar\u0131na m\u0259nim s\u00f6z\u00fcm odur ki, siz, ilk n\u00f6vb\u0259d\u0259, v\u0259ziyy\u0259ti d\u00fczg\u00fcn qiym\u0259tl\u0259ndirm\u0259lisiniz, \u00e7ox ciddi t\u0259hlil aparmal\u0131s\u0131n\u0131z, \u00e7at\u0131\u015fmayan c\u0259h\u0259tl\u0259ri \u00fcz\u0259 \u00e7\u0131xarmal\u0131s\u0131n\u0131z v\u0259 m\u00f6vcud olan probleml\u0259rin h\u0259lli \u00fc\u00e7\u00fcn s\u0259yl\u0259rinizi g\u00f6st\u0259rm\u0259lisiniz. O probleml\u0259r ki, h\u0259lli m\u0259rk\u0259zi icra orqanlar\u0131ndan as\u0131l\u0131d\u0131r, siz m\u00fctl\u0259q m\u0259rk\u0259zi icra orqanlar\u0131na, Prezident Administrasiyas\u0131na, Nazirl\u0259r Kabinetin\u0259, dig\u0259r m\u00fcvafiq qurumlara m\u00fcraci\u0259t etm\u0259lisiniz. O m\u0259s\u0259l\u0259l\u0259ri ki, \u00f6z\u00fcn\u00fcz h\u0259ll ed\u0259 bil\u0259rsiniz, \u00f6z\u00fcn\u00fcz d\u0259 h\u0259ll etm\u0259lisiniz. Ba\u015fl\u0131ca m\u0259s\u0259l\u0259 ondan ibar\u0259tdir ki, sizin i\u015finizd\u0259 \u0259sas prinsipl\u0259r b\u0259rq\u0259rar olsun. Birinci halda l\u0259yaq\u0259tl\u0259 xidm\u0259t etm\u0259lisiniz. Bu, h\u0259m bu g\u00fcn yeni t\u0259yin olunan icra ba\u015f\u00e7\u0131lar\u0131na, h\u0259m d\u0259 art\u0131q icra ba\u015f\u00e7\u0131s\u0131 v\u0259zif\u0259sind\u0259 i\u015fl\u0259mi\u015f v\u0259 dig\u0259r rayon v\u0259 \u015f\u0259h\u0259rl\u0259r\u0259 g\u00f6nd\u0259ril\u0259n icra ba\u015f\u00e7\u0131lar\u0131na aiddir. Xalqa xidm\u0259t etm\u0259k h\u0259r bir d\u00f6vl\u0259t m\u0259murunun borcudur v\u0259 d\u0259f\u0259l\u0259rl\u0259 demi\u015f\u0259m ki, m\u0259n Prezident kimi \u00f6z v\u0259zif\u0259mi bunda g\u00f6r\u00fcr\u0259m &#8211; xalqa xidm\u0259t etm\u0259k. M\u0259hz bu xidm\u0259t\u0259 g\u00f6r\u0259 Az\u0259rbaycan \u0259halisi biz\u0259 \u00e7ox b\u00f6y\u00fck d\u0259st\u0259k g\u00f6st\u0259rir&#8221;.<\/p>\n","protected":false},"excerpt":{"rendered":"<p>Xalqa xidm\u0259t etm\u0259k h\u0259r bir d\u00f6vl\u0259t m\u0259murunun borcudur. ARANTV.AZ\u00a0\u00a0AZ\u018fRTAC-a istinad\u0259n x\u0259b\u0259r verir ki, bunu Az\u0259rbaycan Prezidenti \u0130lham \u018fliyev \u0130lqar Abbasovu \u015eirvan \u015f\u0259h\u0259r, M\u0259rdan Camalovu Z\u0259rdab, \u018fziz \u018fzizovu Bak\u0131n\u0131n Suraxan\u0131, El\u015fad H\u0259s\u0259novu Yasamal, Rafiq Quliyevi X\u0259tai rayonlar\u0131n\u0131n icra hakimiyy\u0259tl\u0259rinin ba\u015f\u00e7\u0131lar\u0131 v\u0259zif\u0259l\u0259rin\u0259 t\u0259yin olunmalar\u0131 il\u0259 ba\u011fl\u0131 q\u0259bul ed\u0259rk\u0259n deyib. D\u00f6vl\u0259t ba\u015f\u00e7\u0131s\u0131 bildirib: &#8220;T\u0259yin olunan icra ba\u015f\u00e7\u0131lar\u0131na m\u0259nim s\u00f6z\u00fcm odur ki, siz, ilk n\u00f6vb\u0259d\u0259, v\u0259ziyy\u0259ti d\u00fczg\u00fcn qiym\u0259tl\u0259ndirm\u0259lisiniz, \u00e7ox ciddi t\u0259hlil aparmal\u0131s\u0131n\u0131z, \u00e7at\u0131\u015fmayan c\u0259h\u0259tl\u0259ri \u00fcz\u0259 \u00e7\u0131xarmal\u0131s\u0131n\u0131z v\u0259 m\u00f6vcud olan probleml\u0259rin h\u0259lli \u00fc\u00e7\u00fcn s\u0259yl\u0259rinizi g\u00f6st\u0259rm\u0259lisiniz. O probleml\u0259r ki, h\u0259lli m\u0259rk\u0259zi icra orqanlar\u0131ndan as\u0131l\u0131d\u0131r, siz m\u00fctl\u0259q&hellip;<\/p>\n","protected":false},"author":2,"featured_media":95512,"comment_status":"closed","ping_status":"closed","sticky":false,"template":"","format":"standard","meta":{"om_disable_all_campaigns":false,"_monsterinsights_skip_tracking":false,"_monsterinsights_sitenote_active":false,"_monsterinsights_sitenote_note":"","_monsterinsights_sitenote_category":0},"categories":[4],"tags":[],"aioseo_notices":[],"gutentor_comment":0,"rttpg_featured_image_url":{"full":["https:\/\/arantv.az\/wp-content\/uploads\/2019\/11\/2018_ilham_aliyev_02-2.jpg",1200,900,false],"landscape":["https:\/\/arantv.az\/wp-content\/uploads\/2019\/11\/2018_ilham_aliyev_02-2.jpg",1200,900,false],"portraits":["https:\/\/arantv.az\/wp-content\/uploads\/2019\/11\/2018_ilham_aliyev_02-2.jpg",1200,900,false],"thumbnail":["https:\/\/arantv.az\/wp-content\/uploads\/2019\/11\/2018_ilham_aliyev_02-2-150x150.jpg",150,150,true],"medium":["https:\/\/arantv.az\/wp-content\/uploads\/2019\/11\/2018_ilham_aliyev_02-2-300x225.jpg",300,225,true],"large":["https:\/\/arantv.az\/wp-content\/uploads\/2019\/11\/2018_ilham_aliyev_02-2-1024x768.jpg",640,480,true],"1536x1536":["https:\/\/arantv.az\/wp-content\/uploads\/2019\/11\/2018_ilham_aliyev_02-2.jpg",1200,900,false],"2048x2048":["https:\/\/arantv.az\/wp-content\/uploads\/2019\/11\/2018_ilham_aliyev_02-2.jpg",1200,900,false],"post-thumbnail":["https:\/\/arantv.az\/wp-content\/uploads\/2019\/11\/2018_ilham_aliyev_02-2-240x172.jpg",240,172,true],"advps-thumb-one":["https:\/\/arantv.az\/wp-content\/uploads\/2019\/11\/2018_ilham_aliyev_02-2-1200x620.jpg",1200,620,true]},"rttpg_author":{"display_name":"V\u00fcsal Rafiqo\u011flu","author_link":"https:\/\/arantv.az\/?author=2"},"rttpg_comment":0,"rttpg_category":"<a href=\"https:\/\/arantv.az\/?cat=4\" rel=\"category\">Siyas\u0259t<\/a>","rttpg_excerpt":"Xalqa xidm\u0259t etm\u0259k h\u0259r bir d\u00f6vl\u0259t m\u0259murunun borcudur. ARANTV.AZ\u00a0\u00a0AZ\u018fRTAC-a istinad\u0259n x\u0259b\u0259r verir ki, bunu Az\u0259rbaycan Prezidenti \u0130lham \u018fliyev \u0130lqar Abbasovu \u015eirvan \u015f\u0259h\u0259r, M\u0259rdan Camalovu Z\u0259rdab, \u018fziz \u018fzizovu Bak\u0131n\u0131n Suraxan\u0131, El\u015fad H\u0259s\u0259novu Yasamal, Rafiq Quliyevi X\u0259tai rayonlar\u0131n\u0131n icra hakimiyy\u0259tl\u0259rinin ba\u015f\u00e7\u0131lar\u0131 v\u0259zif\u0259l\u0259rin\u0259 t\u0259yin olunmalar\u0131 il\u0259 ba\u011fl\u0131 q\u0259bul ed\u0259rk\u0259n deyib. D\u00f6vl\u0259t ba\u015f\u00e7\u0131s\u0131 bildirib: &#8220;T\u0259yin olunan icra ba\u015f\u00e7\u0131lar\u0131na m\u0259nim&hellip;","_links":{"self":[{"href":"https:\/\/arantv.az\/index.php?rest_route=\/wp\/v2\/posts\/95511"}],"collection":[{"href":"https:\/\/arantv.az\/index.php?rest_route=\/wp\/v2\/posts"}],"about":[{"href":"https:\/\/arantv.az\/index.php?rest_route=\/wp\/v2\/types\/post"}],"author":[{"embeddable":true,"href":"https:\/\/arantv.az\/index.php?rest_route=\/wp\/v2\/users\/2"}],"replies":[{"embeddable":true,"href":"https:\/\/arantv.az\/index.php?rest_route=%2Fwp%2Fv2%2Fcomments&post=95511"}],"version-history":[{"count":0,"href":"https:\/\/arantv.az\/index.php?rest_route=\/wp\/v2\/posts\/95511\/revisions"}],"wp:featuredmedia":[{"embeddable":true,"href":"https:\/\/arantv.az\/index.php?rest_route=\/wp\/v2\/media\/95512"}],"wp:attachment":[{"href":"https:\/\/arantv.az\/index.php?rest_route=%2Fwp%2Fv2%2Fmedia&parent=95511"}],"wp:term":[{"taxonomy":"category","embeddable":true,"href":"https:\/\/arantv.az\/index.php?rest_route=%2Fwp%2Fv2%2Fcategories&post=95511"},{"taxonomy":"post_tag","embeddable":true,"href":"https:\/\/arantv.az\/index.php?rest_route=%2Fwp%2Fv2%2Ftags&post=95511"}],"curies":[{"name":"wp","href":"https:\/\/api.w.org\/{rel}","templated":true}]}}