{"id":95515,"date":"2019-11-12T16:22:13","date_gmt":"2019-11-12T13:22:13","guid":{"rendered":"http:\/\/arantv.az\/?p=95515"},"modified":"2019-11-12T16:22:13","modified_gmt":"2019-11-12T13:22:13","slug":"az%c9%99rbaycan-prezidenti-bir-daha-v%c9%99t%c9%99ndaslara-muraci%c9%99t-etm%c9%99k-ist%c9%99yir%c9%99m-%c9%99g%c9%99r-gors%c9%99niz-ki-r%c9%99hb%c9%99r-s%c9%99xsl%c9%99r-%c9%99yri-yola-gedirl","status":"publish","type":"post","link":"https:\/\/arantv.az\/?p=95515","title":{"rendered":"Az\u0259rbaycan Prezidenti: &#8220;Bir daha v\u0259t\u0259nda\u015flara m\u00fcraci\u0259t etm\u0259k ist\u0259yir\u0259m, \u0259g\u0259r g\u00f6rs\u0259niz ki, r\u0259hb\u0259r \u015f\u0259xsl\u0259r \u0259yri yola gedirl\u0259r, m\u00fctl\u0259q m\u0259lumat verin&#8221;"},"content":{"rendered":"<blockquote><p><strong>Bir daha v\u0259t\u0259nda\u015flara m\u00fcraci\u0259t etm\u0259k ist\u0259yir\u0259m, \u0259g\u0259r g\u00f6rs\u0259niz ki, r\u0259hb\u0259r \u015f\u0259xsl\u0259r \u0259yri yola gedirl\u0259r, m\u00fctl\u0259q m\u0259lumat verin.<\/strong><\/p><\/blockquote>\n<p><strong>ARANTV.AZ<\/strong>\u00a0\u00a0<a href=\"https:\/\/azertag.az\/\" target=\"_blank\" rel=\"noopener\">AZ\u018fRTAC<\/a>-a istinad\u0259n x\u0259b\u0259r verir ki, bunu Az\u0259rbaycan Prezidenti \u0130lham \u018fliyev \u0130lqar Abbasovu \u015eirvan \u015f\u0259h\u0259r, M\u0259rdan Camalovu Z\u0259rdab, \u018fziz \u018fzizovu Bak\u0131n\u0131n Suraxan\u0131, El\u015fad H\u0259s\u0259novu Yasamal, Rafiq Quliyevi X\u0259tai rayonlar\u0131n\u0131n icra hakimiyy\u0259tl\u0259rinin ba\u015f\u00e7\u0131lar\u0131 v\u0259zif\u0259l\u0259rin\u0259 t\u0259yin olunmalar\u0131 il\u0259 ba\u011fl\u0131 q\u0259bul ed\u0259rk\u0259n deyib.<\/p>\n<p>D\u00f6vl\u0259t ba\u015f\u00e7\u0131s\u0131 bildirib: &#8220;\u0130cra ba\u015f\u00e7\u0131lar\u0131 pe\u015f\u0259kar olmal\u0131d\u0131rlar, bilikli olmal\u0131d\u0131rlar v\u0259 onlar i\u015fl\u0259dikl\u0259ri rayonda, \u015f\u0259h\u0259rd\u0259 n\u00fcfuz qazanmal\u0131d\u0131rlar. Bu, onlar\u0131n s\u0131rf \u00f6z i\u015find\u0259n as\u0131l\u0131d\u0131r. Prezidentin etimad\u0131 art\u0131q xalqa bir mesajd\u0131r ki, Prezident bu \u015f\u0259xsl\u0259r\u0259 etimad g\u00f6st\u0259rir. Ancaq bu etimad m\u00fctl\u0259q deyil, bu g\u00fcn var, sabah olmaya bil\u0259r. Bu, art\u0131q sizin i\u015finizd\u0259n as\u0131l\u0131d\u0131r. Siz i\u015fi el\u0259 qurmal\u0131s\u0131n\u0131z ki, v\u0259t\u0259nda\u015flar sizi d\u0259st\u0259kl\u0259sinl\u0259r, siz\u0259 dayaq olsunlar. \u018fg\u0259r siz hans\u0131sa b\u0259d \u0259m\u0259l\u0259 d\u00fc\u00e7ar olsan\u0131z, \u0259lb\u0259tt\u0259 ki, biz d\u0259rhal bundan x\u0259b\u0259r tutaca\u011f\u0131q v\u0259 c\u0259zan\u0131z\u0131 alacaqs\u0131n\u0131z. El\u0259 i\u015fl\u0259m\u0259lisiniz ki, xalq sizd\u0259n raz\u0131 olsun. \u0130lk n\u00f6vb\u0259d\u0259, xalqa xidm\u0259t etm\u0259k v\u0259 \u00f6z v\u0259zif\u0259nizin \u00f6hd\u0259sind\u0259n pe\u015f\u0259karcas\u0131na g\u0259lm\u0259k sizin borcunuzdur. Dig\u0259r t\u0259r\u0259fd\u0259n, r\u0259hb\u0259rlik ed\u0259c\u0259yiniz \u015f\u0259h\u0259r v\u0259 rayonlarda xo\u015fag\u0259lm\u0259z hallara qar\u015f\u0131 \u00e7ox ciddi m\u00fcbariz\u0259 aparmal\u0131s\u0131n\u0131z. Korrupsiya, r\u00fc\u015fv\u0259txorluq Az\u0259rbaycan\u0131n g\u00fcnd\u0259liyind\u0259n silinm\u0259lidir. D\u00fczd\u00fcr, el\u0259 \u00f6lk\u0259 yoxdur ki, bu problem orada olmas\u0131n. Amma \u0259sas m\u0259s\u0259l\u0259 ondad\u0131r ki, r\u0259hb\u0259rlik v\u0259 hakimiyy\u0259t, o c\u00fcml\u0259d\u0259n yerli icra orqanlar\u0131 bu m\u0259s\u0259l\u0259y\u0259 nec\u0259 m\u00fcnasib\u0259t g\u00f6st\u0259rirl\u0259r. \u018fg\u0259r g\u00f6zl\u0259rini yumurlarsa, yaxud da ki, \u00f6zl\u0259ri bu \u00e7irkin i\u015fl\u0259r\u0259 qar\u0131\u015f\u0131rlarsa, \u0259lb\u0259tt\u0259 ki, layiqli c\u0259zalar\u0131n\u0131 da alacaqlar v\u0259 almal\u0131d\u0131rlar. Bir daha v\u0259t\u0259nda\u015flara m\u00fcraci\u0259t etm\u0259k ist\u0259yir\u0259m, \u0259g\u0259r g\u00f6rs\u0259niz ki, r\u0259hb\u0259r \u015f\u0259xsl\u0259r \u0259yri yola gedirl\u0259r, m\u00fctl\u0259q m\u0259lumat verin, m\u00fctl\u0259q x\u0259b\u0259r g\u00f6nd\u0259rin v\u0259 biz, \u0259lb\u0259tt\u0259 ki, b\u00fct\u00fcn siqnallar\u0131 yoxlay\u0131b d\u00fczg\u00fcn q\u0259rar q\u0259bul ed\u0259c\u0259yik&#8221;.<\/p>\n","protected":false},"excerpt":{"rendered":"<p>Bir daha v\u0259t\u0259nda\u015flara m\u00fcraci\u0259t etm\u0259k ist\u0259yir\u0259m, \u0259g\u0259r g\u00f6rs\u0259niz ki, r\u0259hb\u0259r \u015f\u0259xsl\u0259r \u0259yri yola gedirl\u0259r, m\u00fctl\u0259q m\u0259lumat verin. ARANTV.AZ\u00a0\u00a0AZ\u018fRTAC-a istinad\u0259n x\u0259b\u0259r verir ki, bunu Az\u0259rbaycan Prezidenti \u0130lham \u018fliyev \u0130lqar Abbasovu \u015eirvan \u015f\u0259h\u0259r, M\u0259rdan Camalovu Z\u0259rdab, \u018fziz \u018fzizovu Bak\u0131n\u0131n Suraxan\u0131, El\u015fad H\u0259s\u0259novu Yasamal, Rafiq Quliyevi X\u0259tai rayonlar\u0131n\u0131n icra hakimiyy\u0259tl\u0259rinin ba\u015f\u00e7\u0131lar\u0131 v\u0259zif\u0259l\u0259rin\u0259 t\u0259yin olunmalar\u0131 il\u0259 ba\u011fl\u0131 q\u0259bul ed\u0259rk\u0259n deyib. D\u00f6vl\u0259t ba\u015f\u00e7\u0131s\u0131 bildirib: &#8220;\u0130cra ba\u015f\u00e7\u0131lar\u0131 pe\u015f\u0259kar olmal\u0131d\u0131rlar, bilikli olmal\u0131d\u0131rlar v\u0259 onlar i\u015fl\u0259dikl\u0259ri rayonda, \u015f\u0259h\u0259rd\u0259 n\u00fcfuz qazanmal\u0131d\u0131rlar. Bu, onlar\u0131n s\u0131rf \u00f6z i\u015find\u0259n as\u0131l\u0131d\u0131r. Prezidentin etimad\u0131 art\u0131q xalqa bir mesajd\u0131r ki, Prezident bu \u015f\u0259xsl\u0259r\u0259 etimad g\u00f6st\u0259rir.&hellip;<\/p>\n","protected":false},"author":2,"featured_media":95516,"comment_status":"closed","ping_status":"closed","sticky":false,"template":"","format":"standard","meta":{"om_disable_all_campaigns":false,"_monsterinsights_skip_tracking":false,"_monsterinsights_sitenote_active":false,"_monsterinsights_sitenote_note":"","_monsterinsights_sitenote_category":0},"categories":[4],"tags":[],"aioseo_notices":[],"gutentor_comment":0,"rttpg_featured_image_url":{"full":["https:\/\/arantv.az\/wp-content\/uploads\/2019\/11\/2018_ilham_aliyev_01-4.jpg",1200,900,false],"landscape":["https:\/\/arantv.az\/wp-content\/uploads\/2019\/11\/2018_ilham_aliyev_01-4.jpg",1200,900,false],"portraits":["https:\/\/arantv.az\/wp-content\/uploads\/2019\/11\/2018_ilham_aliyev_01-4.jpg",1200,900,false],"thumbnail":["https:\/\/arantv.az\/wp-content\/uploads\/2019\/11\/2018_ilham_aliyev_01-4-150x150.jpg",150,150,true],"medium":["https:\/\/arantv.az\/wp-content\/uploads\/2019\/11\/2018_ilham_aliyev_01-4-300x225.jpg",300,225,true],"large":["https:\/\/arantv.az\/wp-content\/uploads\/2019\/11\/2018_ilham_aliyev_01-4-1024x768.jpg",640,480,true],"1536x1536":["https:\/\/arantv.az\/wp-content\/uploads\/2019\/11\/2018_ilham_aliyev_01-4.jpg",1200,900,false],"2048x2048":["https:\/\/arantv.az\/wp-content\/uploads\/2019\/11\/2018_ilham_aliyev_01-4.jpg",1200,900,false],"post-thumbnail":["https:\/\/arantv.az\/wp-content\/uploads\/2019\/11\/2018_ilham_aliyev_01-4-240x172.jpg",240,172,true],"advps-thumb-one":["https:\/\/arantv.az\/wp-content\/uploads\/2019\/11\/2018_ilham_aliyev_01-4-1200x620.jpg",1200,620,true]},"rttpg_author":{"display_name":"V\u00fcsal Rafiqo\u011flu","author_link":"https:\/\/arantv.az\/?author=2"},"rttpg_comment":0,"rttpg_category":"<a href=\"https:\/\/arantv.az\/?cat=4\" rel=\"category\">Siyas\u0259t<\/a>","rttpg_excerpt":"Bir daha v\u0259t\u0259nda\u015flara m\u00fcraci\u0259t etm\u0259k ist\u0259yir\u0259m, \u0259g\u0259r g\u00f6rs\u0259niz ki, r\u0259hb\u0259r \u015f\u0259xsl\u0259r \u0259yri yola gedirl\u0259r, m\u00fctl\u0259q m\u0259lumat verin. ARANTV.AZ\u00a0\u00a0AZ\u018fRTAC-a istinad\u0259n x\u0259b\u0259r verir ki, bunu Az\u0259rbaycan Prezidenti \u0130lham \u018fliyev \u0130lqar Abbasovu \u015eirvan \u015f\u0259h\u0259r, M\u0259rdan Camalovu Z\u0259rdab, \u018fziz \u018fzizovu Bak\u0131n\u0131n Suraxan\u0131, El\u015fad H\u0259s\u0259novu Yasamal, Rafiq Quliyevi X\u0259tai rayonlar\u0131n\u0131n icra hakimiyy\u0259tl\u0259rinin ba\u015f\u00e7\u0131lar\u0131 v\u0259zif\u0259l\u0259rin\u0259 t\u0259yin olunmalar\u0131 il\u0259 ba\u011fl\u0131 q\u0259bul ed\u0259rk\u0259n&hellip;","_links":{"self":[{"href":"https:\/\/arantv.az\/index.php?rest_route=\/wp\/v2\/posts\/95515"}],"collection":[{"href":"https:\/\/arantv.az\/index.php?rest_route=\/wp\/v2\/posts"}],"about":[{"href":"https:\/\/arantv.az\/index.php?rest_route=\/wp\/v2\/types\/post"}],"author":[{"embeddable":true,"href":"https:\/\/arantv.az\/index.php?rest_route=\/wp\/v2\/users\/2"}],"replies":[{"embeddable":true,"href":"https:\/\/arantv.az\/index.php?rest_route=%2Fwp%2Fv2%2Fcomments&post=95515"}],"version-history":[{"count":0,"href":"https:\/\/arantv.az\/index.php?rest_route=\/wp\/v2\/posts\/95515\/revisions"}],"wp:featuredmedia":[{"embeddable":true,"href":"https:\/\/arantv.az\/index.php?rest_route=\/wp\/v2\/media\/95516"}],"wp:attachment":[{"href":"https:\/\/arantv.az\/index.php?rest_route=%2Fwp%2Fv2%2Fmedia&parent=95515"}],"wp:term":[{"taxonomy":"category","embeddable":true,"href":"https:\/\/arantv.az\/index.php?rest_route=%2Fwp%2Fv2%2Fcategories&post=95515"},{"taxonomy":"post_tag","embeddable":true,"href":"https:\/\/arantv.az\/index.php?rest_route=%2Fwp%2Fv2%2Ftags&post=95515"}],"curies":[{"name":"wp","href":"https:\/\/api.w.org\/{rel}","templated":true}]}}