{"id":95519,"date":"2019-11-12T16:23:03","date_gmt":"2019-11-12T13:23:03","guid":{"rendered":"http:\/\/arantv.az\/?p=95519"},"modified":"2019-11-12T16:23:03","modified_gmt":"2019-11-12T13:23:03","slug":"az%c9%99rbaycan-prezidenti-bizim-siyas%c9%99timiz%c9%99-l%c9%99k%c9%99-vuran-h%c9%99r-bir-adam-oz-c%c9%99zasini-alacaq","status":"publish","type":"post","link":"https:\/\/arantv.az\/?p=95519","title":{"rendered":"Az\u0259rbaycan Prezidenti: &#8220;Bizim siyas\u0259timiz\u0259 l\u0259k\u0259 vuran h\u0259r bir adam \u00f6z c\u0259zas\u0131n\u0131 alacaq&#8221;"},"content":{"rendered":"<blockquote><p><em><strong>Bizim siyas\u0259timiz\u0259 l\u0259k\u0259 vuran h\u0259r bir adam \u00f6z c\u0259zas\u0131n\u0131 alacaq.<\/strong><\/em><\/p><\/blockquote>\n<p><strong>ARANTV.AZ<\/strong>\u00a0\u00a0<a href=\"https:\/\/azertag.az\/\" target=\"_blank\" rel=\"noopener\">AZ\u018fRTAC<\/a>-a istinad\u0259n x\u0259b\u0259r verir ki, bunu Az\u0259rbaycan Prezidenti \u0130lham \u018fliyev \u0130lqar Abbasovu \u015eirvan \u015f\u0259h\u0259r, M\u0259rdan Camalovu Z\u0259rdab, \u018fziz \u018fzizovu Bak\u0131n\u0131n Suraxan\u0131, El\u015fad H\u0259s\u0259novu Yasamal, Rafiq Quliyevi X\u0259tai rayonlar\u0131n\u0131n icra hakimiyy\u0259tl\u0259rinin ba\u015f\u00e7\u0131lar\u0131 v\u0259zif\u0259l\u0259rin\u0259 t\u0259yin olunmalar\u0131 il\u0259 ba\u011fl\u0131 q\u0259bul ed\u0259rk\u0259n deyib.<\/p>\n<p>D\u00f6vl\u0259t ba\u015f\u00e7\u0131s\u0131 bildirib: &#8220;\u00d6lk\u0259mizin \u00fcmumi inki\u015faf\u0131 m\u00fcsb\u0259tdir v\u0259 m\u0259n g\u0259l\u0259c\u0259kd\u0259 h\u0259r hans\u0131 bir ciddi problem g\u00f6rm\u00fcr\u0259m. \u00c7\u00fcnki \u00f6lk\u0259miz siyasi c\u0259h\u0259td\u0259n \u00e7ox m\u00f6hk\u0259mdir, sabitlik Az\u0259rbaycan\u0131n u\u011furlu inki\u015faf\u0131n\u0131n \u0259sas amill\u0259rind\u0259n biridir. Sabitliyin t\u0259minat\u00e7\u0131s\u0131 Az\u0259rbaycan xalq\u0131d\u0131r v\u0259 bizim siyas\u0259timizdir. Bizim siyas\u0259timiz\u0259 l\u0259k\u0259 vuran h\u0259r bir adam \u00f6z c\u0259zas\u0131n\u0131 alacaqd\u0131r. Biz bu q\u0259d\u0259r s\u0259y g\u00f6st\u0259ririk, bu q\u0259d\u0259r i\u015fl\u0259r g\u00f6r\u00fcr\u00fck, \u0259g\u0259r hans\u0131sa yaramaz m\u0259mur \u00f6z \u015f\u0259xsi maraqlar\u0131n\u0131 t\u0259min etm\u0259k \u00fc\u00e7\u00fcn hans\u0131sa b\u0259d \u0259m\u0259l t\u00f6r\u0259d\u0259rs\u0259, m\u00fctl\u0259q c\u0259zas\u0131n\u0131 alacaq v\u0259 art\u0131q tarix bunu g\u00f6st\u0259rir&#8221;.<\/p>\n","protected":false},"excerpt":{"rendered":"<p>Bizim siyas\u0259timiz\u0259 l\u0259k\u0259 vuran h\u0259r bir adam \u00f6z c\u0259zas\u0131n\u0131 alacaq. ARANTV.AZ\u00a0\u00a0AZ\u018fRTAC-a istinad\u0259n x\u0259b\u0259r verir ki, bunu Az\u0259rbaycan Prezidenti \u0130lham \u018fliyev \u0130lqar Abbasovu \u015eirvan \u015f\u0259h\u0259r, M\u0259rdan Camalovu Z\u0259rdab, \u018fziz \u018fzizovu Bak\u0131n\u0131n Suraxan\u0131, El\u015fad H\u0259s\u0259novu Yasamal, Rafiq Quliyevi X\u0259tai rayonlar\u0131n\u0131n icra hakimiyy\u0259tl\u0259rinin ba\u015f\u00e7\u0131lar\u0131 v\u0259zif\u0259l\u0259rin\u0259 t\u0259yin olunmalar\u0131 il\u0259 ba\u011fl\u0131 q\u0259bul ed\u0259rk\u0259n deyib. D\u00f6vl\u0259t ba\u015f\u00e7\u0131s\u0131 bildirib: &#8220;\u00d6lk\u0259mizin \u00fcmumi inki\u015faf\u0131 m\u00fcsb\u0259tdir v\u0259 m\u0259n g\u0259l\u0259c\u0259kd\u0259 h\u0259r hans\u0131 bir ciddi problem g\u00f6rm\u00fcr\u0259m. \u00c7\u00fcnki \u00f6lk\u0259miz siyasi c\u0259h\u0259td\u0259n \u00e7ox m\u00f6hk\u0259mdir, sabitlik Az\u0259rbaycan\u0131n u\u011furlu inki\u015faf\u0131n\u0131n \u0259sas amill\u0259rind\u0259n biridir. Sabitliyin t\u0259minat\u00e7\u0131s\u0131 Az\u0259rbaycan xalq\u0131d\u0131r v\u0259 bizim siyas\u0259timizdir. Bizim siyas\u0259timiz\u0259 l\u0259k\u0259 vuran h\u0259r&hellip;<\/p>\n","protected":false},"author":2,"featured_media":95520,"comment_status":"closed","ping_status":"closed","sticky":false,"template":"","format":"standard","meta":{"om_disable_all_campaigns":false,"_monsterinsights_skip_tracking":false,"_monsterinsights_sitenote_active":false,"_monsterinsights_sitenote_note":"","_monsterinsights_sitenote_category":0},"categories":[4],"tags":[],"aioseo_notices":[],"gutentor_comment":0,"rttpg_featured_image_url":{"full":["https:\/\/arantv.az\/wp-content\/uploads\/2019\/11\/2018_ilham_aliyev_05-3.jpg",1200,900,false],"landscape":["https:\/\/arantv.az\/wp-content\/uploads\/2019\/11\/2018_ilham_aliyev_05-3.jpg",1200,900,false],"portraits":["https:\/\/arantv.az\/wp-content\/uploads\/2019\/11\/2018_ilham_aliyev_05-3.jpg",1200,900,false],"thumbnail":["https:\/\/arantv.az\/wp-content\/uploads\/2019\/11\/2018_ilham_aliyev_05-3-150x150.jpg",150,150,true],"medium":["https:\/\/arantv.az\/wp-content\/uploads\/2019\/11\/2018_ilham_aliyev_05-3-300x225.jpg",300,225,true],"large":["https:\/\/arantv.az\/wp-content\/uploads\/2019\/11\/2018_ilham_aliyev_05-3-1024x768.jpg",640,480,true],"1536x1536":["https:\/\/arantv.az\/wp-content\/uploads\/2019\/11\/2018_ilham_aliyev_05-3.jpg",1200,900,false],"2048x2048":["https:\/\/arantv.az\/wp-content\/uploads\/2019\/11\/2018_ilham_aliyev_05-3.jpg",1200,900,false],"post-thumbnail":["https:\/\/arantv.az\/wp-content\/uploads\/2019\/11\/2018_ilham_aliyev_05-3-240x172.jpg",240,172,true],"advps-thumb-one":["https:\/\/arantv.az\/wp-content\/uploads\/2019\/11\/2018_ilham_aliyev_05-3-1200x620.jpg",1200,620,true]},"rttpg_author":{"display_name":"V\u00fcsal Rafiqo\u011flu","author_link":"https:\/\/arantv.az\/?author=2"},"rttpg_comment":0,"rttpg_category":"<a href=\"https:\/\/arantv.az\/?cat=4\" rel=\"category\">Siyas\u0259t<\/a>","rttpg_excerpt":"Bizim siyas\u0259timiz\u0259 l\u0259k\u0259 vuran h\u0259r bir adam \u00f6z c\u0259zas\u0131n\u0131 alacaq. ARANTV.AZ\u00a0\u00a0AZ\u018fRTAC-a istinad\u0259n x\u0259b\u0259r verir ki, bunu Az\u0259rbaycan Prezidenti \u0130lham \u018fliyev \u0130lqar Abbasovu \u015eirvan \u015f\u0259h\u0259r, M\u0259rdan Camalovu Z\u0259rdab, \u018fziz \u018fzizovu Bak\u0131n\u0131n Suraxan\u0131, El\u015fad H\u0259s\u0259novu Yasamal, Rafiq Quliyevi X\u0259tai rayonlar\u0131n\u0131n icra hakimiyy\u0259tl\u0259rinin ba\u015f\u00e7\u0131lar\u0131 v\u0259zif\u0259l\u0259rin\u0259 t\u0259yin olunmalar\u0131 il\u0259 ba\u011fl\u0131 q\u0259bul ed\u0259rk\u0259n deyib. D\u00f6vl\u0259t ba\u015f\u00e7\u0131s\u0131 bildirib: &#8220;\u00d6lk\u0259mizin \u00fcmumi inki\u015faf\u0131&hellip;","_links":{"self":[{"href":"https:\/\/arantv.az\/index.php?rest_route=\/wp\/v2\/posts\/95519"}],"collection":[{"href":"https:\/\/arantv.az\/index.php?rest_route=\/wp\/v2\/posts"}],"about":[{"href":"https:\/\/arantv.az\/index.php?rest_route=\/wp\/v2\/types\/post"}],"author":[{"embeddable":true,"href":"https:\/\/arantv.az\/index.php?rest_route=\/wp\/v2\/users\/2"}],"replies":[{"embeddable":true,"href":"https:\/\/arantv.az\/index.php?rest_route=%2Fwp%2Fv2%2Fcomments&post=95519"}],"version-history":[{"count":0,"href":"https:\/\/arantv.az\/index.php?rest_route=\/wp\/v2\/posts\/95519\/revisions"}],"wp:featuredmedia":[{"embeddable":true,"href":"https:\/\/arantv.az\/index.php?rest_route=\/wp\/v2\/media\/95520"}],"wp:attachment":[{"href":"https:\/\/arantv.az\/index.php?rest_route=%2Fwp%2Fv2%2Fmedia&parent=95519"}],"wp:term":[{"taxonomy":"category","embeddable":true,"href":"https:\/\/arantv.az\/index.php?rest_route=%2Fwp%2Fv2%2Fcategories&post=95519"},{"taxonomy":"post_tag","embeddable":true,"href":"https:\/\/arantv.az\/index.php?rest_route=%2Fwp%2Fv2%2Ftags&post=95519"}],"curies":[{"name":"wp","href":"https:\/\/api.w.org\/{rel}","templated":true}]}}