{"id":95557,"date":"2019-11-13T08:04:14","date_gmt":"2019-11-13T05:04:14","guid":{"rendered":"http:\/\/arantv.az\/?p=95557"},"modified":"2019-11-13T08:04:14","modified_gmt":"2019-11-13T05:04:14","slug":"mehriban-%c9%99liyevadan-paylasim-t%c9%99bi%c9%99t-namin%c9%99-birl%c9%99s-h%c9%99yat-namin%c9%99-birl%c9%99s-video","status":"publish","type":"post","link":"https:\/\/arantv.az\/?p=95557","title":{"rendered":"Mehriban \u018fliyevadan payla\u015f\u0131m: \u201cT\u0259bi\u0259t namin\u0259 birl\u0259\u015f, H\u0259yat namin\u0259 birl\u0259\u015f!\u201d &#8211; V\u0130DEO"},"content":{"rendered":"<p>Az\u0259rbaycan Respublikas\u0131n\u0131n Birinci vitse-prezidenti Mehriban \u018fliyeva \u201cInstagram\u201dda d\u00fcn\u0259n X\u0259tai rayonunda ba\u015f tutan a\u011fac\u0259km\u0259 aksiyas\u0131 il\u0259 ba\u011fl\u0131 payla\u015f\u0131m edib.<\/p>\n<article class=\"news\">\n<div class=\"news-inner\">\n<p>Payla\u015f\u0131m \u201cT\u0259bi\u0259t namin\u0259 birl\u0259\u015f, H\u0259yat namin\u0259 birl\u0259\u015f!\u201d devizi il\u0259 yay\u0131mlan\u0131b.<\/p>\n<p>\u201cHeyd\u0259r \u018fliyev Fondu t\u0259r\u0259find\u0259n Bak\u0131n\u0131n X\u0259tai rayonunda sal\u0131nan yeni \u201cG\u0259nclik\u201d park\u0131nda \u201cT\u0259bi\u0259t namin\u0259 birl\u0259\u015f, H\u0259yat namin\u0259 birl\u0259\u015f!\u201d layih\u0259si \u00e7\u0259r\u00e7iv\u0259sind\u0259 a\u011fac\u0259km\u0259 aksiyas\u0131\u201d, \u2013 \u201cInstagram\u201d postunun \u015f\u0259rhind\u0259 yaz\u0131l\u0131b.<\/p>\n<div>\n<div>\n<div><iframe loading=\"lazy\" id=\"instagram-embed-0\" class=\"instagram-media instagram-media-rendered\" src=\"https:\/\/www.instagram.com\/tv\/B4xAsSPAwTB\/embed\/captioned\/?cr=1&amp;v=12&amp;wp=540&amp;rd=https%3A%2F%2Foxu.az&amp;rp=%2Fpolitics%2F342629#%7B%22ci%22%3A0%2C%22os%22%3A1530.4099999999607%2C%22ls%22%3A1080.8549999999855%2C%22le%22%3A1221.1399999999912%7D\" width=\"300\" height=\"1005\" frameborder=\"0\" scrolling=\"no\" allowfullscreen=\"allowfullscreen\" data-instgrm-payload-id=\"instagram-media-payload-0\" data-mce-fragment=\"1\"><\/iframe><\/div>\n<\/div>\n<\/div>\n<\/div>\n<\/article>\n<h2 class=\"news-share-title\"><\/h2>\n","protected":false},"excerpt":{"rendered":"<p>Az\u0259rbaycan Respublikas\u0131n\u0131n Birinci vitse-prezidenti Mehriban \u018fliyeva \u201cInstagram\u201dda d\u00fcn\u0259n X\u0259tai rayonunda ba\u015f tutan a\u011fac\u0259km\u0259 aksiyas\u0131 il\u0259 ba\u011fl\u0131 payla\u015f\u0131m edib. Payla\u015f\u0131m \u201cT\u0259bi\u0259t namin\u0259 birl\u0259\u015f, H\u0259yat namin\u0259 birl\u0259\u015f!\u201d devizi il\u0259 yay\u0131mlan\u0131b. \u201cHeyd\u0259r \u018fliyev Fondu t\u0259r\u0259find\u0259n Bak\u0131n\u0131n X\u0259tai rayonunda sal\u0131nan yeni \u201cG\u0259nclik\u201d park\u0131nda \u201cT\u0259bi\u0259t namin\u0259 birl\u0259\u015f, H\u0259yat namin\u0259 birl\u0259\u015f!\u201d layih\u0259si \u00e7\u0259r\u00e7iv\u0259sind\u0259 a\u011fac\u0259km\u0259 aksiyas\u0131\u201d, \u2013 \u201cInstagram\u201d postunun \u015f\u0259rhind\u0259 yaz\u0131l\u0131b.<\/p>\n","protected":false},"author":2,"featured_media":95558,"comment_status":"closed","ping_status":"closed","sticky":false,"template":"","format":"standard","meta":{"om_disable_all_campaigns":false,"_monsterinsights_skip_tracking":false,"_monsterinsights_sitenote_active":false,"_monsterinsights_sitenote_note":"","_monsterinsights_sitenote_category":0},"categories":[4],"tags":[],"aioseo_notices":[],"gutentor_comment":0,"rttpg_featured_image_url":{"full":["https:\/\/arantv.az\/wp-content\/uploads\/2019\/11\/Mehriban-xanim.jpg",620,446,false],"landscape":["https:\/\/arantv.az\/wp-content\/uploads\/2019\/11\/Mehriban-xanim.jpg",620,446,false],"portraits":["https:\/\/arantv.az\/wp-content\/uploads\/2019\/11\/Mehriban-xanim.jpg",620,446,false],"thumbnail":["https:\/\/arantv.az\/wp-content\/uploads\/2019\/11\/Mehriban-xanim-150x150.jpg",150,150,true],"medium":["https:\/\/arantv.az\/wp-content\/uploads\/2019\/11\/Mehriban-xanim-300x216.jpg",300,216,true],"large":["https:\/\/arantv.az\/wp-content\/uploads\/2019\/11\/Mehriban-xanim.jpg",620,446,false],"1536x1536":["https:\/\/arantv.az\/wp-content\/uploads\/2019\/11\/Mehriban-xanim.jpg",620,446,false],"2048x2048":["https:\/\/arantv.az\/wp-content\/uploads\/2019\/11\/Mehriban-xanim.jpg",620,446,false],"post-thumbnail":["https:\/\/arantv.az\/wp-content\/uploads\/2019\/11\/Mehriban-xanim-240x172.jpg",240,172,true],"advps-thumb-one":["https:\/\/arantv.az\/wp-content\/uploads\/2019\/11\/Mehriban-xanim.jpg",620,446,false]},"rttpg_author":{"display_name":"V\u00fcsal Rafiqo\u011flu","author_link":"https:\/\/arantv.az\/?author=2"},"rttpg_comment":0,"rttpg_category":"<a href=\"https:\/\/arantv.az\/?cat=4\" rel=\"category\">Siyas\u0259t<\/a>","rttpg_excerpt":"Az\u0259rbaycan Respublikas\u0131n\u0131n Birinci vitse-prezidenti Mehriban \u018fliyeva \u201cInstagram\u201dda d\u00fcn\u0259n X\u0259tai rayonunda ba\u015f tutan a\u011fac\u0259km\u0259 aksiyas\u0131 il\u0259 ba\u011fl\u0131 payla\u015f\u0131m edib. Payla\u015f\u0131m \u201cT\u0259bi\u0259t namin\u0259 birl\u0259\u015f, H\u0259yat namin\u0259 birl\u0259\u015f!\u201d devizi il\u0259 yay\u0131mlan\u0131b. \u201cHeyd\u0259r \u018fliyev Fondu t\u0259r\u0259find\u0259n Bak\u0131n\u0131n X\u0259tai rayonunda sal\u0131nan yeni \u201cG\u0259nclik\u201d park\u0131nda \u201cT\u0259bi\u0259t namin\u0259 birl\u0259\u015f, H\u0259yat namin\u0259 birl\u0259\u015f!\u201d layih\u0259si \u00e7\u0259r\u00e7iv\u0259sind\u0259 a\u011fac\u0259km\u0259 aksiyas\u0131\u201d, \u2013 \u201cInstagram\u201d postunun \u015f\u0259rhind\u0259 yaz\u0131l\u0131b.","_links":{"self":[{"href":"https:\/\/arantv.az\/index.php?rest_route=\/wp\/v2\/posts\/95557"}],"collection":[{"href":"https:\/\/arantv.az\/index.php?rest_route=\/wp\/v2\/posts"}],"about":[{"href":"https:\/\/arantv.az\/index.php?rest_route=\/wp\/v2\/types\/post"}],"author":[{"embeddable":true,"href":"https:\/\/arantv.az\/index.php?rest_route=\/wp\/v2\/users\/2"}],"replies":[{"embeddable":true,"href":"https:\/\/arantv.az\/index.php?rest_route=%2Fwp%2Fv2%2Fcomments&post=95557"}],"version-history":[{"count":0,"href":"https:\/\/arantv.az\/index.php?rest_route=\/wp\/v2\/posts\/95557\/revisions"}],"wp:featuredmedia":[{"embeddable":true,"href":"https:\/\/arantv.az\/index.php?rest_route=\/wp\/v2\/media\/95558"}],"wp:attachment":[{"href":"https:\/\/arantv.az\/index.php?rest_route=%2Fwp%2Fv2%2Fmedia&parent=95557"}],"wp:term":[{"taxonomy":"category","embeddable":true,"href":"https:\/\/arantv.az\/index.php?rest_route=%2Fwp%2Fv2%2Fcategories&post=95557"},{"taxonomy":"post_tag","embeddable":true,"href":"https:\/\/arantv.az\/index.php?rest_route=%2Fwp%2Fv2%2Ftags&post=95557"}],"curies":[{"name":"wp","href":"https:\/\/api.w.org\/{rel}","templated":true}]}}