{"id":95716,"date":"2019-11-13T11:57:27","date_gmt":"2019-11-13T08:57:27","guid":{"rendered":"http:\/\/arantv.az\/?p=95716"},"modified":"2019-11-13T11:57:27","modified_gmt":"2019-11-13T08:57:27","slug":"deputat-yeni-islahatlar-prosesind%c9%99-t%c9%99yin-olunan-kadrlar-ozl%c9%99rini-xalq-qarsisinda-daha-m%c9%99suliyy%c9%99tli-hiss-ed%c9%99c%c9%99k","status":"publish","type":"post","link":"https:\/\/arantv.az\/?p=95716","title":{"rendered":"Deputat: &#8220;Yeni islahatlar prosesind\u0259 t\u0259yin olunan kadrlar \u00f6zl\u0259rini xalq qar\u015f\u0131s\u0131nda daha m\u0259suliyy\u0259tli hiss ed\u0259c\u0259k&#8221;"},"content":{"rendered":"<blockquote><p><em><strong>Prezident \u0130lham \u018fliyevin bir ne\u00e7\u0259 rayonun icra hakimiyy\u0259tl\u0259ri ba\u015f\u00e7\u0131lar\u0131n\u0131 d\u0259yi\u015fm\u0259si bir daha s\u00fcbut edir ki, \u00f6lk\u0259d\u0259 kadr islahatlar\u0131 art\u0131q m\u00fcsb\u0259t m\u0259nada \u0259n\u0259n\u0259 hal\u0131n\u0131 al\u0131b.<\/strong><\/em><\/p><\/blockquote>\n<p><strong>ARANTV.AZ<\/strong> x\u0259b\u0259r verir ki, bunu\u00a0<a href=\"https:\/\/az.trend.az\/\" target=\"_blank\" rel=\"noopener\">Trend<\/a>-\u0259 a\u00e7\u0131qlamas\u0131nda mill\u0259t v\u0259kili Elman M\u0259mm\u0259dov deyib.<\/p>\n<p>Deputat bildirib ki, apar\u0131lan islahatlar n\u0259tic\u0259sind\u0259 kadrlar\u0131n g\u0259ncl\u0259\u015fdirilm\u0259si, v\u0259zif\u0259y\u0259 t\u0259yin olunan \u015f\u0259xsl\u0259rin v\u0259t\u0259np\u0259rv\u0259rlik ruhunun n\u0259z\u0259r\u0259 al\u0131nmas\u0131 da alq\u0131\u015flanmal\u0131d\u0131r:<\/p>\n<p>&#8220;C\u0259nab Prezidentin t\u0259yin etdiyi kadrlar\u0131 \u015f\u0259xs\u0259n \u00f6z\u00fcn\u00fcn q\u0259bul etm\u0259si, onlara ciddi tap\u015f\u0131r\u0131qlar verm\u0259si, qar\u015f\u0131lar\u0131na t\u0259l\u0259bl\u0259r qoyulmas\u0131 onu g\u00f6st\u0259rir ki, d\u00f6vl\u0259t ba\u015f\u00e7\u0131s\u0131 b\u00fct\u00fcn t\u0259yinatlarda \u015f\u0259ffafl\u0131\u011f\u0131n g\u00fcn\u00fc-g\u00fcnd\u0259n geni\u015fl\u0259nm\u0259sin\u0259 \u00e7al\u0131\u015f\u0131r. Yeni t\u0259yin olunan icra ba\u015f\u00e7\u0131lar\u0131 il\u0259 s\u00f6hb\u0259tind\u0259 d\u0259 Az\u0259rbaycan Prezidenti xalqa xidm\u0259t etm\u0259yin h\u0259r bir d\u00f6vl\u0259t m\u0259murunun borcu oldu\u011funu onlara xat\u0131rlatd\u0131, Prezident kimi \u00f6z v\u0259zif\u0259sini xalqa xidm\u0259t etm\u0259kd\u0259 g\u00f6rd\u00fcy\u00fcn\u00fc vur\u011fulad\u0131. D\u00f6vl\u0259t ba\u015f\u00e7\u0131s\u0131n\u0131n bu m\u0259murlar qar\u015f\u0131s\u0131nda qoydu\u011fu \u00f6hd\u0259likl\u0259ri, verdiyi tap\u015f\u0131r\u0131qlar\u0131 b\u00fct\u00fcn \u0259hali e\u015fidir. Yeni islahatlar prosesind\u0259 t\u0259yin olunan kadrlar art\u0131q \u00f6zl\u0259rini xalq qar\u015f\u0131s\u0131nda daha m\u0259suliyy\u0259tli hiss ed\u0259c\u0259k. \u00c7\u00fcnki \u0259hali il\u0259 m\u0259mur aras\u0131nda k\u00f6rp\u00fc, h\u0259r hans\u0131 bir \u0259ng\u0259l olmayacaq, h\u0259r k\u0259s haqq\u0131n\u0131 t\u0259l\u0259b ed\u0259 bil\u0259c\u0259k&#8221;.<\/p>\n<p>E.M\u0259mm\u0259dov vur\u011fulay\u0131b ki, Prezident \u0130lham \u018fliyev kadr d\u0259yi\u015fiklikl\u0259rind\u0259 \u0259sas\u0259n g\u0259ncl\u0259r\u0259 \u00fcst\u00fcnl\u00fck verir, \u00e7\u00fcnki h\u0259min \u015f\u0259xsl\u0259r daha savadl\u0131 v\u0259 enerjilidir:<\/p>\n<p>&#8220;Yeni t\u0259yin olunan icra ba\u015f\u00e7\u0131lar\u0131 il\u0259 g\u00f6r\u00fc\u015f\u00fcnd\u0259 Prezident \u0130lham \u018fliyev bir daha vur\u011fulad\u0131 ki, idar\u0259etm\u0259d\u0259 g\u0259ncl\u0259r\u0259 b\u00f6y\u00fck meydan verilir. Bu da t\u0259biidir, \u00e7\u00fcnki g\u0259l\u0259c\u0259kd\u0259 \u00f6lk\u0259mizi bug\u00fcnk\u00fc g\u0259ncl\u0259r idar\u0259 ed\u0259c\u0259kl\u0259r. Onlar g\u0259r\u0259k h\u0259m t\u0259cr\u00fcb\u0259 toplas\u0131nlar, h\u0259m d\u0259 V\u0259t\u0259n\u0259 ba\u011fl\u0131 olsunlar. Ona g\u00f6r\u0259 d\u0259 d\u00f6vl\u0259t ba\u015f\u00e7\u0131s\u0131 g\u0259ncl\u0259rd\u0259 v\u0259t\u0259np\u0259rv\u0259rlik hissl\u0259rinin a\u015f\u0131lamas\u0131n\u0131n h\u0259r bir m\u0259murun borcu oldu\u011funu xat\u0131rlatd\u0131&#8221;.<\/p>\n<p>Milli M\u0259clisin deputat\u0131 yeni islahatlar fonunda daha bir fakta diqq\u0259t \u00e7\u0259kib. Bildirib ki, Bak\u0131n\u0131n X\u0259tai rayonuna t\u0259yin olunan yeni icra ba\u015f\u00e7\u0131s\u0131 Qaraba\u011f qazisidir:<\/p>\n<p>&#8220;Bu kateqoriyadan olan insanlara etimad g\u00f6st\u0259rilm\u0259si d\u0259 sevindiricidir. Bu, idar\u0259\u00e7ilik sistemind\u0259 daha bir yax\u015f\u0131 n\u00fcmun\u0259dir. Hesab edir\u0259m ki, \u00f6lk\u0259d\u0259 b\u00fct\u00fcn sah\u0259l\u0259rd\u0259 isalahatlar\u0131n apar\u0131lmas\u0131 Az\u0259rbaycan\u0131n inki\u015faf\u0131, insanlar\u0131n sosial rifah\u0131n\u0131n yax\u015f\u0131la\u015fd\u0131r\u0131lmas\u0131 \u00fc\u00e7\u00fcn at\u0131lan add\u0131md\u0131r&#8221;.<\/p>\n<p>Qeyd ed\u0259k ki, Az\u0259rbaycan Respublikas\u0131n\u0131n Prezidenti \u0130lham \u018fliyev d\u00fcn\u0259n \u0130lqar Abbasovu \u015eirvan \u015f\u0259h\u0259r, M\u0259rdan Camalovu Z\u0259rdab, \u018fziz \u018fzizovu Bak\u0131n\u0131n Suraxan\u0131, El\u015fad H\u0259s\u0259novu Yasamal, Rafiq Quliyevi X\u0259tai rayonlar\u0131n\u0131n icra hakimiyy\u0259tl\u0259rinin ba\u015f\u00e7\u0131lar\u0131 v\u0259zif\u0259l\u0259rin\u0259 t\u0259yin edib.<\/p>\n","protected":false},"excerpt":{"rendered":"<p>Prezident \u0130lham \u018fliyevin bir ne\u00e7\u0259 rayonun icra hakimiyy\u0259tl\u0259ri ba\u015f\u00e7\u0131lar\u0131n\u0131 d\u0259yi\u015fm\u0259si bir daha s\u00fcbut edir ki, \u00f6lk\u0259d\u0259 kadr islahatlar\u0131 art\u0131q m\u00fcsb\u0259t m\u0259nada \u0259n\u0259n\u0259 hal\u0131n\u0131 al\u0131b. ARANTV.AZ x\u0259b\u0259r verir ki, bunu\u00a0Trend-\u0259 a\u00e7\u0131qlamas\u0131nda mill\u0259t v\u0259kili Elman M\u0259mm\u0259dov deyib. Deputat bildirib ki, apar\u0131lan islahatlar n\u0259tic\u0259sind\u0259 kadrlar\u0131n g\u0259ncl\u0259\u015fdirilm\u0259si, v\u0259zif\u0259y\u0259 t\u0259yin olunan \u015f\u0259xsl\u0259rin v\u0259t\u0259np\u0259rv\u0259rlik ruhunun n\u0259z\u0259r\u0259 al\u0131nmas\u0131 da alq\u0131\u015flanmal\u0131d\u0131r: &#8220;C\u0259nab Prezidentin t\u0259yin etdiyi kadrlar\u0131 \u015f\u0259xs\u0259n \u00f6z\u00fcn\u00fcn q\u0259bul etm\u0259si, onlara ciddi tap\u015f\u0131r\u0131qlar verm\u0259si, qar\u015f\u0131lar\u0131na t\u0259l\u0259bl\u0259r qoyulmas\u0131 onu g\u00f6st\u0259rir ki, d\u00f6vl\u0259t ba\u015f\u00e7\u0131s\u0131 b\u00fct\u00fcn t\u0259yinatlarda \u015f\u0259ffafl\u0131\u011f\u0131n g\u00fcn\u00fc-g\u00fcnd\u0259n geni\u015fl\u0259nm\u0259sin\u0259 \u00e7al\u0131\u015f\u0131r. Yeni t\u0259yin olunan icra ba\u015f\u00e7\u0131lar\u0131 il\u0259 s\u00f6hb\u0259tind\u0259 d\u0259 Az\u0259rbaycan Prezidenti&hellip;<\/p>\n","protected":false},"author":2,"featured_media":95717,"comment_status":"closed","ping_status":"closed","sticky":false,"template":"","format":"standard","meta":{"om_disable_all_campaigns":false,"_monsterinsights_skip_tracking":false,"_monsterinsights_sitenote_active":false,"_monsterinsights_sitenote_note":"","_monsterinsights_sitenote_category":0},"categories":[1],"tags":[],"aioseo_notices":[],"gutentor_comment":0,"rttpg_featured_image_url":{"full":["https:\/\/arantv.az\/wp-content\/uploads\/2019\/11\/801943.jpg",800,600,false],"landscape":["https:\/\/arantv.az\/wp-content\/uploads\/2019\/11\/801943.jpg",800,600,false],"portraits":["https:\/\/arantv.az\/wp-content\/uploads\/2019\/11\/801943.jpg",800,600,false],"thumbnail":["https:\/\/arantv.az\/wp-content\/uploads\/2019\/11\/801943-150x150.jpg",150,150,true],"medium":["https:\/\/arantv.az\/wp-content\/uploads\/2019\/11\/801943-300x225.jpg",300,225,true],"large":["https:\/\/arantv.az\/wp-content\/uploads\/2019\/11\/801943.jpg",640,480,false],"1536x1536":["https:\/\/arantv.az\/wp-content\/uploads\/2019\/11\/801943.jpg",800,600,false],"2048x2048":["https:\/\/arantv.az\/wp-content\/uploads\/2019\/11\/801943.jpg",800,600,false],"post-thumbnail":["https:\/\/arantv.az\/wp-content\/uploads\/2019\/11\/801943-240x172.jpg",240,172,true],"advps-thumb-one":["https:\/\/arantv.az\/wp-content\/uploads\/2019\/11\/801943.jpg",800,600,false]},"rttpg_author":{"display_name":"V\u00fcsal Rafiqo\u011flu","author_link":"https:\/\/arantv.az\/?author=2"},"rttpg_comment":0,"rttpg_category":"<a href=\"https:\/\/arantv.az\/?cat=1\" rel=\"category\">C\u0259miyy\u0259t<\/a>","rttpg_excerpt":"Prezident \u0130lham \u018fliyevin bir ne\u00e7\u0259 rayonun icra hakimiyy\u0259tl\u0259ri ba\u015f\u00e7\u0131lar\u0131n\u0131 d\u0259yi\u015fm\u0259si bir daha s\u00fcbut edir ki, \u00f6lk\u0259d\u0259 kadr islahatlar\u0131 art\u0131q m\u00fcsb\u0259t m\u0259nada \u0259n\u0259n\u0259 hal\u0131n\u0131 al\u0131b. ARANTV.AZ x\u0259b\u0259r verir ki, bunu\u00a0Trend-\u0259 a\u00e7\u0131qlamas\u0131nda mill\u0259t v\u0259kili Elman M\u0259mm\u0259dov deyib. Deputat bildirib ki, apar\u0131lan islahatlar n\u0259tic\u0259sind\u0259 kadrlar\u0131n g\u0259ncl\u0259\u015fdirilm\u0259si, v\u0259zif\u0259y\u0259 t\u0259yin olunan \u015f\u0259xsl\u0259rin v\u0259t\u0259np\u0259rv\u0259rlik ruhunun n\u0259z\u0259r\u0259 al\u0131nmas\u0131 da alq\u0131\u015flanmal\u0131d\u0131r: &#8220;C\u0259nab Prezidentin&hellip;","_links":{"self":[{"href":"https:\/\/arantv.az\/index.php?rest_route=\/wp\/v2\/posts\/95716"}],"collection":[{"href":"https:\/\/arantv.az\/index.php?rest_route=\/wp\/v2\/posts"}],"about":[{"href":"https:\/\/arantv.az\/index.php?rest_route=\/wp\/v2\/types\/post"}],"author":[{"embeddable":true,"href":"https:\/\/arantv.az\/index.php?rest_route=\/wp\/v2\/users\/2"}],"replies":[{"embeddable":true,"href":"https:\/\/arantv.az\/index.php?rest_route=%2Fwp%2Fv2%2Fcomments&post=95716"}],"version-history":[{"count":0,"href":"https:\/\/arantv.az\/index.php?rest_route=\/wp\/v2\/posts\/95716\/revisions"}],"wp:featuredmedia":[{"embeddable":true,"href":"https:\/\/arantv.az\/index.php?rest_route=\/wp\/v2\/media\/95717"}],"wp:attachment":[{"href":"https:\/\/arantv.az\/index.php?rest_route=%2Fwp%2Fv2%2Fmedia&parent=95716"}],"wp:term":[{"taxonomy":"category","embeddable":true,"href":"https:\/\/arantv.az\/index.php?rest_route=%2Fwp%2Fv2%2Fcategories&post=95716"},{"taxonomy":"post_tag","embeddable":true,"href":"https:\/\/arantv.az\/index.php?rest_route=%2Fwp%2Fv2%2Ftags&post=95716"}],"curies":[{"name":"wp","href":"https:\/\/api.w.org\/{rel}","templated":true}]}}