{"id":95720,"date":"2019-11-13T12:24:53","date_gmt":"2019-11-13T09:24:53","guid":{"rendered":"http:\/\/arantv.az\/?p=95720"},"modified":"2019-11-13T12:24:53","modified_gmt":"2019-11-13T09:24:53","slug":"avtomobill%c9%99r-ucun-kredit-s%c9%99rtl%c9%99ri-asanlasdirilsin-t%c9%99klif","status":"publish","type":"post","link":"https:\/\/arantv.az\/?p=95720","title":{"rendered":"Avtomobill\u0259r \u00fc\u00e7\u00fcn kredit \u015f\u0259rtl\u0259ri asanla\u015fd\u0131r\u0131ls\u0131n &#8211; T\u018fKL\u0130F"},"content":{"rendered":"<p>Yol q\u0259zalar\u0131n\u0131n s\u0259b\u0259bl\u0259ri b\u0259z\u0259n k\u00f6hn\u0259 avtomobill\u0259rl\u0259 ba\u011fl\u0131 olur.\u00a0Buna g\u00f6r\u0259 d\u0259 Az\u0259rbaycanda avtomobil bazas\u0131n\u0131n d\u0259yi\u015fdirilm\u0259sin\u0259 ehtiyac var.<\/p>\n<p><strong>ARANTV.AZ<\/strong>-\u0131n m\u0259lumat\u0131na g\u00f6r\u0259, bunu deputat \u015eahin \u0130smay\u0131lov Milli M\u0259clisin iclas\u0131nda deyib.<\/p>\n<div id=\"AdviadNativeVideo0\" class=\"AdviadNativeVideo\"><\/div>\n<p>O bildirib ki, \u0259halinin yeni avtomobill\u0259r\u0259 \u0259l\u00e7atanl\u0131\u011f\u0131n\u0131 t\u0259min etm\u0259k laz\u0131md\u0131r. Deputat qeyd edib ki, \u0259halinin avtomobil almas\u0131 \u00fc\u00e7\u00fcn kredit \u015f\u0259rtl\u0259ri asanla\u015fd\u0131r\u0131lmal\u0131d\u0131r.<\/p>\n<p>\u015e.\u0130smay\u0131lov onu da t\u0259klif edib ki, elektrikl\u0259 i\u015fl\u0259y\u0259n avtomobill\u0259r \u00fc\u00e7\u00fcn g\u00f6mr\u00fck r\u00fcsumlar\u0131 aradan qald\u0131r\u0131lmal\u0131d\u0131r.Oxu.Az<\/p>\n","protected":false},"excerpt":{"rendered":"<p>Yol q\u0259zalar\u0131n\u0131n s\u0259b\u0259bl\u0259ri b\u0259z\u0259n k\u00f6hn\u0259 avtomobill\u0259rl\u0259 ba\u011fl\u0131 olur.\u00a0Buna g\u00f6r\u0259 d\u0259 Az\u0259rbaycanda avtomobil bazas\u0131n\u0131n d\u0259yi\u015fdirilm\u0259sin\u0259 ehtiyac var. ARANTV.AZ-\u0131n m\u0259lumat\u0131na g\u00f6r\u0259, bunu deputat \u015eahin \u0130smay\u0131lov Milli M\u0259clisin iclas\u0131nda deyib. O bildirib ki, \u0259halinin yeni avtomobill\u0259r\u0259 \u0259l\u00e7atanl\u0131\u011f\u0131n\u0131 t\u0259min etm\u0259k laz\u0131md\u0131r. Deputat qeyd edib ki, \u0259halinin avtomobil almas\u0131 \u00fc\u00e7\u00fcn kredit \u015f\u0259rtl\u0259ri asanla\u015fd\u0131r\u0131lmal\u0131d\u0131r. \u015e.\u0130smay\u0131lov onu da t\u0259klif edib ki, elektrikl\u0259 i\u015fl\u0259y\u0259n avtomobill\u0259r \u00fc\u00e7\u00fcn g\u00f6mr\u00fck r\u00fcsumlar\u0131 aradan qald\u0131r\u0131lmal\u0131d\u0131r.Oxu.Az<\/p>\n","protected":false},"author":2,"featured_media":95721,"comment_status":"closed","ping_status":"closed","sticky":false,"template":"","format":"standard","meta":{"om_disable_all_campaigns":false,"_monsterinsights_skip_tracking":false,"_monsterinsights_sitenote_active":false,"_monsterinsights_sitenote_note":"","_monsterinsights_sitenote_category":0},"categories":[1],"tags":[],"aioseo_notices":[],"gutentor_comment":0,"rttpg_featured_image_url":{"full":["https:\/\/arantv.az\/wp-content\/uploads\/2019\/11\/import-avto-iz-za-granicy-v-ukrainu-stremitelno-rastet.jpg",620,413,false],"landscape":["https:\/\/arantv.az\/wp-content\/uploads\/2019\/11\/import-avto-iz-za-granicy-v-ukrainu-stremitelno-rastet.jpg",620,413,false],"portraits":["https:\/\/arantv.az\/wp-content\/uploads\/2019\/11\/import-avto-iz-za-granicy-v-ukrainu-stremitelno-rastet.jpg",620,413,false],"thumbnail":["https:\/\/arantv.az\/wp-content\/uploads\/2019\/11\/import-avto-iz-za-granicy-v-ukrainu-stremitelno-rastet-150x150.jpg",150,150,true],"medium":["https:\/\/arantv.az\/wp-content\/uploads\/2019\/11\/import-avto-iz-za-granicy-v-ukrainu-stremitelno-rastet-300x200.jpg",300,200,true],"large":["https:\/\/arantv.az\/wp-content\/uploads\/2019\/11\/import-avto-iz-za-granicy-v-ukrainu-stremitelno-rastet.jpg",620,413,false],"1536x1536":["https:\/\/arantv.az\/wp-content\/uploads\/2019\/11\/import-avto-iz-za-granicy-v-ukrainu-stremitelno-rastet.jpg",620,413,false],"2048x2048":["https:\/\/arantv.az\/wp-content\/uploads\/2019\/11\/import-avto-iz-za-granicy-v-ukrainu-stremitelno-rastet.jpg",620,413,false],"post-thumbnail":["https:\/\/arantv.az\/wp-content\/uploads\/2019\/11\/import-avto-iz-za-granicy-v-ukrainu-stremitelno-rastet-240x172.jpg",240,172,true],"advps-thumb-one":["https:\/\/arantv.az\/wp-content\/uploads\/2019\/11\/import-avto-iz-za-granicy-v-ukrainu-stremitelno-rastet.jpg",620,413,false]},"rttpg_author":{"display_name":"V\u00fcsal Rafiqo\u011flu","author_link":"https:\/\/arantv.az\/?author=2"},"rttpg_comment":0,"rttpg_category":"<a href=\"https:\/\/arantv.az\/?cat=1\" rel=\"category\">C\u0259miyy\u0259t<\/a>","rttpg_excerpt":"Yol q\u0259zalar\u0131n\u0131n s\u0259b\u0259bl\u0259ri b\u0259z\u0259n k\u00f6hn\u0259 avtomobill\u0259rl\u0259 ba\u011fl\u0131 olur.\u00a0Buna g\u00f6r\u0259 d\u0259 Az\u0259rbaycanda avtomobil bazas\u0131n\u0131n d\u0259yi\u015fdirilm\u0259sin\u0259 ehtiyac var. ARANTV.AZ-\u0131n m\u0259lumat\u0131na g\u00f6r\u0259, bunu deputat \u015eahin \u0130smay\u0131lov Milli M\u0259clisin iclas\u0131nda deyib. O bildirib ki, \u0259halinin yeni avtomobill\u0259r\u0259 \u0259l\u00e7atanl\u0131\u011f\u0131n\u0131 t\u0259min etm\u0259k laz\u0131md\u0131r. Deputat qeyd edib ki, \u0259halinin avtomobil almas\u0131 \u00fc\u00e7\u00fcn kredit \u015f\u0259rtl\u0259ri asanla\u015fd\u0131r\u0131lmal\u0131d\u0131r. \u015e.\u0130smay\u0131lov onu da t\u0259klif edib ki, elektrikl\u0259&hellip;","_links":{"self":[{"href":"https:\/\/arantv.az\/index.php?rest_route=\/wp\/v2\/posts\/95720"}],"collection":[{"href":"https:\/\/arantv.az\/index.php?rest_route=\/wp\/v2\/posts"}],"about":[{"href":"https:\/\/arantv.az\/index.php?rest_route=\/wp\/v2\/types\/post"}],"author":[{"embeddable":true,"href":"https:\/\/arantv.az\/index.php?rest_route=\/wp\/v2\/users\/2"}],"replies":[{"embeddable":true,"href":"https:\/\/arantv.az\/index.php?rest_route=%2Fwp%2Fv2%2Fcomments&post=95720"}],"version-history":[{"count":0,"href":"https:\/\/arantv.az\/index.php?rest_route=\/wp\/v2\/posts\/95720\/revisions"}],"wp:featuredmedia":[{"embeddable":true,"href":"https:\/\/arantv.az\/index.php?rest_route=\/wp\/v2\/media\/95721"}],"wp:attachment":[{"href":"https:\/\/arantv.az\/index.php?rest_route=%2Fwp%2Fv2%2Fmedia&parent=95720"}],"wp:term":[{"taxonomy":"category","embeddable":true,"href":"https:\/\/arantv.az\/index.php?rest_route=%2Fwp%2Fv2%2Fcategories&post=95720"},{"taxonomy":"post_tag","embeddable":true,"href":"https:\/\/arantv.az\/index.php?rest_route=%2Fwp%2Fv2%2Ftags&post=95720"}],"curies":[{"name":"wp","href":"https:\/\/api.w.org\/{rel}","templated":true}]}}