{"id":95728,"date":"2019-11-13T13:03:53","date_gmt":"2019-11-13T10:03:53","guid":{"rendered":"http:\/\/arantv.az\/?p=95728"},"modified":"2019-11-13T13:03:53","modified_gmt":"2019-11-13T10:03:53","slug":"az%c9%99rbaycanli-saxta-s%c9%99n%c9%99dl%c9%99-yasayis-icaz%c9%99si-almaq-ist%c9%99di","status":"publish","type":"post","link":"https:\/\/arantv.az\/?p=95728","title":{"rendered":"Az\u0259rbaycanl\u0131 saxta s\u0259n\u0259dl\u0259 ya\u015fay\u0131\u015f icaz\u0259si almaq ist\u0259di"},"content":{"rendered":"<p>Ukraynan\u0131n Enerqodar \u015f\u0259h\u0259rind\u0259 Az\u0259rbaycan v\u0259t\u0259nda\u015f\u0131\u00a0ya\u015fay\u0131\u015f icaz\u0259si almaq \u00fc\u00e7\u00fcn Miqrassiya \u0130dar\u0259sin\u0259 m\u00fcraci\u0259t edib.<\/p>\n<p><b>ARANTV.AZ\u00a0<\/b>x\u0259b\u0259r verir ki, az\u0259rbaycanl\u0131\u00a0s\u0259n\u0259d qismind\u0259, sad\u0259c\u0259, Az\u0259rbaycandan ald\u0131\u011f\u0131 do\u011fum haqq\u0131nda \u015f\u0259had\u0259tnam\u0259ni t\u0259qdim edib v\u0259 ba\u015fqa s\u0259n\u0259di olmad\u0131\u011f\u0131n\u0131 bildirib.<\/p>\n<p>Onun 1981-ci ild\u0259 do\u011fulmas\u0131na baxmayaraq, s\u0259n\u0259din 1973-c\u00fc il\u0259 aid oldu\u011fu m\u00fc\u0259yy\u0259n olunub.<\/p>\n<p>Saxta s\u0259n\u0259d istifad\u0259 etdiyin\u0259 g\u00f6r\u0259 Az\u0259rbaycan v\u0259t\u0259nda\u015f\u0131 c\u0259rim\u0259 \u00f6d\u0259m\u0259y\u0259 m\u0259cbur edilib v\u0259 Ukraynadan deportasiya olunub.Oxu.Az<\/p>\n","protected":false},"excerpt":{"rendered":"<p>Ukraynan\u0131n Enerqodar \u015f\u0259h\u0259rind\u0259 Az\u0259rbaycan v\u0259t\u0259nda\u015f\u0131\u00a0ya\u015fay\u0131\u015f icaz\u0259si almaq \u00fc\u00e7\u00fcn Miqrassiya \u0130dar\u0259sin\u0259 m\u00fcraci\u0259t edib. ARANTV.AZ\u00a0x\u0259b\u0259r verir ki, az\u0259rbaycanl\u0131\u00a0s\u0259n\u0259d qismind\u0259, sad\u0259c\u0259, Az\u0259rbaycandan ald\u0131\u011f\u0131 do\u011fum haqq\u0131nda \u015f\u0259had\u0259tnam\u0259ni t\u0259qdim edib v\u0259 ba\u015fqa s\u0259n\u0259di olmad\u0131\u011f\u0131n\u0131 bildirib. Onun 1981-ci ild\u0259 do\u011fulmas\u0131na baxmayaraq, s\u0259n\u0259din 1973-c\u00fc il\u0259 aid oldu\u011fu m\u00fc\u0259yy\u0259n olunub. Saxta s\u0259n\u0259d istifad\u0259 etdiyin\u0259 g\u00f6r\u0259 Az\u0259rbaycan v\u0259t\u0259nda\u015f\u0131 c\u0259rim\u0259 \u00f6d\u0259m\u0259y\u0259 m\u0259cbur edilib v\u0259 Ukraynadan deportasiya olunub.Oxu.Az<\/p>\n","protected":false},"author":2,"featured_media":95729,"comment_status":"closed","ping_status":"closed","sticky":false,"template":"","format":"standard","meta":{"om_disable_all_campaigns":false,"_monsterinsights_skip_tracking":false,"_monsterinsights_sitenote_active":false,"_monsterinsights_sitenote_note":"","_monsterinsights_sitenote_category":0},"categories":[1],"tags":[],"aioseo_notices":[],"gutentor_comment":0,"rttpg_featured_image_url":{"full":["https:\/\/arantv.az\/wp-content\/uploads\/2019\/11\/05eb3c04-e00d-4bf4-906c-2c2596d57651.jpg",620,341,false],"landscape":["https:\/\/arantv.az\/wp-content\/uploads\/2019\/11\/05eb3c04-e00d-4bf4-906c-2c2596d57651.jpg",620,341,false],"portraits":["https:\/\/arantv.az\/wp-content\/uploads\/2019\/11\/05eb3c04-e00d-4bf4-906c-2c2596d57651.jpg",620,341,false],"thumbnail":["https:\/\/arantv.az\/wp-content\/uploads\/2019\/11\/05eb3c04-e00d-4bf4-906c-2c2596d57651-150x150.jpg",150,150,true],"medium":["https:\/\/arantv.az\/wp-content\/uploads\/2019\/11\/05eb3c04-e00d-4bf4-906c-2c2596d57651-300x165.jpg",300,165,true],"large":["https:\/\/arantv.az\/wp-content\/uploads\/2019\/11\/05eb3c04-e00d-4bf4-906c-2c2596d57651.jpg",620,341,false],"1536x1536":["https:\/\/arantv.az\/wp-content\/uploads\/2019\/11\/05eb3c04-e00d-4bf4-906c-2c2596d57651.jpg",620,341,false],"2048x2048":["https:\/\/arantv.az\/wp-content\/uploads\/2019\/11\/05eb3c04-e00d-4bf4-906c-2c2596d57651.jpg",620,341,false],"post-thumbnail":["https:\/\/arantv.az\/wp-content\/uploads\/2019\/11\/05eb3c04-e00d-4bf4-906c-2c2596d57651-240x172.jpg",240,172,true],"advps-thumb-one":["https:\/\/arantv.az\/wp-content\/uploads\/2019\/11\/05eb3c04-e00d-4bf4-906c-2c2596d57651.jpg",620,341,false]},"rttpg_author":{"display_name":"V\u00fcsal Rafiqo\u011flu","author_link":"https:\/\/arantv.az\/?author=2"},"rttpg_comment":0,"rttpg_category":"<a href=\"https:\/\/arantv.az\/?cat=1\" rel=\"category\">C\u0259miyy\u0259t<\/a>","rttpg_excerpt":"Ukraynan\u0131n Enerqodar \u015f\u0259h\u0259rind\u0259 Az\u0259rbaycan v\u0259t\u0259nda\u015f\u0131\u00a0ya\u015fay\u0131\u015f icaz\u0259si almaq \u00fc\u00e7\u00fcn Miqrassiya \u0130dar\u0259sin\u0259 m\u00fcraci\u0259t edib. ARANTV.AZ\u00a0x\u0259b\u0259r verir ki, az\u0259rbaycanl\u0131\u00a0s\u0259n\u0259d qismind\u0259, sad\u0259c\u0259, Az\u0259rbaycandan ald\u0131\u011f\u0131 do\u011fum haqq\u0131nda \u015f\u0259had\u0259tnam\u0259ni t\u0259qdim edib v\u0259 ba\u015fqa s\u0259n\u0259di olmad\u0131\u011f\u0131n\u0131 bildirib. Onun 1981-ci ild\u0259 do\u011fulmas\u0131na baxmayaraq, s\u0259n\u0259din 1973-c\u00fc il\u0259 aid oldu\u011fu m\u00fc\u0259yy\u0259n olunub. Saxta s\u0259n\u0259d istifad\u0259 etdiyin\u0259 g\u00f6r\u0259 Az\u0259rbaycan v\u0259t\u0259nda\u015f\u0131 c\u0259rim\u0259 \u00f6d\u0259m\u0259y\u0259 m\u0259cbur edilib v\u0259 Ukraynadan&hellip;","_links":{"self":[{"href":"https:\/\/arantv.az\/index.php?rest_route=\/wp\/v2\/posts\/95728"}],"collection":[{"href":"https:\/\/arantv.az\/index.php?rest_route=\/wp\/v2\/posts"}],"about":[{"href":"https:\/\/arantv.az\/index.php?rest_route=\/wp\/v2\/types\/post"}],"author":[{"embeddable":true,"href":"https:\/\/arantv.az\/index.php?rest_route=\/wp\/v2\/users\/2"}],"replies":[{"embeddable":true,"href":"https:\/\/arantv.az\/index.php?rest_route=%2Fwp%2Fv2%2Fcomments&post=95728"}],"version-history":[{"count":0,"href":"https:\/\/arantv.az\/index.php?rest_route=\/wp\/v2\/posts\/95728\/revisions"}],"wp:featuredmedia":[{"embeddable":true,"href":"https:\/\/arantv.az\/index.php?rest_route=\/wp\/v2\/media\/95729"}],"wp:attachment":[{"href":"https:\/\/arantv.az\/index.php?rest_route=%2Fwp%2Fv2%2Fmedia&parent=95728"}],"wp:term":[{"taxonomy":"category","embeddable":true,"href":"https:\/\/arantv.az\/index.php?rest_route=%2Fwp%2Fv2%2Fcategories&post=95728"},{"taxonomy":"post_tag","embeddable":true,"href":"https:\/\/arantv.az\/index.php?rest_route=%2Fwp%2Fv2%2Ftags&post=95728"}],"curies":[{"name":"wp","href":"https:\/\/api.w.org\/{rel}","templated":true}]}}