{"id":95732,"date":"2019-11-13T13:06:08","date_gmt":"2019-11-13T10:06:08","guid":{"rendered":"http:\/\/arantv.az\/?p=95732"},"modified":"2019-11-13T13:06:08","modified_gmt":"2019-11-13T10:06:08","slug":"deputat-insanlari-s%c9%99rl%c9%99yirl%c9%99r-biznesl%c9%99rini-%c9%99l%c9%99-kecirm%c9%99k-ist%c9%99yirl%c9%99r","status":"publish","type":"post","link":"https:\/\/arantv.az\/?p=95732","title":{"rendered":"Deputat: \u0130nsanlar\u0131 \u015f\u0259rl\u0259yirl\u0259r, biznesl\u0259rini \u0259l\u0259 ke\u00e7irm\u0259k ist\u0259yirl\u0259r"},"content":{"rendered":"<p>Biz son iki ild\u0259 yeni iki Ba\u015f nazirin i\u015ftirak\u0131 il\u0259 yeni b\u00fcdc\u0259 layih\u0259sini m\u00fczakir\u0259 etmi\u015fik. He\u00e7 \u015f\u00fcbh\u0259siz ki, burada bir m\u0259na var.<\/p>\n<p><b>ARANTV.AZ\u00a0<\/b> x\u0259b\u0259r verir ki, bunu deputat Zahid Oruc parlamentin bu g\u00fcn ke\u00e7iril\u0259n iclas\u0131nda b\u00fcdc\u0259 m\u00fczakir\u0259l\u0259ri zaman\u0131 deyib.<\/p>\n<p>\u201cC\u0259nab Prezident \u00f6t\u0259n 10 ill\u0259r \u0259rzind\u0259 Az\u0259rbaycan\u0131n \u0259ld\u0259 etdiyi u\u011furlarla yana\u015f\u0131, yeni \u00e7a\u011f\u0131r\u0131\u015flar\u0131 qar\u015f\u0131ya qoyub. Ciddi m\u0259nada h\u00f6kum\u0259td\u0259 d\u0259yi\u015fiklikl\u0259r\u0259 gedilib. Nazirl\u0259r Kabinetinin yeni t\u0259rkibind\u0259n c\u0259nab Prezidentin son bir ayda qabar\u0131q \u015f\u0259kild\u0259 ir\u0259li s\u00fcrd\u00fcy\u00fc \u00e7a\u011f\u0131r\u0131\u015flarla daha art\u0131q m\u0259\u015f\u011ful olmas\u0131n\u0131 g\u00f6zl\u0259yirik\u201d, &#8211; dey\u0259 Z.Oruc \u0259lav\u0259 edib.<\/p>\n<p>Deputat qeyd edib ki, h\u00f6kum\u0259t ke\u00e7mi\u015f Nazirl\u0259r Kabinetind\u0259 yer alan \u015f\u0259xsl\u0259rin k\u00f6lg\u0259sind\u0259n \u00e7\u0131xma\u011f\u0131 bacarmal\u0131d\u0131r.<\/p>\n<p>\u201cC\u0259nab prezident yeni elitan\u0131 formala\u015fd\u0131r\u0131r. Bu, h\u0259m d\u0259 h\u00f6kum\u0259t v\u0259 d\u00f6vl\u0259t strukturklar\u0131n\u0131 \u0259hat\u0259 etm\u0259kd\u0259dir. Yeni elitan\u0131n formala\u015fmas\u0131na ham\u0131 \u00f6z t\u00f6hf\u0259sini verm\u0259lidir. D\u00fc\u015f\u00fcn\u00fcr\u0259m ki, \u00f6lk\u0259 ba\u015f\u00e7\u0131s\u0131n\u0131n ir\u0259li s\u00fcrd\u00fcy\u00fc t\u0259l\u0259bl\u0259rd\u0259n biri haqs\u0131z r\u0259qab\u0259ti aradan qald\u0131rmaqd\u0131r.<\/p>\n<p>Prezidentin \u00f6z ifad\u0259si il\u0259 s\u00f6yl\u0259s\u0259k, bir s\u0131ra hallarda insanlar\u0131 \u015f\u0259rl\u0259yirl\u0259r, biznesl\u0259rini \u0259l\u0259 ke\u00e7irm\u0259y\u0259 c\u0259hd edirl\u0259r. \u00d6zl\u0259ri \u00fc\u00e7\u00fcn \u00fcst\u00fcn iqtisadi \u015f\u0259rait yarad\u0131rlar. Bu, t\u0259bii ki, aradan qald\u0131r\u0131lmal\u0131d\u0131r\u201d.\u00a0Oxu.Az<\/p>\n","protected":false},"excerpt":{"rendered":"<p>Biz son iki ild\u0259 yeni iki Ba\u015f nazirin i\u015ftirak\u0131 il\u0259 yeni b\u00fcdc\u0259 layih\u0259sini m\u00fczakir\u0259 etmi\u015fik. He\u00e7 \u015f\u00fcbh\u0259siz ki, burada bir m\u0259na var. ARANTV.AZ\u00a0 x\u0259b\u0259r verir ki, bunu deputat Zahid Oruc parlamentin bu g\u00fcn ke\u00e7iril\u0259n iclas\u0131nda b\u00fcdc\u0259 m\u00fczakir\u0259l\u0259ri zaman\u0131 deyib. \u201cC\u0259nab Prezident \u00f6t\u0259n 10 ill\u0259r \u0259rzind\u0259 Az\u0259rbaycan\u0131n \u0259ld\u0259 etdiyi u\u011furlarla yana\u015f\u0131, yeni \u00e7a\u011f\u0131r\u0131\u015flar\u0131 qar\u015f\u0131ya qoyub. Ciddi m\u0259nada h\u00f6kum\u0259td\u0259 d\u0259yi\u015fiklikl\u0259r\u0259 gedilib. Nazirl\u0259r Kabinetinin yeni t\u0259rkibind\u0259n c\u0259nab Prezidentin son bir ayda qabar\u0131q \u015f\u0259kild\u0259 ir\u0259li s\u00fcrd\u00fcy\u00fc \u00e7a\u011f\u0131r\u0131\u015flarla daha art\u0131q m\u0259\u015f\u011ful olmas\u0131n\u0131 g\u00f6zl\u0259yirik\u201d, &#8211; dey\u0259 Z.Oruc \u0259lav\u0259 edib. Deputat qeyd edib ki, h\u00f6kum\u0259t ke\u00e7mi\u015f Nazirl\u0259r&hellip;<\/p>\n","protected":false},"author":2,"featured_media":95733,"comment_status":"closed","ping_status":"closed","sticky":false,"template":"","format":"standard","meta":{"om_disable_all_campaigns":false,"_monsterinsights_skip_tracking":false,"_monsterinsights_sitenote_active":false,"_monsterinsights_sitenote_note":"","_monsterinsights_sitenote_category":0},"categories":[1],"tags":[],"aioseo_notices":[],"gutentor_comment":0,"rttpg_featured_image_url":{"full":["https:\/\/arantv.az\/wp-content\/uploads\/2019\/11\/zahid.jpg",620,385,false],"landscape":["https:\/\/arantv.az\/wp-content\/uploads\/2019\/11\/zahid.jpg",620,385,false],"portraits":["https:\/\/arantv.az\/wp-content\/uploads\/2019\/11\/zahid.jpg",620,385,false],"thumbnail":["https:\/\/arantv.az\/wp-content\/uploads\/2019\/11\/zahid-150x150.jpg",150,150,true],"medium":["https:\/\/arantv.az\/wp-content\/uploads\/2019\/11\/zahid-300x186.jpg",300,186,true],"large":["https:\/\/arantv.az\/wp-content\/uploads\/2019\/11\/zahid.jpg",620,385,false],"1536x1536":["https:\/\/arantv.az\/wp-content\/uploads\/2019\/11\/zahid.jpg",620,385,false],"2048x2048":["https:\/\/arantv.az\/wp-content\/uploads\/2019\/11\/zahid.jpg",620,385,false],"post-thumbnail":["https:\/\/arantv.az\/wp-content\/uploads\/2019\/11\/zahid-240x172.jpg",240,172,true],"advps-thumb-one":["https:\/\/arantv.az\/wp-content\/uploads\/2019\/11\/zahid.jpg",620,385,false]},"rttpg_author":{"display_name":"V\u00fcsal Rafiqo\u011flu","author_link":"https:\/\/arantv.az\/?author=2"},"rttpg_comment":0,"rttpg_category":"<a href=\"https:\/\/arantv.az\/?cat=1\" rel=\"category\">C\u0259miyy\u0259t<\/a>","rttpg_excerpt":"Biz son iki ild\u0259 yeni iki Ba\u015f nazirin i\u015ftirak\u0131 il\u0259 yeni b\u00fcdc\u0259 layih\u0259sini m\u00fczakir\u0259 etmi\u015fik. He\u00e7 \u015f\u00fcbh\u0259siz ki, burada bir m\u0259na var. ARANTV.AZ\u00a0 x\u0259b\u0259r verir ki, bunu deputat Zahid Oruc parlamentin bu g\u00fcn ke\u00e7iril\u0259n iclas\u0131nda b\u00fcdc\u0259 m\u00fczakir\u0259l\u0259ri zaman\u0131 deyib. \u201cC\u0259nab Prezident \u00f6t\u0259n 10 ill\u0259r \u0259rzind\u0259 Az\u0259rbaycan\u0131n \u0259ld\u0259 etdiyi u\u011furlarla yana\u015f\u0131, yeni \u00e7a\u011f\u0131r\u0131\u015flar\u0131 qar\u015f\u0131ya qoyub. Ciddi&hellip;","_links":{"self":[{"href":"https:\/\/arantv.az\/index.php?rest_route=\/wp\/v2\/posts\/95732"}],"collection":[{"href":"https:\/\/arantv.az\/index.php?rest_route=\/wp\/v2\/posts"}],"about":[{"href":"https:\/\/arantv.az\/index.php?rest_route=\/wp\/v2\/types\/post"}],"author":[{"embeddable":true,"href":"https:\/\/arantv.az\/index.php?rest_route=\/wp\/v2\/users\/2"}],"replies":[{"embeddable":true,"href":"https:\/\/arantv.az\/index.php?rest_route=%2Fwp%2Fv2%2Fcomments&post=95732"}],"version-history":[{"count":0,"href":"https:\/\/arantv.az\/index.php?rest_route=\/wp\/v2\/posts\/95732\/revisions"}],"wp:featuredmedia":[{"embeddable":true,"href":"https:\/\/arantv.az\/index.php?rest_route=\/wp\/v2\/media\/95733"}],"wp:attachment":[{"href":"https:\/\/arantv.az\/index.php?rest_route=%2Fwp%2Fv2%2Fmedia&parent=95732"}],"wp:term":[{"taxonomy":"category","embeddable":true,"href":"https:\/\/arantv.az\/index.php?rest_route=%2Fwp%2Fv2%2Fcategories&post=95732"},{"taxonomy":"post_tag","embeddable":true,"href":"https:\/\/arantv.az\/index.php?rest_route=%2Fwp%2Fv2%2Ftags&post=95732"}],"curies":[{"name":"wp","href":"https:\/\/api.w.org\/{rel}","templated":true}]}}