{"id":95749,"date":"2019-11-13T13:18:44","date_gmt":"2019-11-13T10:18:44","guid":{"rendered":"http:\/\/arantv.az\/?p=95749"},"modified":"2019-11-13T13:18:44","modified_gmt":"2019-11-13T10:18:44","slug":"s%c9%99fir-az%c9%99rbaycandan-ukraynaya-ixrac-edil%c9%99n-m%c9%99hsullarin-h%c9%99cmi-16-d%c9%99f%c9%99-artib","status":"publish","type":"post","link":"https:\/\/arantv.az\/?p=95749","title":{"rendered":"S\u0259fir: &#8220;Az\u0259rbaycandan Ukraynaya ixrac edil\u0259n m\u0259hsullar\u0131n h\u0259cmi 16 d\u0259f\u0259 art\u0131b&#8221;"},"content":{"rendered":"<blockquote><p><em><strong>Prezident \u0130lham \u018fliyevin tap\u015f\u0131r\u0131q v\u0259 g\u00f6st\u0259ri\u015fl\u0259rin\u0259 uy\u011fun olaraq, xarici siyas\u0259timizin \u0259sas istiqam\u0259tl\u0259rind\u0259n biri Erm\u0259nistan-Az\u0259rbaycan Da\u011fl\u0131q Qaraba\u011f m\u00fcnaqi\u015f\u0259sinin Az\u0259rbaycan\u0131n \u0259razi b\u00fct\u00f6vl\u00fcy\u00fc \u00e7\u0259r\u00e7iv\u0259sind\u0259 h\u0259llin\u0259 y\u00f6n\u0259lib.<\/strong><\/em><\/p><\/blockquote>\n<p><strong>ARANTV.AZ<\/strong>\u00a0<a href=\"https:\/\/az.trend.az\/\" target=\"_blank\" rel=\"noopener\">Trend<\/a>-\u0259 istinad\u0259n x\u0259b\u0259r verir ki, bunu Az\u0259rbaycan\u0131n Ukraynadak\u0131 s\u0259firi Az\u0259r Xudiyev deyib.<\/p>\n<p>O bildirib ki, bu g\u00fcn Az\u0259rbaycan diplomatiyas\u0131n\u0131n \u00fcz\u0259rin\u0259 olduq\u00e7a b\u00f6y\u00fck bir m\u0259suliyy\u0259t qoyulub v\u0259 h\u0259r bir Az\u0259rbaycan diplomat\u0131 bu m\u0259suliyy\u0259ti d\u0259rk ed\u0259r\u0259k, \u00f6lk\u0259 r\u0259hb\u0259rliyi t\u0259r\u0259find\u0259n qar\u015f\u0131ya qoyulan v\u0259zif\u0259l\u0259rin \u00f6hd\u0259sind\u0259n g\u0259lm\u0259k \u00fc\u00e7\u00fcn b\u00fct\u00fcn pe\u015f\u0259karl\u0131\u011f\u0131n\u0131 v\u0259 savad\u0131n\u0131 s\u0259f\u0259rb\u0259r ed\u0259r\u0259k, \u00f6z v\u0259zif\u0259 borcuna layiqinc\u0259 yana\u015f\u0131r v\u0259 bundan sonra da bel\u0259 olacaq: &#8220;Bu g\u00fcn Az\u0259rbaycan diplomatiyas\u0131 m\u00fcasir d\u00fcnyam\u0131z\u0131n \u00e7a\u011f\u0131r\u0131\u015f v\u0259 t\u0259hdidl\u0259rin\u0259 cavab verir v\u0259 beyn\u0259lxalq al\u0259md\u0259 d\u00f6vl\u0259timizin m\u00fcsb\u0259t imicinin formala\u015fd\u0131r\u0131lmas\u0131 istiqam\u0259tind\u0259 b\u00fct\u00fcn s\u0259yl\u0259ri \u0259sirg\u0259mir, el\u0259c\u0259 d\u0259 m\u00fcst\u0259qil d\u00f6vl\u0259timiz\u0259 y\u00f6n\u0259l\u0259n m\u00fcmk\u00fcn geosiyasi riskl\u0259rin yaranmas\u0131na imkan vermir.<\/p>\n<p>T\u0259\u0259ss\u00fcfl\u0259r olsun ki, 27 ild\u0259n art\u0131qd\u0131r Az\u0259rbaycan\u0131n tarixi torpaqlar\u0131, o c\u00fcml\u0259d\u0259n Da\u011fl\u0131q Qaraba\u011f \u0259razisi erm\u0259ni i\u015f\u011fal\u0131 alt\u0131ndad\u0131r. Ona g\u00f6r\u0259 d\u0259 Az\u0259rbaycan diplomatiyas\u0131n\u0131n \u0259sas f\u0259aliyy\u0259t istiqam\u0259ti bu m\u00fcnaqi\u015f\u0259nin h\u0259llin\u0259 y\u00f6n\u0259lib. Erm\u0259ni diplomatlar\u0131 t\u0259r\u0259find\u0259n xarici \u00f6lk\u0259l\u0259rd\u0259 \u00f6lk\u0259miz\u0259 qar\u015f\u0131 y\u00f6n\u0259lmi\u015f \u00e7irkin \u0259m\u0259ll\u0259r v\u0259 m\u00fct\u0259madi olaraq yarad\u0131lan t\u0259xribatlar\u0131n\u0131n qar\u015f\u0131s\u0131n\u0131n al\u0131nmas\u0131 \u00fc\u00e7\u00fcn t\u0259r\u0259fimizd\u0259n daim b\u00f6y\u00fck i\u015fl\u0259r apar\u0131l\u0131r. Az\u0259rbaycan h\u0259qiq\u0259tl\u0259rinin beyn\u0259lxalq al\u0259m\u0259 \u00e7atd\u0131r\u0131lmas\u0131 diplomatiyam\u0131z\u0131n \u0259n \u00f6nd\u0259 duran v\u0259zif\u0259 borcudur&#8221;.<\/p>\n<p>A.Xudiyev iqtisadi diplomatiyaya da \u00e7ox b\u00f6y\u00fck \u00f6n\u0259m verildiyini bildirib: &#8220;Az\u0259rbaycan Prezidenti c\u0259nab \u0130lham \u018fliyevin h\u0259yata ke\u00e7irdiyi sosial-iqtisadi islahatlarla ba\u011fl\u0131 Az\u0259rbaycan diplomatiyas\u0131 da h\u0259rt\u0259r\u0259fli c\u0259lb olunur v\u0259 \u00f6lk\u0259 ba\u015f\u00e7\u0131m\u0131z\u0131n x\u00fcsusi g\u00f6st\u0259ri\u015fl\u0259rin\u0259 \u0259sas\u0259n, Az\u0259rbaycana xarici s\u0259rmay\u0259l\u0259rin c\u0259lb edilm\u0259si \u00fc\u00e7\u00fcn diplomatik missiyalar\u0131m\u0131z t\u0259r\u0259find\u0259n b\u00fct\u00fcn g\u0259r\u0259kli i\u015fl\u0259r apar\u0131l\u0131r&#8221;.<\/p>\n<p>S\u0259fir qeyd edib ki, Ukraynada v\u0259t\u0259nin\u0259 v\u0259 d\u00f6vl\u0259tin\u0259 \u00fcr\u0259kd\u0259n ba\u011fl\u0131 olan bir \u00e7ox v\u0259t\u0259np\u0259rv\u0259r i\u015f adam\u0131 m\u00f6vcuddur:<\/p>\n<p>&#8220;Burada V\u0259t\u0259nini, d\u00f6vl\u0259tini sev\u0259n az\u0259rbaycanl\u0131lar \u00e7oxdur. Onlar f\u0259rdi \u015f\u0259kild\u0259 Az\u0259rbaycan\u0131 t\u0259bli\u011fi istiqam\u0259tind\u0259 s\u0259firliyimiz t\u0259r\u0259find\u0259n i\u015fl\u0259nib haz\u0131rlanan layih\u0259l\u0259rin h\u0259yata ke\u00e7irilm\u0259sind\u0259 biz\u0259 daim d\u0259st\u0259k olurlar. \u00dcmumiyy\u0259tl\u0259, ukraynal\u0131lar v\u0259 burada ya\u015fayan xalqlar do\u011fma v\u0259t\u0259nimizin q\u0259dim tarixi v\u0259 z\u0259ngin m\u0259d\u0259niyy\u0259ti il\u0259 yax\u0131ndan tan\u0131\u015f olmal\u0131d\u0131rlar, bunun \u00fc\u00e7\u00fcn t\u0259bli\u011fat i\u015fl\u0259ri daha da g\u00fccl\u0259ndirilm\u0259lidir. \u018fmin\u0259m ki, Az\u0259rbaycan v\u0259 Ukrayna dostlu\u011fu bundan sonra da y\u00fcks\u0259l\u0259n x\u0259tl\u0259 inki\u015faf ed\u0259c\u0259k&#8221;.<\/p>\n<p>A.Xudiyev bildirib ki, Az\u0259rbaycan\u0131n Ukraynadak\u0131 diplomatik missiyas\u0131n\u0131n f\u0259aliyy\u0259ti Erm\u0259nistan\u0131n Ukraynadak\u0131 s\u0259firliyinin f\u0259aliyy\u0259tind\u0259n daha \u00fcst\u00fcn v\u0259 s\u0259m\u0259r\u0259lidir:<\/p>\n<p>&#8220;B\u00fct\u00fcn \u00f6lk\u0259l\u0259rd\u0259ki kimi, Ukraynada da \u00e7ox g\u00fccl\u00fc erm\u0259ni diasporas\u0131 m\u00f6vcuddur v\u0259 onlar \u00f6z s\u0259firlikl\u0259rin\u0259 \u0259n\u0259n\u0259vi olaraq h\u0259rt\u0259r\u0259fli d\u0259st\u0259k olurlar. B\u0259z\u0259n onlar \u015f\u0259xsi m\u00fcnasib\u0259tl\u0259r z\u0259minind\u0259 h\u0259min \u00f6lk\u0259l\u0259rin tan\u0131nm\u0131\u015f simalar\u0131 v\u0259 siyas\u0259t\u00e7il\u0259ri il\u0259 dostluq \u0259laq\u0259l\u0259ri yarad\u0131rlar v\u0259 bundan da yararlan\u0131rlar.<\/p>\n<p>Bu m\u00fcnasib\u0259td\u0259n \u00e7\u0131x\u0131\u015f ed\u0259r\u0259k, \u0259minlikl\u0259 dey\u0259 bil\u0259r\u0259k ki, erm\u0259ni diplomatlar\u0131 diasporalar\u0131 t\u0259r\u0259find\u0259n d\u0259st\u0259y\u0259 \u00fcmidvar olaraq \u00f6z diplomatik f\u0259aliyy\u0259tl\u0259rini infantil v\u0259 s\u0259m\u0259r\u0259siz m\u0259crada apar\u0131rlar. \u00d6z pe\u015f\u0259kar f\u0259aliyy\u0259t t\u0259cr\u00fcb\u0259md\u0259n dey\u0259 bil\u0259r\u0259m ki, ist\u0259r beyn\u0259lxalq t\u0259\u015fkilatlarda, y\u0259ni \u00e7oxt\u0259r\u0259fli diplomatiyada, ist\u0259rs\u0259 d\u0259 ikit\u0259r\u0259fli diplomatiyada onlar bizd\u0259n bir \u00e7ox hallarda pe\u015f\u0259karl\u0131qda geri qal\u0131rlar.<\/p>\n<p>S\u0259firliyimiz t\u0259r\u0259find\u0259n Az\u0259rbaycan h\u0259qiq\u0259tl\u0259ri bar\u0259d\u0259 Ukraynan\u0131n K\u00fctl\u0259vi \u0130nformasiya Vasit\u0259l\u0259ri il\u0259 \u00e7ox f\u0259al \u015f\u0259kild\u0259 t\u0259bli\u011fat i\u015fl\u0259ri apar\u0131r, Ukraynan\u0131n n\u00fcfuzlu t\u0259hsil ocaqlar\u0131nda, milli maraqlar\u0131m\u0131za uy\u011fun m\u00fcxt\u0259lif m\u00f6vz\u00fclarda m\u00fchazir\u0259l\u0259r oxunulur, silsil\u0259 t\u0259dbirl\u0259r t\u0259\u015fkil edilir. Ukraynan\u0131n paytaxt\u0131 v\u0259 el\u0259c\u0259 d\u0259 b\u00f6y\u00fck \u015f\u0259h\u0259rl\u0259rind\u0259 \u00f6lk\u0259mizin t\u0259bli\u011fat i\u015fl\u0259rinin daha s\u0259m\u0259r\u0259li v\u0259 effektiv \u015f\u0259kild\u0259 apar\u0131lmas\u0131 \u00fc\u00e7\u00fcn s\u0259firliyimizin t\u0259\u015f\u0259bb\u00fcs\u00fc v\u0259 d\u0259st\u0259yi il\u0259 Az\u0259rbaycan m\u0259d\u0259niyy\u0259t v\u0259 informasiya m\u0259rk\u0259zl\u0259ri art\u0131q f\u0259aliyy\u0259t\u0259 ba\u015flay\u0131b&#8221;.<\/p>\n<p>A.Xudiyev \u0259lav\u0259 edib ki, Ukraynada 2013-c\u00fc ild\u0259 ba\u015f vermi\u015f m\u0259lum hadis\u0259l\u0259r v\u0259 \u00f6lk\u0259d\u0259 c\u0259r\u0259yan ed\u0259n siyasi prosesl\u0259rin t\u0259siri il\u0259 ba\u015fqa \u00f6lk\u0259l\u0259rl\u0259 oldu\u011fu kimi, Az\u0259rbaycanla da ticar\u0259t d\u00f6vriyy\u0259sinin h\u0259cmi a\u015fa\u011f\u0131 d\u00fc\u015fm\u00fc\u015fd\u00fc: &#8220;2015-ci ild\u0259 \u00f6lk\u0259l\u0259rimiz aras\u0131nda ticar\u0259t d\u00f6vriyy\u0259si 333 mln. AB\u015e dollar\u0131 t\u0259\u015fkil edib. Lakin sonrak\u0131 3 il \u0259rzind\u0259 (2015-2018) S\u0259firlik t\u0259r\u0259find\u0259n g\u00f6r\u00fclm\u00fc\u015f i\u015fl\u0259r say\u0259sind\u0259, o c\u00fcml\u0259d\u0259n Kiyev \u015f\u0259h\u0259rind\u0259 &#8220;Az\u0259rbaycan Ticar\u0259t Evi&#8221;nin a\u00e7\u0131lmas\u0131 n\u0259tic\u0259sind\u0259, ikit\u0259r\u0259fli ticar\u0259t d\u00f6vriyy\u0259miz n\u0259z\u0259r\u0259 \u00e7arpacaq d\u0259r\u0259c\u0259d\u0259 (2,5 d\u0259f\u0259) art\u0131b. Bunun n\u0259tic\u0259sind\u0259 Ukrayna \u00f6lk\u0259mizin \u0259sas ticar\u0259t t\u0259r\u0259fda\u015flar\u0131ndan birin\u0259 \u00e7evrilib v\u0259 haz\u0131rda Az\u0259rbaycan\u0131n xarici ticar\u0259t d\u00f6vriyy\u0259sind\u0259 11-ci yeri tutur. 2018-ci ild\u0259 ticar\u0259t d\u00f6vriyy\u0259miz 829 mln AB\u015e dollar\u0131 t\u0259\u015fkil edib. 2019-cu ild\u0259 bu g\u00f6st\u0259ricinin daha da artaca\u011f\u0131 g\u00f6zl\u0259nilir. Eyni zamanda onu da vur\u011fulamaq ist\u0259rdik ki, \u00fc\u00e7 il m\u00fcdd\u0259tind\u0259 Az\u0259rbaycandan Ukraynaya ixrac edil\u0259n m\u0259hsullar\u0131n h\u0259cmi 16 d\u0259f\u0259 art\u0131b&#8221;.<\/p>\n","protected":false},"excerpt":{"rendered":"<p>Prezident \u0130lham \u018fliyevin tap\u015f\u0131r\u0131q v\u0259 g\u00f6st\u0259ri\u015fl\u0259rin\u0259 uy\u011fun olaraq, xarici siyas\u0259timizin \u0259sas istiqam\u0259tl\u0259rind\u0259n biri Erm\u0259nistan-Az\u0259rbaycan Da\u011fl\u0131q Qaraba\u011f m\u00fcnaqi\u015f\u0259sinin Az\u0259rbaycan\u0131n \u0259razi b\u00fct\u00f6vl\u00fcy\u00fc \u00e7\u0259r\u00e7iv\u0259sind\u0259 h\u0259llin\u0259 y\u00f6n\u0259lib. ARANTV.AZ\u00a0Trend-\u0259 istinad\u0259n x\u0259b\u0259r verir ki, bunu Az\u0259rbaycan\u0131n Ukraynadak\u0131 s\u0259firi Az\u0259r Xudiyev deyib. O bildirib ki, bu g\u00fcn Az\u0259rbaycan diplomatiyas\u0131n\u0131n \u00fcz\u0259rin\u0259 olduq\u00e7a b\u00f6y\u00fck bir m\u0259suliyy\u0259t qoyulub v\u0259 h\u0259r bir Az\u0259rbaycan diplomat\u0131 bu m\u0259suliyy\u0259ti d\u0259rk ed\u0259r\u0259k, \u00f6lk\u0259 r\u0259hb\u0259rliyi t\u0259r\u0259find\u0259n qar\u015f\u0131ya qoyulan v\u0259zif\u0259l\u0259rin \u00f6hd\u0259sind\u0259n g\u0259lm\u0259k \u00fc\u00e7\u00fcn b\u00fct\u00fcn pe\u015f\u0259karl\u0131\u011f\u0131n\u0131 v\u0259 savad\u0131n\u0131 s\u0259f\u0259rb\u0259r ed\u0259r\u0259k, \u00f6z v\u0259zif\u0259 borcuna layiqinc\u0259 yana\u015f\u0131r v\u0259 bundan sonra da bel\u0259 olacaq: &#8220;Bu g\u00fcn Az\u0259rbaycan diplomatiyas\u0131 m\u00fcasir d\u00fcnyam\u0131z\u0131n \u00e7a\u011f\u0131r\u0131\u015f&hellip;<\/p>\n","protected":false},"author":2,"featured_media":95750,"comment_status":"closed","ping_status":"closed","sticky":false,"template":"","format":"standard","meta":{"om_disable_all_campaigns":false,"_monsterinsights_skip_tracking":false,"_monsterinsights_sitenote_active":false,"_monsterinsights_sitenote_note":"","_monsterinsights_sitenote_category":0},"categories":[4],"tags":[],"aioseo_notices":[],"gutentor_comment":0,"rttpg_featured_image_url":{"full":["https:\/\/arantv.az\/wp-content\/uploads\/2019\/11\/801942.jpg",800,600,false],"landscape":["https:\/\/arantv.az\/wp-content\/uploads\/2019\/11\/801942.jpg",800,600,false],"portraits":["https:\/\/arantv.az\/wp-content\/uploads\/2019\/11\/801942.jpg",800,600,false],"thumbnail":["https:\/\/arantv.az\/wp-content\/uploads\/2019\/11\/801942-150x150.jpg",150,150,true],"medium":["https:\/\/arantv.az\/wp-content\/uploads\/2019\/11\/801942-300x225.jpg",300,225,true],"large":["https:\/\/arantv.az\/wp-content\/uploads\/2019\/11\/801942.jpg",640,480,false],"1536x1536":["https:\/\/arantv.az\/wp-content\/uploads\/2019\/11\/801942.jpg",800,600,false],"2048x2048":["https:\/\/arantv.az\/wp-content\/uploads\/2019\/11\/801942.jpg",800,600,false],"post-thumbnail":["https:\/\/arantv.az\/wp-content\/uploads\/2019\/11\/801942-240x172.jpg",240,172,true],"advps-thumb-one":["https:\/\/arantv.az\/wp-content\/uploads\/2019\/11\/801942.jpg",800,600,false]},"rttpg_author":{"display_name":"V\u00fcsal Rafiqo\u011flu","author_link":"https:\/\/arantv.az\/?author=2"},"rttpg_comment":0,"rttpg_category":"<a href=\"https:\/\/arantv.az\/?cat=4\" rel=\"category\">Siyas\u0259t<\/a>","rttpg_excerpt":"Prezident \u0130lham \u018fliyevin tap\u015f\u0131r\u0131q v\u0259 g\u00f6st\u0259ri\u015fl\u0259rin\u0259 uy\u011fun olaraq, xarici siyas\u0259timizin \u0259sas istiqam\u0259tl\u0259rind\u0259n biri Erm\u0259nistan-Az\u0259rbaycan Da\u011fl\u0131q Qaraba\u011f m\u00fcnaqi\u015f\u0259sinin Az\u0259rbaycan\u0131n \u0259razi b\u00fct\u00f6vl\u00fcy\u00fc \u00e7\u0259r\u00e7iv\u0259sind\u0259 h\u0259llin\u0259 y\u00f6n\u0259lib. ARANTV.AZ\u00a0Trend-\u0259 istinad\u0259n x\u0259b\u0259r verir ki, bunu Az\u0259rbaycan\u0131n Ukraynadak\u0131 s\u0259firi Az\u0259r Xudiyev deyib. O bildirib ki, bu g\u00fcn Az\u0259rbaycan diplomatiyas\u0131n\u0131n \u00fcz\u0259rin\u0259 olduq\u00e7a b\u00f6y\u00fck bir m\u0259suliyy\u0259t qoyulub v\u0259 h\u0259r bir Az\u0259rbaycan diplomat\u0131 bu m\u0259suliyy\u0259ti&hellip;","_links":{"self":[{"href":"https:\/\/arantv.az\/index.php?rest_route=\/wp\/v2\/posts\/95749"}],"collection":[{"href":"https:\/\/arantv.az\/index.php?rest_route=\/wp\/v2\/posts"}],"about":[{"href":"https:\/\/arantv.az\/index.php?rest_route=\/wp\/v2\/types\/post"}],"author":[{"embeddable":true,"href":"https:\/\/arantv.az\/index.php?rest_route=\/wp\/v2\/users\/2"}],"replies":[{"embeddable":true,"href":"https:\/\/arantv.az\/index.php?rest_route=%2Fwp%2Fv2%2Fcomments&post=95749"}],"version-history":[{"count":0,"href":"https:\/\/arantv.az\/index.php?rest_route=\/wp\/v2\/posts\/95749\/revisions"}],"wp:featuredmedia":[{"embeddable":true,"href":"https:\/\/arantv.az\/index.php?rest_route=\/wp\/v2\/media\/95750"}],"wp:attachment":[{"href":"https:\/\/arantv.az\/index.php?rest_route=%2Fwp%2Fv2%2Fmedia&parent=95749"}],"wp:term":[{"taxonomy":"category","embeddable":true,"href":"https:\/\/arantv.az\/index.php?rest_route=%2Fwp%2Fv2%2Fcategories&post=95749"},{"taxonomy":"post_tag","embeddable":true,"href":"https:\/\/arantv.az\/index.php?rest_route=%2Fwp%2Fv2%2Ftags&post=95749"}],"curies":[{"name":"wp","href":"https:\/\/api.w.org\/{rel}","templated":true}]}}