{"id":95753,"date":"2019-11-13T13:19:59","date_gmt":"2019-11-13T10:19:59","guid":{"rendered":"http:\/\/arantv.az\/?p=95753"},"modified":"2019-11-13T13:19:59","modified_gmt":"2019-11-13T10:19:59","slug":"2020-ci-ilin-dovl%c9%99t-budc%c9%99si-birinci-oxunusda-q%c9%99bul-edildi","status":"publish","type":"post","link":"https:\/\/arantv.az\/?p=95753","title":{"rendered":"2020-ci ilin d\u00f6vl\u0259t b\u00fcdc\u0259si birinci oxunu\u015fda q\u0259bul edildi"},"content":{"rendered":"<p><strong>Milli M\u0259clisin bu g\u00fcn ke\u00e7iril\u0259n plenar iclas\u0131nda &#8220;Az\u0259rbaycan Respublikas\u0131n\u0131n 2020-ci il d\u00f6vl\u0259t b\u00fcdc\u0259si haqq\u0131nda&#8221; qanun layih\u0259si birinci oxunu\u015fda m\u00fczakir\u0259y\u0259 \u00e7\u0131xar\u0131l\u0131b.<\/strong><\/p>\n<p><strong>ARANTV.AZ\u00a0<\/strong><a href=\"https:\/\/az.trend.az\/\" target=\"_blank\" rel=\"noopener\">Trend<\/a>-\u0259 istinad\u0259n x\u0259b\u0259r verir ki, m\u00fczakir\u0259l\u0259rd\u0259n sonra d\u00f6vl\u0259t b\u00fcdc\u0259si birinci oxunu\u015fda q\u0259bul edilib.<\/p>\n<p>Az\u0259rbaycan\u0131n 2020-ci il d\u00f6vl\u0259t b\u00fcdc\u0259sinin g\u0259lirl\u0259ri 24 milyard 134,5 milyon manat, x\u0259rcl\u0259ri is\u0259 26 milyard 913,7 milyon manat proqnozla\u015fd\u0131r\u0131l\u0131r.<\/p>\n<div>\n<div id=\"AdviadNativeVideo0\" class=\"AdviadNativeVideo\"><\/div>\n<\/div>\n<p>Qeyd ed\u0259k ki, parlamentin \u00fc\u00e7 g\u00fcn davam ed\u0259n iclas\u0131n\u0131n g\u00fcnd\u0259liyin\u0259 2020-ci il \u00fc\u00e7\u00fcn ya\u015fay\u0131\u015f minimumu haqq\u0131nda&#8221;, &#8220;2020-ci il \u00fc\u00e7\u00fcn ehtiyac meyar\u0131n\u0131n h\u0259ddi haqq\u0131nda&#8221;, &#8220;D\u00f6vl\u0259t Sosial M\u00fcdafi\u0259 Fondunun 2020-ci il b\u00fcdc\u0259si haqq\u0131nda&#8221;, &#8220;\u0130\u015fsizlikd\u0259n s\u0131\u011forta fondunun 2020-ci il \u00fc\u00e7\u00fcn d\u00f6vl\u0259t b\u00fcdc\u0259si haqq\u0131nda&#8221; qanun layih\u0259l\u0259ri, Milli M\u0259clisin v\u0259 Hesablama Palatas\u0131n\u0131n n\u00f6vb\u0259ti il \u00fc\u00e7\u00fcn x\u0259rcl\u0259r smetalar\u0131 v\u0259 dig\u0259r m\u0259s\u0259l\u0259l\u0259r daxildir. \u00dcmumilikd\u0259 iclasda 11 m\u0259s\u0259l\u0259 m\u00fczakir\u0259y\u0259 \u00e7\u0131xar\u0131l\u0131b.<\/p>\n","protected":false},"excerpt":{"rendered":"<p>Milli M\u0259clisin bu g\u00fcn ke\u00e7iril\u0259n plenar iclas\u0131nda &#8220;Az\u0259rbaycan Respublikas\u0131n\u0131n 2020-ci il d\u00f6vl\u0259t b\u00fcdc\u0259si haqq\u0131nda&#8221; qanun layih\u0259si birinci oxunu\u015fda m\u00fczakir\u0259y\u0259 \u00e7\u0131xar\u0131l\u0131b. ARANTV.AZ\u00a0Trend-\u0259 istinad\u0259n x\u0259b\u0259r verir ki, m\u00fczakir\u0259l\u0259rd\u0259n sonra d\u00f6vl\u0259t b\u00fcdc\u0259si birinci oxunu\u015fda q\u0259bul edilib. Az\u0259rbaycan\u0131n 2020-ci il d\u00f6vl\u0259t b\u00fcdc\u0259sinin g\u0259lirl\u0259ri 24 milyard 134,5 milyon manat, x\u0259rcl\u0259ri is\u0259 26 milyard 913,7 milyon manat proqnozla\u015fd\u0131r\u0131l\u0131r. Qeyd ed\u0259k ki, parlamentin \u00fc\u00e7 g\u00fcn davam ed\u0259n iclas\u0131n\u0131n g\u00fcnd\u0259liyin\u0259 2020-ci il \u00fc\u00e7\u00fcn ya\u015fay\u0131\u015f minimumu haqq\u0131nda&#8221;, &#8220;2020-ci il \u00fc\u00e7\u00fcn ehtiyac meyar\u0131n\u0131n h\u0259ddi haqq\u0131nda&#8221;, &#8220;D\u00f6vl\u0259t Sosial M\u00fcdafi\u0259 Fondunun 2020-ci il b\u00fcdc\u0259si haqq\u0131nda&#8221;, &#8220;\u0130\u015fsizlikd\u0259n s\u0131\u011forta fondunun 2020-ci il \u00fc\u00e7\u00fcn d\u00f6vl\u0259t&hellip;<\/p>\n","protected":false},"author":2,"featured_media":95754,"comment_status":"closed","ping_status":"closed","sticky":false,"template":"","format":"standard","meta":{"om_disable_all_campaigns":false,"_monsterinsights_skip_tracking":false,"_monsterinsights_sitenote_active":false,"_monsterinsights_sitenote_note":"","_monsterinsights_sitenote_category":0},"categories":[1],"tags":[],"aioseo_notices":[],"gutentor_comment":0,"rttpg_featured_image_url":{"full":["https:\/\/arantv.az\/wp-content\/uploads\/2019\/11\/milli_meclis_00.jpg",482,361,false],"landscape":["https:\/\/arantv.az\/wp-content\/uploads\/2019\/11\/milli_meclis_00.jpg",482,361,false],"portraits":["https:\/\/arantv.az\/wp-content\/uploads\/2019\/11\/milli_meclis_00.jpg",482,361,false],"thumbnail":["https:\/\/arantv.az\/wp-content\/uploads\/2019\/11\/milli_meclis_00-150x150.jpg",150,150,true],"medium":["https:\/\/arantv.az\/wp-content\/uploads\/2019\/11\/milli_meclis_00-300x225.jpg",300,225,true],"large":["https:\/\/arantv.az\/wp-content\/uploads\/2019\/11\/milli_meclis_00.jpg",482,361,false],"1536x1536":["https:\/\/arantv.az\/wp-content\/uploads\/2019\/11\/milli_meclis_00.jpg",482,361,false],"2048x2048":["https:\/\/arantv.az\/wp-content\/uploads\/2019\/11\/milli_meclis_00.jpg",482,361,false],"post-thumbnail":["https:\/\/arantv.az\/wp-content\/uploads\/2019\/11\/milli_meclis_00-240x172.jpg",240,172,true],"advps-thumb-one":["https:\/\/arantv.az\/wp-content\/uploads\/2019\/11\/milli_meclis_00.jpg",482,361,false]},"rttpg_author":{"display_name":"V\u00fcsal Rafiqo\u011flu","author_link":"https:\/\/arantv.az\/?author=2"},"rttpg_comment":0,"rttpg_category":"<a href=\"https:\/\/arantv.az\/?cat=1\" rel=\"category\">C\u0259miyy\u0259t<\/a>","rttpg_excerpt":"Milli M\u0259clisin bu g\u00fcn ke\u00e7iril\u0259n plenar iclas\u0131nda &#8220;Az\u0259rbaycan Respublikas\u0131n\u0131n 2020-ci il d\u00f6vl\u0259t b\u00fcdc\u0259si haqq\u0131nda&#8221; qanun layih\u0259si birinci oxunu\u015fda m\u00fczakir\u0259y\u0259 \u00e7\u0131xar\u0131l\u0131b. ARANTV.AZ\u00a0Trend-\u0259 istinad\u0259n x\u0259b\u0259r verir ki, m\u00fczakir\u0259l\u0259rd\u0259n sonra d\u00f6vl\u0259t b\u00fcdc\u0259si birinci oxunu\u015fda q\u0259bul edilib. Az\u0259rbaycan\u0131n 2020-ci il d\u00f6vl\u0259t b\u00fcdc\u0259sinin g\u0259lirl\u0259ri 24 milyard 134,5 milyon manat, x\u0259rcl\u0259ri is\u0259 26 milyard 913,7 milyon manat proqnozla\u015fd\u0131r\u0131l\u0131r. Qeyd ed\u0259k ki,&hellip;","_links":{"self":[{"href":"https:\/\/arantv.az\/index.php?rest_route=\/wp\/v2\/posts\/95753"}],"collection":[{"href":"https:\/\/arantv.az\/index.php?rest_route=\/wp\/v2\/posts"}],"about":[{"href":"https:\/\/arantv.az\/index.php?rest_route=\/wp\/v2\/types\/post"}],"author":[{"embeddable":true,"href":"https:\/\/arantv.az\/index.php?rest_route=\/wp\/v2\/users\/2"}],"replies":[{"embeddable":true,"href":"https:\/\/arantv.az\/index.php?rest_route=%2Fwp%2Fv2%2Fcomments&post=95753"}],"version-history":[{"count":0,"href":"https:\/\/arantv.az\/index.php?rest_route=\/wp\/v2\/posts\/95753\/revisions"}],"wp:featuredmedia":[{"embeddable":true,"href":"https:\/\/arantv.az\/index.php?rest_route=\/wp\/v2\/media\/95754"}],"wp:attachment":[{"href":"https:\/\/arantv.az\/index.php?rest_route=%2Fwp%2Fv2%2Fmedia&parent=95753"}],"wp:term":[{"taxonomy":"category","embeddable":true,"href":"https:\/\/arantv.az\/index.php?rest_route=%2Fwp%2Fv2%2Fcategories&post=95753"},{"taxonomy":"post_tag","embeddable":true,"href":"https:\/\/arantv.az\/index.php?rest_route=%2Fwp%2Fv2%2Ftags&post=95753"}],"curies":[{"name":"wp","href":"https:\/\/api.w.org\/{rel}","templated":true}]}}