{"id":95760,"date":"2019-11-13T13:23:17","date_gmt":"2019-11-13T10:23:17","guid":{"rendered":"http:\/\/arantv.az\/?p=95760"},"modified":"2019-11-13T13:23:17","modified_gmt":"2019-11-13T10:23:17","slug":"az%c9%99rbaycanda-t%c9%99l%c9%99b%c9%99-yataqxanalarinin-tikilm%c9%99si-il%c9%99-bagli-t%c9%99klif","status":"publish","type":"post","link":"https:\/\/arantv.az\/?p=95760","title":{"rendered":"Az\u0259rbaycanda t\u0259l\u0259b\u0259 yataqxanalar\u0131n\u0131n tikilm\u0259si il\u0259 ba\u011fl\u0131 T\u018fKL\u0130F"},"content":{"rendered":"<p><strong>Az\u0259rbaycanda t\u0259l\u0259b\u0259 yataqxanalar\u0131n\u0131n tikilm\u0259si il\u0259 ba\u011fl\u0131 t\u0259klif ir\u0259li s\u00fcr\u00fcl\u00fcb.<\/strong><\/p>\n<p><strong>ARANTV.AZ<\/strong>\u00a0<a href=\"https:\/\/az.trend.az\/\" target=\"_blank\" rel=\"noopener\">Trend<\/a>-\u0259 istinad\u0259n x\u0259b\u0259r verir ki, Milli M\u0259clisin bu g\u00fcn ke\u00e7iril\u0259n plenar iclas\u0131nda parlamentin vitse-spikeri Valeh \u018fl\u0259sg\u0259rov bununla &#8220;Tik-idar\u0259 et-t\u0259hvil ver&#8221; (T\u0130T) modelind\u0259n istifad\u0259ni m\u0259qs\u0259d\u0259uy\u011fun hesab edib.<\/p>\n<p>V.\u018fl\u0259sg\u0259rov bildirib ki, bu modell\u0259 ba\u011fl\u0131 2016-c\u0131 ild\u0259 Milli M\u0259clis t\u0259r\u0259find\u0259n qanun q\u0259bul olunub. Vitse-spiker bildirib ki, d\u00fcnyan\u0131n bir \u00e7ox \u00f6lk\u0259l\u0259rind\u0259 bu modeld\u0259n s\u0259m\u0259r\u0259li istifad\u0259 olunur, k\u00f6rp\u00fcl\u0259r, tunell\u0259r hava limanlar\u0131 tikilir.<\/p>\n<p>Vitse-spikerin s\u00f6zl\u0259rin\u0259 g\u00f6r\u0259, Milli M\u0259clis bu qanuna \u0259lav\u0259 ed\u0259r\u0259k t\u0259l\u0259b\u0259 kampuslar\u0131n\u0131n tikilm\u0259si \u00fc\u00e7\u00fcn qanunvericilik bazas\u0131 yarada bil\u0259r:<\/p>\n<p>&#8220;T\u0259l\u0259b\u0259 yataqxanalar\u0131 il\u0259 ba\u011fl\u0131 m\u0259s\u0259l\u0259 bu yolla daha tez h\u0259ll oluna bil\u0259r. T\u0259klif edir\u0259m ki, T\u0259hsil v\u0259 Maliyy\u0259 Nazirlikl\u0259ri il\u0259 birg\u0259 bununla ba\u011fl\u0131 m\u00fc\u0259yy\u0259n mexanizm haz\u0131rlayaq&#8221;.<\/p>\n<div>\n<div id=\"AdviadNativeVideo0\" class=\"AdviadNativeVideo\"><\/div>\n<\/div>\n<p>Qeyd ed\u0259k ki, Milli M\u0259clis 2016-ci il mart\u0131n 4-d\u0259 ke\u00e7iril\u0259n iclas\u0131nda &#8220;Tikinti v\u0259 infrastruktur obyektl\u0259ri il\u0259 \u0259laq\u0259dar investisiya layih\u0259l\u0259rinin x\u00fcsusi maliyy\u0259l\u0259\u015fm\u0259 \u0259sas\u0131nda h\u0259yata ke\u00e7irilm\u0259si haqq\u0131nda&#8221; yeni qanun layih\u0259sini t\u0259sdiq edib. Qanun layih\u0259sind\u0259 k\u00f6rp\u00fc v\u0259 tunell\u0259rin, su anbarlar\u0131n\u0131n, suvarma sisteml\u0259rinin, t\u0259hsil, s\u0259hiyy\u0259, m\u0259d\u0259niyy\u0259t obyektl\u0259rinin, kommersiya m\u0259qs\u0259dli binalar\u0131n, s\u0259naye, texnologiya, aqroparklar\u0131n, x\u00fcsusi iqtisadi zonalar\u0131n v\u0259 dig\u0259r infrastrukturlar\u0131n &#8220;Tik, idar\u0259 et, t\u0259hvil ver&#8221; (T\u0130T) modelin\u0259 uy\u011fun maliyy\u0259l\u0259\u015fm\u0259 \u0259sas\u0131nda tikintisin\u0259, idar\u0259 edilm\u0259sin\u0259 v\u0259 t\u0259hvil verilm\u0259sin\u0259 investisiyan\u0131n c\u0259lb olunmas\u0131n\u0131n h\u00fcquqi \u0259saslar\u0131n\u0131 m\u00fc\u0259yy\u0259n edir.<\/p>\n<p>Qanuna g\u00f6r\u0259, bu tikinti v\u0259 infrastruktur obyektl\u0259ri il\u0259 \u0259laq\u0259dar investisiya layih\u0259l\u0259rini T\u0130T modelin\u0259 uy\u011fun h\u0259yata ke\u00e7ir\u0259n investor h\u0259yata ke\u00e7irdiyi f\u0259aliyy\u0259tl\u0259 ba\u011fl\u0131 d\u00f6vl\u0259t r\u00fcsumlar\u0131ndan v\u0259 y\u0131\u011f\u0131mlardan azadd\u0131r.<\/p>\n","protected":false},"excerpt":{"rendered":"<p>Az\u0259rbaycanda t\u0259l\u0259b\u0259 yataqxanalar\u0131n\u0131n tikilm\u0259si il\u0259 ba\u011fl\u0131 t\u0259klif ir\u0259li s\u00fcr\u00fcl\u00fcb. ARANTV.AZ\u00a0Trend-\u0259 istinad\u0259n x\u0259b\u0259r verir ki, Milli M\u0259clisin bu g\u00fcn ke\u00e7iril\u0259n plenar iclas\u0131nda parlamentin vitse-spikeri Valeh \u018fl\u0259sg\u0259rov bununla &#8220;Tik-idar\u0259 et-t\u0259hvil ver&#8221; (T\u0130T) modelind\u0259n istifad\u0259ni m\u0259qs\u0259d\u0259uy\u011fun hesab edib. V.\u018fl\u0259sg\u0259rov bildirib ki, bu modell\u0259 ba\u011fl\u0131 2016-c\u0131 ild\u0259 Milli M\u0259clis t\u0259r\u0259find\u0259n qanun q\u0259bul olunub. Vitse-spiker bildirib ki, d\u00fcnyan\u0131n bir \u00e7ox \u00f6lk\u0259l\u0259rind\u0259 bu modeld\u0259n s\u0259m\u0259r\u0259li istifad\u0259 olunur, k\u00f6rp\u00fcl\u0259r, tunell\u0259r hava limanlar\u0131 tikilir. Vitse-spikerin s\u00f6zl\u0259rin\u0259 g\u00f6r\u0259, Milli M\u0259clis bu qanuna \u0259lav\u0259 ed\u0259r\u0259k t\u0259l\u0259b\u0259 kampuslar\u0131n\u0131n tikilm\u0259si \u00fc\u00e7\u00fcn qanunvericilik bazas\u0131 yarada bil\u0259r: &#8220;T\u0259l\u0259b\u0259 yataqxanalar\u0131 il\u0259 ba\u011fl\u0131 m\u0259s\u0259l\u0259 bu yolla&hellip;<\/p>\n","protected":false},"author":2,"featured_media":95761,"comment_status":"closed","ping_status":"closed","sticky":false,"template":"","format":"standard","meta":{"om_disable_all_campaigns":false,"_monsterinsights_skip_tracking":false,"_monsterinsights_sitenote_active":false,"_monsterinsights_sitenote_note":"","_monsterinsights_sitenote_category":0},"categories":[1],"tags":[],"aioseo_notices":[],"gutentor_comment":0,"rttpg_featured_image_url":{"full":["https:\/\/arantv.az\/wp-content\/uploads\/2019\/11\/801968.jpg",800,600,false],"landscape":["https:\/\/arantv.az\/wp-content\/uploads\/2019\/11\/801968.jpg",800,600,false],"portraits":["https:\/\/arantv.az\/wp-content\/uploads\/2019\/11\/801968.jpg",800,600,false],"thumbnail":["https:\/\/arantv.az\/wp-content\/uploads\/2019\/11\/801968-150x150.jpg",150,150,true],"medium":["https:\/\/arantv.az\/wp-content\/uploads\/2019\/11\/801968-300x225.jpg",300,225,true],"large":["https:\/\/arantv.az\/wp-content\/uploads\/2019\/11\/801968.jpg",640,480,false],"1536x1536":["https:\/\/arantv.az\/wp-content\/uploads\/2019\/11\/801968.jpg",800,600,false],"2048x2048":["https:\/\/arantv.az\/wp-content\/uploads\/2019\/11\/801968.jpg",800,600,false],"post-thumbnail":["https:\/\/arantv.az\/wp-content\/uploads\/2019\/11\/801968-240x172.jpg",240,172,true],"advps-thumb-one":["https:\/\/arantv.az\/wp-content\/uploads\/2019\/11\/801968.jpg",800,600,false]},"rttpg_author":{"display_name":"V\u00fcsal Rafiqo\u011flu","author_link":"https:\/\/arantv.az\/?author=2"},"rttpg_comment":0,"rttpg_category":"<a href=\"https:\/\/arantv.az\/?cat=1\" rel=\"category\">C\u0259miyy\u0259t<\/a>","rttpg_excerpt":"Az\u0259rbaycanda t\u0259l\u0259b\u0259 yataqxanalar\u0131n\u0131n tikilm\u0259si il\u0259 ba\u011fl\u0131 t\u0259klif ir\u0259li s\u00fcr\u00fcl\u00fcb. ARANTV.AZ\u00a0Trend-\u0259 istinad\u0259n x\u0259b\u0259r verir ki, Milli M\u0259clisin bu g\u00fcn ke\u00e7iril\u0259n plenar iclas\u0131nda parlamentin vitse-spikeri Valeh \u018fl\u0259sg\u0259rov bununla &#8220;Tik-idar\u0259 et-t\u0259hvil ver&#8221; (T\u0130T) modelind\u0259n istifad\u0259ni m\u0259qs\u0259d\u0259uy\u011fun hesab edib. V.\u018fl\u0259sg\u0259rov bildirib ki, bu modell\u0259 ba\u011fl\u0131 2016-c\u0131 ild\u0259 Milli M\u0259clis t\u0259r\u0259find\u0259n qanun q\u0259bul olunub. Vitse-spiker bildirib ki, d\u00fcnyan\u0131n bir \u00e7ox&hellip;","_links":{"self":[{"href":"https:\/\/arantv.az\/index.php?rest_route=\/wp\/v2\/posts\/95760"}],"collection":[{"href":"https:\/\/arantv.az\/index.php?rest_route=\/wp\/v2\/posts"}],"about":[{"href":"https:\/\/arantv.az\/index.php?rest_route=\/wp\/v2\/types\/post"}],"author":[{"embeddable":true,"href":"https:\/\/arantv.az\/index.php?rest_route=\/wp\/v2\/users\/2"}],"replies":[{"embeddable":true,"href":"https:\/\/arantv.az\/index.php?rest_route=%2Fwp%2Fv2%2Fcomments&post=95760"}],"version-history":[{"count":0,"href":"https:\/\/arantv.az\/index.php?rest_route=\/wp\/v2\/posts\/95760\/revisions"}],"wp:featuredmedia":[{"embeddable":true,"href":"https:\/\/arantv.az\/index.php?rest_route=\/wp\/v2\/media\/95761"}],"wp:attachment":[{"href":"https:\/\/arantv.az\/index.php?rest_route=%2Fwp%2Fv2%2Fmedia&parent=95760"}],"wp:term":[{"taxonomy":"category","embeddable":true,"href":"https:\/\/arantv.az\/index.php?rest_route=%2Fwp%2Fv2%2Fcategories&post=95760"},{"taxonomy":"post_tag","embeddable":true,"href":"https:\/\/arantv.az\/index.php?rest_route=%2Fwp%2Fv2%2Ftags&post=95760"}],"curies":[{"name":"wp","href":"https:\/\/api.w.org\/{rel}","templated":true}]}}