{"id":95779,"date":"2019-11-13T13:51:29","date_gmt":"2019-11-13T10:51:29","guid":{"rendered":"http:\/\/arantv.az\/?p=95779"},"modified":"2019-11-13T13:51:29","modified_gmt":"2019-11-13T10:51:29","slug":"pa-r%c9%99smisi-dunya-dini-liderl%c9%99rinin-baki-sammiti-kimi-beyn%c9%99lxalq-platformalarin-t%c9%99skilin%c9%99-ciddi-ehtiyac-var","status":"publish","type":"post","link":"https:\/\/arantv.az\/?p=95779","title":{"rendered":"PA r\u0259smisi: &#8220;D\u00fcnya dini liderl\u0259rinin Bak\u0131 sammiti kimi beyn\u0259lxalq platformalar\u0131n t\u0259\u015fkilin\u0259 ciddi ehtiyac var&#8221;"},"content":{"rendered":"<blockquote><p><em><strong>2010-cu ild\u0259 ke\u00e7irilmi\u015f d\u00fcnya dini liderl\u0259rinin I Bak\u0131 sammiti bariz \u015f\u0259kild\u0259 g\u00f6st\u0259rdi ki, Yer \u00fcz\u00fcnd\u0259 s\u00fclh v\u0259 \u0259min-amanl\u0131\u011f\u0131n b\u0259rq\u0259rar olmas\u0131 namin\u0259 bel\u0259 beyn\u0259lxalq platformalar\u0131n t\u0259\u015fkilin\u0259 ciddi ehtiyac var.<\/strong><\/em><\/p><\/blockquote>\n<p><strong>ARANTV.AZ\u00a0<\/strong><a href=\"https:\/\/az.trend.az\/\" target=\"_blank\" rel=\"noopener\">Trend<\/a>-\u0259 istinad\u0259n x\u0259b\u0259r verir ki, bunu Prezident Administrasiyas\u0131n\u0131n (PA) Mill\u0259tl\u0259raras\u0131 m\u00fcnasib\u0259tl\u0259r, multikulturalizm v\u0259 dini m\u0259s\u0259l\u0259l\u0259r \u015f\u00f6b\u0259sinin m\u00fcdiri, professor Etibar N\u0259c\u0259fov deyib.<\/p>\n<p>Noyabr\u0131n 14-15-d\u0259 \u00f6lk\u0259mizin &#8220;Bak\u0131 prosesi&#8221; \u00e7\u0259r\u00e7iv\u0259sind\u0259 n\u00f6vb\u0259ti t\u0259dbir\u0259 &#8211; d\u00fcnya dini liderl\u0259rinin II Bak\u0131 sammitin\u0259 ev sahibliyi ed\u0259c\u0259yini xat\u0131rladan PA r\u0259smisi qeyd edib ki, Az\u0259rbaycan\u0131n t\u0259\u015f\u0259bb\u00fcs\u00fc il\u0259 ke\u00e7irilmi\u015f d\u00fcnya dini liderl\u0259rinin I Bak\u0131 sammiti zaman\u0131n t\u0259l\u0259bind\u0259n do\u011fan z\u0259rur\u0259t idi:<\/p>\n<p>&#8220;Bu g\u00fcn d\u0259 ayr\u0131-ayr\u0131 regionlarda ged\u0259n m\u00fcr\u0259kk\u0259b etnik-dini prosesl\u0259rin v\u0259 qloballa\u015fan d\u00fcnyan\u0131n m\u00fcasir \u00e7a\u011f\u0131r\u0131\u015flar\u0131n\u0131n n\u00fcfuzlu dini-ictimai xadiml\u0259rin i\u015ftirak\u0131 il\u0259 birg\u0259 m\u00fczakir\u0259si \u00f6z aktuall\u0131\u011f\u0131n\u0131 qorumaqdad\u0131r. Bu s\u0259b\u0259bd\u0259n Az\u0259rbaycan Respublikas\u0131n\u0131n Prezidenti \u0130lham \u018fliyevin 11 aprel 2019-cu il tarixli s\u0259r\u0259ncam\u0131 il\u0259 bu ilin 14-15 noyabr tarixl\u0259rind\u0259 \u015eeyx\u00fclislam Allah\u015f\u00fck\u00fcr Pa\u015fazad\u0259nin anadan olmas\u0131n\u0131n 70 illiyi il\u0259 ba\u011fl\u0131 yubiley t\u0259dbirl\u0259ri \u00e7\u0259r\u00e7iv\u0259sind\u0259 d\u00fcnya dini liderl\u0259rinin II Bak\u0131 sammitinin ke\u00e7irilm\u0259sin\u0259 q\u0259rar verilib. H\u0259min sammit\u0259 d\u00fcnyan\u0131n 56 \u00f6lk\u0259sind\u0259n 500-\u0259 yax\u0131n i\u015ftirak\u00e7\u0131n\u0131n qat\u0131laca\u011f\u0131 g\u00f6zl\u0259nilir. \u0130\u015ftirak\u00e7\u0131lar aras\u0131nda m\u00fcxt\u0259lif konfessiyalara m\u0259nsub y\u00fcks\u0259k r\u00fctb\u0259li din xadiml\u0259ri, o c\u00fcml\u0259d\u0259n f\u0259rqli \u00f6lk\u0259l\u0259rin d\u00f6vl\u0259t v\u0259 parlament n\u00fcmay\u0259nd\u0259l\u0259ri, aliml\u0259r, h\u0259m\u00e7inin n\u00fcfuzlu beyn\u0259lxalq t\u0259\u015fkilatlar\u0131n r\u0259hb\u0259rl\u0259ri yer al\u0131b&#8221;.<\/p>\n<p>E.N\u0259c\u0259fov qeyd edib ki, d\u00fcnya dini liderl\u0259rinin I Bak\u0131 sammitinin sivilizasiyalararas\u0131 dialoqun inki\u015faf\u0131, m\u00fcxt\u0259lif dinl\u0259r v\u0259 konfessiyalar aras\u0131nda \u0259m\u0259kda\u015fl\u0131\u011f\u0131n geni\u015fl\u0259nm\u0259si, qar\u015f\u0131l\u0131ql\u0131 etimad m\u00fchitinin yarad\u0131lmas\u0131 i\u015fin\u0259 b\u00f6y\u00fck t\u00f6hf\u0259 verdiyini art\u0131q d\u00fcnyan\u0131n b\u00fct\u00fcn m\u00fct\u0259r\u0259qqi dair\u0259l\u0259ri etiraf edirl\u0259r.<\/p>\n<p>Onun s\u00f6zl\u0259rin\u0259 g\u00f6r\u0259, bu sammitin qlobal \u0259h\u0259miyy\u0259tini daha d\u0259rind\u0259n d\u0259rk etm\u0259k \u00fc\u00e7\u00fcn dinin ist\u0259r ke\u00e7mi\u015fd\u0259, ist\u0259rs\u0259 d\u0259 m\u00fcasir d\u00f6vrd\u0259 insanl\u0131\u011f\u0131n taleyind\u0259 oynad\u0131\u011f\u0131 rolu m\u00fctl\u0259q t\u0259hlil etm\u0259k laz\u0131md\u0131r:<\/p>\n<p>&#8220;Bel\u0259 ki, b\u0259\u015f\u0259riyy\u0259t tarixini dinsiz t\u0259s\u0259vv\u00fcr etm\u0259k m\u00fcmk\u00fcn deyil. \u0130nsanl\u0131\u011f\u0131n ke\u00e7diyi \u00e7\u0259tin, m\u00fcr\u0259kk\u0259b, ziddiyy\u0259tli tarixi inki\u015faf yoluna n\u0259z\u0259r yetirdikd\u0259 g\u00f6r\u00fcr\u00fck ki, he\u00e7 bir \u0259srd\u0259, he\u00e7 bir d\u00f6vrd\u0259 dinsiz c\u0259miyy\u0259t m\u00f6vcud olmay\u0131b&#8221;.<\/p>\n","protected":false},"excerpt":{"rendered":"<p>2010-cu ild\u0259 ke\u00e7irilmi\u015f d\u00fcnya dini liderl\u0259rinin I Bak\u0131 sammiti bariz \u015f\u0259kild\u0259 g\u00f6st\u0259rdi ki, Yer \u00fcz\u00fcnd\u0259 s\u00fclh v\u0259 \u0259min-amanl\u0131\u011f\u0131n b\u0259rq\u0259rar olmas\u0131 namin\u0259 bel\u0259 beyn\u0259lxalq platformalar\u0131n t\u0259\u015fkilin\u0259 ciddi ehtiyac var. ARANTV.AZ\u00a0Trend-\u0259 istinad\u0259n x\u0259b\u0259r verir ki, bunu Prezident Administrasiyas\u0131n\u0131n (PA) Mill\u0259tl\u0259raras\u0131 m\u00fcnasib\u0259tl\u0259r, multikulturalizm v\u0259 dini m\u0259s\u0259l\u0259l\u0259r \u015f\u00f6b\u0259sinin m\u00fcdiri, professor Etibar N\u0259c\u0259fov deyib. Noyabr\u0131n 14-15-d\u0259 \u00f6lk\u0259mizin &#8220;Bak\u0131 prosesi&#8221; \u00e7\u0259r\u00e7iv\u0259sind\u0259 n\u00f6vb\u0259ti t\u0259dbir\u0259 &#8211; d\u00fcnya dini liderl\u0259rinin II Bak\u0131 sammitin\u0259 ev sahibliyi ed\u0259c\u0259yini xat\u0131rladan PA r\u0259smisi qeyd edib ki, Az\u0259rbaycan\u0131n t\u0259\u015f\u0259bb\u00fcs\u00fc il\u0259 ke\u00e7irilmi\u015f d\u00fcnya dini liderl\u0259rinin I Bak\u0131 sammiti zaman\u0131n t\u0259l\u0259bind\u0259n do\u011fan z\u0259rur\u0259t idi: &#8220;Bu g\u00fcn&hellip;<\/p>\n","protected":false},"author":2,"featured_media":95780,"comment_status":"closed","ping_status":"closed","sticky":false,"template":"","format":"standard","meta":{"om_disable_all_campaigns":false,"_monsterinsights_skip_tracking":false,"_monsterinsights_sitenote_active":false,"_monsterinsights_sitenote_note":"","_monsterinsights_sitenote_category":0},"categories":[4],"tags":[],"aioseo_notices":[],"gutentor_comment":0,"rttpg_featured_image_url":{"full":["https:\/\/arantv.az\/wp-content\/uploads\/2019\/11\/801892-1.jpg",800,600,false],"landscape":["https:\/\/arantv.az\/wp-content\/uploads\/2019\/11\/801892-1.jpg",800,600,false],"portraits":["https:\/\/arantv.az\/wp-content\/uploads\/2019\/11\/801892-1.jpg",800,600,false],"thumbnail":["https:\/\/arantv.az\/wp-content\/uploads\/2019\/11\/801892-1-150x150.jpg",150,150,true],"medium":["https:\/\/arantv.az\/wp-content\/uploads\/2019\/11\/801892-1-300x225.jpg",300,225,true],"large":["https:\/\/arantv.az\/wp-content\/uploads\/2019\/11\/801892-1.jpg",640,480,false],"1536x1536":["https:\/\/arantv.az\/wp-content\/uploads\/2019\/11\/801892-1.jpg",800,600,false],"2048x2048":["https:\/\/arantv.az\/wp-content\/uploads\/2019\/11\/801892-1.jpg",800,600,false],"post-thumbnail":["https:\/\/arantv.az\/wp-content\/uploads\/2019\/11\/801892-1-240x172.jpg",240,172,true],"advps-thumb-one":["https:\/\/arantv.az\/wp-content\/uploads\/2019\/11\/801892-1.jpg",800,600,false]},"rttpg_author":{"display_name":"V\u00fcsal Rafiqo\u011flu","author_link":"https:\/\/arantv.az\/?author=2"},"rttpg_comment":0,"rttpg_category":"<a href=\"https:\/\/arantv.az\/?cat=4\" rel=\"category\">Siyas\u0259t<\/a>","rttpg_excerpt":"2010-cu ild\u0259 ke\u00e7irilmi\u015f d\u00fcnya dini liderl\u0259rinin I Bak\u0131 sammiti bariz \u015f\u0259kild\u0259 g\u00f6st\u0259rdi ki, Yer \u00fcz\u00fcnd\u0259 s\u00fclh v\u0259 \u0259min-amanl\u0131\u011f\u0131n b\u0259rq\u0259rar olmas\u0131 namin\u0259 bel\u0259 beyn\u0259lxalq platformalar\u0131n t\u0259\u015fkilin\u0259 ciddi ehtiyac var. ARANTV.AZ\u00a0Trend-\u0259 istinad\u0259n x\u0259b\u0259r verir ki, bunu Prezident Administrasiyas\u0131n\u0131n (PA) Mill\u0259tl\u0259raras\u0131 m\u00fcnasib\u0259tl\u0259r, multikulturalizm v\u0259 dini m\u0259s\u0259l\u0259l\u0259r \u015f\u00f6b\u0259sinin m\u00fcdiri, professor Etibar N\u0259c\u0259fov deyib. Noyabr\u0131n 14-15-d\u0259 \u00f6lk\u0259mizin &#8220;Bak\u0131 prosesi&#8221; \u00e7\u0259r\u00e7iv\u0259sind\u0259&hellip;","_links":{"self":[{"href":"https:\/\/arantv.az\/index.php?rest_route=\/wp\/v2\/posts\/95779"}],"collection":[{"href":"https:\/\/arantv.az\/index.php?rest_route=\/wp\/v2\/posts"}],"about":[{"href":"https:\/\/arantv.az\/index.php?rest_route=\/wp\/v2\/types\/post"}],"author":[{"embeddable":true,"href":"https:\/\/arantv.az\/index.php?rest_route=\/wp\/v2\/users\/2"}],"replies":[{"embeddable":true,"href":"https:\/\/arantv.az\/index.php?rest_route=%2Fwp%2Fv2%2Fcomments&post=95779"}],"version-history":[{"count":0,"href":"https:\/\/arantv.az\/index.php?rest_route=\/wp\/v2\/posts\/95779\/revisions"}],"wp:featuredmedia":[{"embeddable":true,"href":"https:\/\/arantv.az\/index.php?rest_route=\/wp\/v2\/media\/95780"}],"wp:attachment":[{"href":"https:\/\/arantv.az\/index.php?rest_route=%2Fwp%2Fv2%2Fmedia&parent=95779"}],"wp:term":[{"taxonomy":"category","embeddable":true,"href":"https:\/\/arantv.az\/index.php?rest_route=%2Fwp%2Fv2%2Fcategories&post=95779"},{"taxonomy":"post_tag","embeddable":true,"href":"https:\/\/arantv.az\/index.php?rest_route=%2Fwp%2Fv2%2Ftags&post=95779"}],"curies":[{"name":"wp","href":"https:\/\/api.w.org\/{rel}","templated":true}]}}