{"id":95812,"date":"2019-11-13T14:11:44","date_gmt":"2019-11-13T11:11:44","guid":{"rendered":"http:\/\/arantv.az\/?p=95812"},"modified":"2019-11-13T14:11:44","modified_gmt":"2019-11-13T11:11:44","slug":"ilham-%c9%99liyev-gorusl%c9%99r-kecirdi-foto","status":"publish","type":"post","link":"https:\/\/arantv.az\/?p=95812","title":{"rendered":"\u0130lham \u018fliyev g\u00f6r\u00fc\u015fl\u0259r ke\u00e7irdi &#8211; FOTO"},"content":{"rendered":"<p>Az\u0259rbaycan Respublikas\u0131n\u0131n Prezidenti \u0130lham \u018fliyev noyabr\u0131n 13-d\u0259 Rusiya Federasiyas\u0131n\u0131n Federasiya \u015euras\u0131n\u0131n s\u0259dr m\u00fcavini \u0130lyas Umaxanovu, Rusiya Federasiyas\u0131n\u0131n Federasiya \u015euras\u0131n\u0131n Regional m\u0259s\u0259l\u0259l\u0259r \u00fczr\u0259 komit\u0259sinin s\u0259dri Sergey Melikovu, Da\u011f\u0131stan Xalq M\u0259clisinin s\u0259dri X\u0131zr\u0131 \u015e\u0131xs\u0259idovu v\u0259 Da\u011f\u0131stan Xalq M\u0259clisi s\u0259drinin m\u00fc\u015faviri M\u0259h\u0259mm\u0259d Qurbanovu q\u0259bul edib.<\/p>\n<p>Bununla ba\u011fl\u0131\u00a0<a href=\"https:\/\/azertag.az\/xeber\/Prezident_Ilham_Aliyev_Rusiya_Federasiya_Surasinin_sedr_muavinini_ve_komite_sedrini_Dagistan_Xalq_Meclisinin_sedrini_ve_sedrin_musavirini_qebul_edib_YENILANACAK-1354450\" target=\"_blank\" rel=\"noopener\">AZ\u018fRTAC<\/a>\u00a0m\u0259lumat yay\u0131b.<\/p>\n<p><img src=\"https:\/\/assets.oxu.az\/uploads\/W1siZiIsIjIwMTkvMTEvMTMvMTQvNTYvMDkvYWQ3OWQ4MTUtNzA5My00YTc5LThmOTEtMDcyMjk0ZjVlMmJiL3AxLmpwZyJdLFsicCIsImVuY29kZSIsImpwZyIsIi1xdWFsaXR5IDgwIl0sWyJwIiwidGh1bWIiLCI1OTB4NTkwXHUwMDNlIl1d?sha=f0927d2ea41acd45\" alt=\"\" \/><img src=\"https:\/\/assets.oxu.az\/uploads\/W1siZiIsIjIwMTkvMTEvMTMvMTQvNTYvMzIvMDQyMzE1ZTYtY2NlMS00ZWY3LTlhMDUtZWYyNzg3MWYzNzk4L3AyLmpwZyJdLFsicCIsImVuY29kZSIsImpwZyIsIi1xdWFsaXR5IDgwIl0sWyJwIiwidGh1bWIiLCI1OTB4NTkwXHUwMDNlIl1d?sha=376c68468ed6e229\" alt=\"\" \/><\/p>\n<p>D\u00f6vl\u0259t ba\u015f\u00e7\u0131s\u0131 noyabr\u0131n 13-d\u0259 \u0130ran \u0130slam Respublikas\u0131n\u0131n M\u0259d\u0259niyy\u0259t v\u0259 \u0130slami \u018flaq\u0259l\u0259r T\u0259\u015fkilat\u0131n\u0131n s\u0259dri Abuz\u0259r \u0130brahimi T\u00fcrkman\u0131n ba\u015f\u00e7\u0131l\u0131q etdiyi n\u00fcmay\u0259nd\u0259 hey\u0259tini\u00a0<a href=\"https:\/\/azertag.az\/xeber\/Prezident_Ilham_Aliyev_Iranin_Medeniyyet_ve_Islami_Alaqeler_Teskilatinin_sedrinin_baschiliq_etdiyi_numayende_heyetini_qebul_edib_YENILANACAK-1354452\" target=\"_blank\" rel=\"noopener\">q\u0259bul edib<\/a>.<\/p>\n<p><img src=\"https:\/\/assets.oxu.az\/uploads\/W1siZiIsIjIwMTkvMTEvMTMvMTQvNTgvMzkvMjc4NTU3MDktOTJjZC00NTU2LWIzNDktMjljMDJlYmM0ODYxLzE1NzM2NDIyODgyOTkzMzQ2NzkwXzEwMDB4NjY5LmpwZyJdLFsicCIsImVuY29kZSIsImpwZyIsIi1xdWFsaXR5IDgwIl0sWyJwIiwidGh1bWIiLCI1OTB4NTkwXHUwMDNlIl1d?sha=0f5a336959d83782\" alt=\"\" \/><img src=\"https:\/\/assets.oxu.az\/uploads\/W1siZiIsIjIwMTkvMTEvMTMvMTQvNTgvNDAvNDQwMjEzMGMtNzY0YS00ZjMwLWE4MTMtZGI4NDc1NDhlYWIxLzE1NzM2NDIyODg4MjU5NDI4MDVfMTAwMHg2NjkuanBnIl0sWyJwIiwiZW5jb2RlIiwianBnIiwiLXF1YWxpdHkgODAiXSxbInAiLCJ0aHVtYiIsIjU5MHg1OTBcdTAwM2UiXV0?sha=1281c25fc5df0860\" alt=\"\" \/><\/p>\n<p>Bundan ba\u015fqa, \u0130lham \u018fliyev bu g\u00fcn Misir \u018fr\u0259b Respublikas\u0131n\u0131n N\u00fcmay\u0259nd\u0259l\u0259r Palatas\u0131 s\u0259drinin birinci m\u00fcavini Elsayed El\u015ferinin ba\u015f\u00e7\u0131l\u0131q etdiyi n\u00fcmay\u0259nd\u0259 hey\u0259ti il\u0259 d\u0259\u00a0<a href=\"https:\/\/azertag.az\/xeber\/Prezident_Ilham_Aliyev_Misirin_Numayendeler_Palatasi_sedrinin_birinci_muavininin_baschiliq_etdiyi_numayende_heyetini_qebul_edib_YENILANACAK-1354455\" target=\"_blank\" rel=\"noopener\">g\u00f6r\u00fc\u015f\u00fcb<\/a>.<\/p>\n<p><img src=\"https:\/\/assets.oxu.az\/uploads\/W1siZiIsIjIwMTkvMTEvMTMvMTQvNTgvNDAvY2I4MTJkMTYtZjNlYi00MzJjLWIzN2EtZjZmZjJlYjI2NDI2LzE1NzM2NDI1MzA2MTg4NzQ4NDcwXzEwMDB4NjY5LmpwZyJdLFsicCIsImVuY29kZSIsImpwZyIsIi1xdWFsaXR5IDgwIl0sWyJwIiwidGh1bWIiLCI1OTB4NTkwXHUwMDNlIl1d?sha=b1f29ca33519fcd9\" alt=\"\" \/><img src=\"https:\/\/assets.oxu.az\/uploads\/W1siZiIsIjIwMTkvMTEvMTMvMTQvNTgvMzkvZTIwMTc4YjUtYWVjNy00YWIxLTk3ZTAtYjE4YTVhODg2YWQyLzE1NzM2NDI1MzA2MjU3NzQxNV8xMDAweDY2OS5qcGciXSxbInAiLCJlbmNvZGUiLCJqcGciLCItcXVhbGl0eSA4MCJdLFsicCIsInRodW1iIiwiNTkweDU5MFx1MDAzZSJdXQ?sha=8811300813b550c5\" alt=\"\" \/><\/p>\n","protected":false},"excerpt":{"rendered":"<p>Az\u0259rbaycan Respublikas\u0131n\u0131n Prezidenti \u0130lham \u018fliyev noyabr\u0131n 13-d\u0259 Rusiya Federasiyas\u0131n\u0131n Federasiya \u015euras\u0131n\u0131n s\u0259dr m\u00fcavini \u0130lyas Umaxanovu, Rusiya Federasiyas\u0131n\u0131n Federasiya \u015euras\u0131n\u0131n Regional m\u0259s\u0259l\u0259l\u0259r \u00fczr\u0259 komit\u0259sinin s\u0259dri Sergey Melikovu, Da\u011f\u0131stan Xalq M\u0259clisinin s\u0259dri X\u0131zr\u0131 \u015e\u0131xs\u0259idovu v\u0259 Da\u011f\u0131stan Xalq M\u0259clisi s\u0259drinin m\u00fc\u015faviri M\u0259h\u0259mm\u0259d Qurbanovu q\u0259bul edib. Bununla ba\u011fl\u0131\u00a0AZ\u018fRTAC\u00a0m\u0259lumat yay\u0131b. D\u00f6vl\u0259t ba\u015f\u00e7\u0131s\u0131 noyabr\u0131n 13-d\u0259 \u0130ran \u0130slam Respublikas\u0131n\u0131n M\u0259d\u0259niyy\u0259t v\u0259 \u0130slami \u018flaq\u0259l\u0259r T\u0259\u015fkilat\u0131n\u0131n s\u0259dri Abuz\u0259r \u0130brahimi T\u00fcrkman\u0131n ba\u015f\u00e7\u0131l\u0131q etdiyi n\u00fcmay\u0259nd\u0259 hey\u0259tini\u00a0q\u0259bul edib. Bundan ba\u015fqa, \u0130lham \u018fliyev bu g\u00fcn Misir \u018fr\u0259b Respublikas\u0131n\u0131n N\u00fcmay\u0259nd\u0259l\u0259r Palatas\u0131 s\u0259drinin birinci m\u00fcavini Elsayed El\u015ferinin ba\u015f\u00e7\u0131l\u0131q etdiyi n\u00fcmay\u0259nd\u0259 hey\u0259ti il\u0259 d\u0259\u00a0g\u00f6r\u00fc\u015f\u00fcb.<\/p>\n","protected":false},"author":2,"featured_media":95813,"comment_status":"closed","ping_status":"closed","sticky":false,"template":"","format":"standard","meta":{"om_disable_all_campaigns":false,"_monsterinsights_skip_tracking":false,"_monsterinsights_sitenote_active":false,"_monsterinsights_sitenote_note":"","_monsterinsights_sitenote_category":0},"categories":[4],"tags":[],"aioseo_notices":[],"gutentor_comment":0,"rttpg_featured_image_url":{"full":["https:\/\/arantv.az\/wp-content\/uploads\/2019\/11\/p2.jpg",620,367,false],"landscape":["https:\/\/arantv.az\/wp-content\/uploads\/2019\/11\/p2.jpg",620,367,false],"portraits":["https:\/\/arantv.az\/wp-content\/uploads\/2019\/11\/p2.jpg",620,367,false],"thumbnail":["https:\/\/arantv.az\/wp-content\/uploads\/2019\/11\/p2-150x150.jpg",150,150,true],"medium":["https:\/\/arantv.az\/wp-content\/uploads\/2019\/11\/p2-300x178.jpg",300,178,true],"large":["https:\/\/arantv.az\/wp-content\/uploads\/2019\/11\/p2.jpg",620,367,false],"1536x1536":["https:\/\/arantv.az\/wp-content\/uploads\/2019\/11\/p2.jpg",620,367,false],"2048x2048":["https:\/\/arantv.az\/wp-content\/uploads\/2019\/11\/p2.jpg",620,367,false],"post-thumbnail":["https:\/\/arantv.az\/wp-content\/uploads\/2019\/11\/p2-240x172.jpg",240,172,true],"advps-thumb-one":["https:\/\/arantv.az\/wp-content\/uploads\/2019\/11\/p2.jpg",620,367,false]},"rttpg_author":{"display_name":"V\u00fcsal Rafiqo\u011flu","author_link":"https:\/\/arantv.az\/?author=2"},"rttpg_comment":0,"rttpg_category":"<a href=\"https:\/\/arantv.az\/?cat=4\" rel=\"category\">Siyas\u0259t<\/a>","rttpg_excerpt":"Az\u0259rbaycan Respublikas\u0131n\u0131n Prezidenti \u0130lham \u018fliyev noyabr\u0131n 13-d\u0259 Rusiya Federasiyas\u0131n\u0131n Federasiya \u015euras\u0131n\u0131n s\u0259dr m\u00fcavini \u0130lyas Umaxanovu, Rusiya Federasiyas\u0131n\u0131n Federasiya \u015euras\u0131n\u0131n Regional m\u0259s\u0259l\u0259l\u0259r \u00fczr\u0259 komit\u0259sinin s\u0259dri Sergey Melikovu, Da\u011f\u0131stan Xalq M\u0259clisinin s\u0259dri X\u0131zr\u0131 \u015e\u0131xs\u0259idovu v\u0259 Da\u011f\u0131stan Xalq M\u0259clisi s\u0259drinin m\u00fc\u015faviri M\u0259h\u0259mm\u0259d Qurbanovu q\u0259bul edib. Bununla ba\u011fl\u0131\u00a0AZ\u018fRTAC\u00a0m\u0259lumat yay\u0131b. D\u00f6vl\u0259t ba\u015f\u00e7\u0131s\u0131 noyabr\u0131n 13-d\u0259 \u0130ran \u0130slam Respublikas\u0131n\u0131n M\u0259d\u0259niyy\u0259t v\u0259 \u0130slami&hellip;","_links":{"self":[{"href":"https:\/\/arantv.az\/index.php?rest_route=\/wp\/v2\/posts\/95812"}],"collection":[{"href":"https:\/\/arantv.az\/index.php?rest_route=\/wp\/v2\/posts"}],"about":[{"href":"https:\/\/arantv.az\/index.php?rest_route=\/wp\/v2\/types\/post"}],"author":[{"embeddable":true,"href":"https:\/\/arantv.az\/index.php?rest_route=\/wp\/v2\/users\/2"}],"replies":[{"embeddable":true,"href":"https:\/\/arantv.az\/index.php?rest_route=%2Fwp%2Fv2%2Fcomments&post=95812"}],"version-history":[{"count":0,"href":"https:\/\/arantv.az\/index.php?rest_route=\/wp\/v2\/posts\/95812\/revisions"}],"wp:featuredmedia":[{"embeddable":true,"href":"https:\/\/arantv.az\/index.php?rest_route=\/wp\/v2\/media\/95813"}],"wp:attachment":[{"href":"https:\/\/arantv.az\/index.php?rest_route=%2Fwp%2Fv2%2Fmedia&parent=95812"}],"wp:term":[{"taxonomy":"category","embeddable":true,"href":"https:\/\/arantv.az\/index.php?rest_route=%2Fwp%2Fv2%2Fcategories&post=95812"},{"taxonomy":"post_tag","embeddable":true,"href":"https:\/\/arantv.az\/index.php?rest_route=%2Fwp%2Fv2%2Ftags&post=95812"}],"curies":[{"name":"wp","href":"https:\/\/api.w.org\/{rel}","templated":true}]}}