{"id":95820,"date":"2019-11-13T14:26:36","date_gmt":"2019-11-13T11:26:36","guid":{"rendered":"http:\/\/arantv.az\/?p=95820"},"modified":"2019-11-13T14:26:36","modified_gmt":"2019-11-13T11:26:36","slug":"vaqif-%c9%99s%c9%99dov-x%c9%99st%c9%99xanaya-yerl%c9%99sdirildi","status":"publish","type":"post","link":"https:\/\/arantv.az\/?p=95820","title":{"rendered":"Vaqif \u018fs\u0259dov x\u0259st\u0259xanaya yerl\u0259\u015fdirildi"},"content":{"rendered":"<p>Bak\u0131 \u015e\u0259h\u0259r Ba\u015f Polis \u0130dar\u0259sinin D\u00f6vl\u0259t Yol Polisi \u0130dar\u0259sinin b\u00f6lm\u0259 r\u0259isi, polis polkovniki Vaqif \u018fs\u0259dov x\u0259st\u0259xanaya yerl\u0259\u015fdirilib.<\/p>\n<p><strong>ARANTV.AZ<\/strong> x\u0259b\u0259r verir ki, bu bar\u0259d\u0259\u00a0<a href=\"https:\/\/az.trend.az\/\" target=\"_blank\" rel=\"noopener\">Trend<\/a>-\u0259 V.\u018fs\u0259dov \u00f6z\u00fc m\u0259lumat verib.<\/p>\n<p>Polis polkovniki bildirib ki, haz\u0131rda Daxili \u0130\u015fl\u0259r Nazirliyinin Hospital\u0131nda m\u00fcalic\u0259 al\u0131r: &#8220;S\u0259hh\u0259timd\u0259 problem yaran\u0131b, soyuqla \u0259laq\u0259dard\u0131r. Haz\u0131rda hospitalda m\u00fcalic\u0259 al\u0131ram&#8221;.<\/p>\n","protected":false},"excerpt":{"rendered":"<p>Bak\u0131 \u015e\u0259h\u0259r Ba\u015f Polis \u0130dar\u0259sinin D\u00f6vl\u0259t Yol Polisi \u0130dar\u0259sinin b\u00f6lm\u0259 r\u0259isi, polis polkovniki Vaqif \u018fs\u0259dov x\u0259st\u0259xanaya yerl\u0259\u015fdirilib. ARANTV.AZ x\u0259b\u0259r verir ki, bu bar\u0259d\u0259\u00a0Trend-\u0259 V.\u018fs\u0259dov \u00f6z\u00fc m\u0259lumat verib. Polis polkovniki bildirib ki, haz\u0131rda Daxili \u0130\u015fl\u0259r Nazirliyinin Hospital\u0131nda m\u00fcalic\u0259 al\u0131r: &#8220;S\u0259hh\u0259timd\u0259 problem yaran\u0131b, soyuqla \u0259laq\u0259dard\u0131r. Haz\u0131rda hospitalda m\u00fcalic\u0259 al\u0131ram&#8221;.<\/p>\n","protected":false},"author":2,"featured_media":95821,"comment_status":"closed","ping_status":"closed","sticky":false,"template":"","format":"standard","meta":{"om_disable_all_campaigns":false,"_monsterinsights_skip_tracking":false,"_monsterinsights_sitenote_active":false,"_monsterinsights_sitenote_note":"","_monsterinsights_sitenote_category":0},"categories":[1],"tags":[],"aioseo_notices":[],"gutentor_comment":0,"rttpg_featured_image_url":{"full":["https:\/\/arantv.az\/wp-content\/uploads\/2019\/11\/vaqif_esedov_002.jpg",800,600,false],"landscape":["https:\/\/arantv.az\/wp-content\/uploads\/2019\/11\/vaqif_esedov_002.jpg",800,600,false],"portraits":["https:\/\/arantv.az\/wp-content\/uploads\/2019\/11\/vaqif_esedov_002.jpg",800,600,false],"thumbnail":["https:\/\/arantv.az\/wp-content\/uploads\/2019\/11\/vaqif_esedov_002-150x150.jpg",150,150,true],"medium":["https:\/\/arantv.az\/wp-content\/uploads\/2019\/11\/vaqif_esedov_002-300x225.jpg",300,225,true],"large":["https:\/\/arantv.az\/wp-content\/uploads\/2019\/11\/vaqif_esedov_002.jpg",640,480,false],"1536x1536":["https:\/\/arantv.az\/wp-content\/uploads\/2019\/11\/vaqif_esedov_002.jpg",800,600,false],"2048x2048":["https:\/\/arantv.az\/wp-content\/uploads\/2019\/11\/vaqif_esedov_002.jpg",800,600,false],"post-thumbnail":["https:\/\/arantv.az\/wp-content\/uploads\/2019\/11\/vaqif_esedov_002-240x172.jpg",240,172,true],"advps-thumb-one":["https:\/\/arantv.az\/wp-content\/uploads\/2019\/11\/vaqif_esedov_002.jpg",800,600,false]},"rttpg_author":{"display_name":"V\u00fcsal Rafiqo\u011flu","author_link":"https:\/\/arantv.az\/?author=2"},"rttpg_comment":0,"rttpg_category":"<a href=\"https:\/\/arantv.az\/?cat=1\" rel=\"category\">C\u0259miyy\u0259t<\/a>","rttpg_excerpt":"Bak\u0131 \u015e\u0259h\u0259r Ba\u015f Polis \u0130dar\u0259sinin D\u00f6vl\u0259t Yol Polisi \u0130dar\u0259sinin b\u00f6lm\u0259 r\u0259isi, polis polkovniki Vaqif \u018fs\u0259dov x\u0259st\u0259xanaya yerl\u0259\u015fdirilib. ARANTV.AZ x\u0259b\u0259r verir ki, bu bar\u0259d\u0259\u00a0Trend-\u0259 V.\u018fs\u0259dov \u00f6z\u00fc m\u0259lumat verib. Polis polkovniki bildirib ki, haz\u0131rda Daxili \u0130\u015fl\u0259r Nazirliyinin Hospital\u0131nda m\u00fcalic\u0259 al\u0131r: &#8220;S\u0259hh\u0259timd\u0259 problem yaran\u0131b, soyuqla \u0259laq\u0259dard\u0131r. Haz\u0131rda hospitalda m\u00fcalic\u0259 al\u0131ram&#8221;.","_links":{"self":[{"href":"https:\/\/arantv.az\/index.php?rest_route=\/wp\/v2\/posts\/95820"}],"collection":[{"href":"https:\/\/arantv.az\/index.php?rest_route=\/wp\/v2\/posts"}],"about":[{"href":"https:\/\/arantv.az\/index.php?rest_route=\/wp\/v2\/types\/post"}],"author":[{"embeddable":true,"href":"https:\/\/arantv.az\/index.php?rest_route=\/wp\/v2\/users\/2"}],"replies":[{"embeddable":true,"href":"https:\/\/arantv.az\/index.php?rest_route=%2Fwp%2Fv2%2Fcomments&post=95820"}],"version-history":[{"count":0,"href":"https:\/\/arantv.az\/index.php?rest_route=\/wp\/v2\/posts\/95820\/revisions"}],"wp:featuredmedia":[{"embeddable":true,"href":"https:\/\/arantv.az\/index.php?rest_route=\/wp\/v2\/media\/95821"}],"wp:attachment":[{"href":"https:\/\/arantv.az\/index.php?rest_route=%2Fwp%2Fv2%2Fmedia&parent=95820"}],"wp:term":[{"taxonomy":"category","embeddable":true,"href":"https:\/\/arantv.az\/index.php?rest_route=%2Fwp%2Fv2%2Fcategories&post=95820"},{"taxonomy":"post_tag","embeddable":true,"href":"https:\/\/arantv.az\/index.php?rest_route=%2Fwp%2Fv2%2Ftags&post=95820"}],"curies":[{"name":"wp","href":"https:\/\/api.w.org\/{rel}","templated":true}]}}