{"id":95906,"date":"2019-11-13T15:26:06","date_gmt":"2019-11-13T12:26:06","guid":{"rendered":"http:\/\/arantv.az\/?p=95906"},"modified":"2019-11-13T15:26:06","modified_gmt":"2019-11-13T12:26:06","slug":"prezident-ilham-%c9%99liyev-baki-tbilisi-qars-d%c9%99mir-yolu-aciq-d%c9%99niz%c9%99-cixisi-olmayan-az%c9%99rbaycani-beyn%c9%99lxalq-n%c9%99qliyyat-m%c9%99rk%c9%99zin%c9%99-cevir%c9%99c%c9%99k","status":"publish","type":"post","link":"https:\/\/arantv.az\/?p=95906","title":{"rendered":"Prezident \u0130lham \u018fliyev: &#8220;Bak\u0131-Tbilisi-Qars d\u0259mir yolu a\u00e7\u0131q d\u0259niz\u0259 \u00e7\u0131x\u0131\u015f\u0131 olmayan Az\u0259rbaycan\u0131 beyn\u0259lxalq n\u0259qliyyat m\u0259rk\u0259zin\u0259 \u00e7evir\u0259c\u0259k&#8221;"},"content":{"rendered":"<p><strong>Bak\u0131-Tbilisi-Qars d\u0259mir yolu a\u00e7\u0131q d\u0259niz\u0259 \u00e7\u0131x\u0131\u015f\u0131 olmayan Az\u0259rbaycan\u0131 beyn\u0259lxalq n\u0259qliyyat m\u0259rk\u0259zin\u0259 \u00e7evir\u0259c\u0259k.<\/strong><\/p>\n<p><strong>ARANTV.AZ\u00a0<\/strong><a href=\"http:\/\/azertag.az\/\" target=\"_blank\" rel=\"noopener\">AZ\u018fRTAC<\/a>-a istinad\u0259n bildirir ki,\u00a0bunu Prezident \u0130lham \u018fliyev &#8220;Az\u0259rbaycan D\u0259mir Yollar\u0131&#8221; Qapal\u0131 S\u0259hmdar C\u0259miyy\u0259tinin s\u0259dri Cavid Qurbanovu q\u0259bul ed\u0259rk\u0259n deyib.<\/p>\n<p>D\u00f6vl\u0259t ba\u015f\u00e7\u0131s\u0131 bildirib: &#8220;Vaxtil\u0259 Az\u0259rbaycan\u0131n t\u0259\u015f\u0259bb\u00fcs\u00fc il\u0259 ba\u015flanan v\u0259 bizim b\u00f6y\u00fck maliyy\u0259 d\u0259st\u0259yimizl\u0259 realla\u015fan Bak\u0131-Tbilisi-Qars d\u0259mir yolu \u00e7ox m\u00fch\u00fcm \u0259h\u0259miyy\u0259t da\u015f\u0131y\u0131r. M\u0259n \u0259vv\u0259ll\u0259r d\u0259, biz d\u0259mir yolunun t\u0259m\u0259lini qoyanda da bunu demi\u015f\u0259m ki, bu layih\u0259 d\u00fcnyan\u0131n n\u0259qliyyat x\u0259rit\u0259sini yenid\u0259n t\u0259rtib edir v\u0259 bu layih\u0259 a\u00e7\u0131q d\u0259niz\u0259 \u00e7\u0131x\u0131\u015f\u0131 olmayan Az\u0259rbaycan\u0131 beyn\u0259lxalq n\u0259qliyyat m\u0259rk\u0259zin\u0259 \u00e7evir\u0259c\u0259kdir. Eyni zamanda, biz \u015eimal-C\u0259nub n\u0259qliyyat d\u0259hlizin\u0259 d\u0259 \u00e7ox b\u00f6y\u00fck diqq\u0259t yetirmi\u015fik. Az\u0259rbaycan \u0259razisind\u0259 b\u00fct\u00fcn i\u015fl\u0259r yekunla\u015f\u0131b, o c\u00fcml\u0259d\u0259n \u0130ran s\u0259rh\u0259din\u0259 q\u0259d\u0259r uzanan d\u0259mir yolunun tikintisi d\u0259 art\u0131q 2 ildir ki, tamamlan\u0131b. O c\u00fcml\u0259d\u0259n d\u0259mir yolu k\u00f6rp\u00fcs\u00fc tikilib v\u0259 haz\u0131rda \u015eimal-C\u0259nub n\u0259qliyyat d\u0259hlizi i\u015fl\u0259yir. 2018-ci ild\u0259 bu d\u0259hlizl\u0259 da\u015f\u0131nan y\u00fckl\u0259rin h\u0259cmi 8 d\u0259f\u0259, bu ilin 9 ay\u0131nda daha 70 faiz artm\u0131\u015fd\u0131r. Y\u0259ni, b\u00f6y\u00fck potensial var v\u0259 eyni zamanda, \u015eimal-Q\u0259rb n\u0259qliyyat d\u0259hlizi i\u015fl\u0259yir. Rusiyadan, h\u0259m\u00e7inin \u0130randan g\u0259l\u0259n y\u00fckl\u0259r Q\u0259rb istiqam\u0259tin\u0259 Az\u0259rbaycan \u0259razisind\u0259n da\u015f\u0131n\u0131r. \u015eimal-C\u0259nub v\u0259 \u015e\u0259rq-Q\u0259rb n\u0259qliyyat d\u0259hlizl\u0259rinin i\u015ftirak\u00e7\u0131lar\u0131 bir \u00e7ox \u00f6lk\u0259l\u0259rdir. Ancaq onlar\u0131n aras\u0131nda yegan\u0259 \u00f6lk\u0259 Az\u0259rbaycand\u0131r ki, h\u0259r iki layih\u0259d\u0259 i\u015ftirak edir v\u0259 h\u0259r iki layih\u0259nin realla\u015fmas\u0131na \u00f6z d\u0259y\u0259rli t\u00f6hf\u0259sini vermi\u015fdir. Bu, biz\u0259 g\u0259l\u0259c\u0259kd\u0259 h\u0259m siyasi, h\u0259m iqtisadi dividendl\u0259r g\u0259tir\u0259c\u0259k, art\u0131q g\u0259tirir. D\u0259mir yolu n\u0259qliyyat\u0131 sah\u0259sind\u0259ki \u0259m\u0259kda\u015fl\u0131q \u00f6lk\u0259l\u0259ri bir-birin\u0259 daha da yax\u0131n edir, t\u0259hl\u00fck\u0259sizliyi m\u00f6hk\u0259ml\u0259ndirir, b\u00f6lg\u0259d\u0259 v\u0259ziyy\u0259ti daha da m\u00fcsb\u0259t istiqam\u0259td\u0259 inki\u015faf etdirir v\u0259 h\u0259r bir \u00f6lk\u0259y\u0259 b\u00f6y\u00fck iqtisadi dividendl\u0259r g\u0259tirir&#8221;.<\/p>\n","protected":false},"excerpt":{"rendered":"<p>Bak\u0131-Tbilisi-Qars d\u0259mir yolu a\u00e7\u0131q d\u0259niz\u0259 \u00e7\u0131x\u0131\u015f\u0131 olmayan Az\u0259rbaycan\u0131 beyn\u0259lxalq n\u0259qliyyat m\u0259rk\u0259zin\u0259 \u00e7evir\u0259c\u0259k. ARANTV.AZ\u00a0AZ\u018fRTAC-a istinad\u0259n bildirir ki,\u00a0bunu Prezident \u0130lham \u018fliyev &#8220;Az\u0259rbaycan D\u0259mir Yollar\u0131&#8221; Qapal\u0131 S\u0259hmdar C\u0259miyy\u0259tinin s\u0259dri Cavid Qurbanovu q\u0259bul ed\u0259rk\u0259n deyib. D\u00f6vl\u0259t ba\u015f\u00e7\u0131s\u0131 bildirib: &#8220;Vaxtil\u0259 Az\u0259rbaycan\u0131n t\u0259\u015f\u0259bb\u00fcs\u00fc il\u0259 ba\u015flanan v\u0259 bizim b\u00f6y\u00fck maliyy\u0259 d\u0259st\u0259yimizl\u0259 realla\u015fan Bak\u0131-Tbilisi-Qars d\u0259mir yolu \u00e7ox m\u00fch\u00fcm \u0259h\u0259miyy\u0259t da\u015f\u0131y\u0131r. M\u0259n \u0259vv\u0259ll\u0259r d\u0259, biz d\u0259mir yolunun t\u0259m\u0259lini qoyanda da bunu demi\u015f\u0259m ki, bu layih\u0259 d\u00fcnyan\u0131n n\u0259qliyyat x\u0259rit\u0259sini yenid\u0259n t\u0259rtib edir v\u0259 bu layih\u0259 a\u00e7\u0131q d\u0259niz\u0259 \u00e7\u0131x\u0131\u015f\u0131 olmayan Az\u0259rbaycan\u0131 beyn\u0259lxalq n\u0259qliyyat m\u0259rk\u0259zin\u0259 \u00e7evir\u0259c\u0259kdir. Eyni zamanda, biz \u015eimal-C\u0259nub n\u0259qliyyat d\u0259hlizin\u0259&hellip;<\/p>\n","protected":false},"author":2,"featured_media":95907,"comment_status":"closed","ping_status":"closed","sticky":false,"template":"","format":"standard","meta":{"om_disable_all_campaigns":false,"_monsterinsights_skip_tracking":false,"_monsterinsights_sitenote_active":false,"_monsterinsights_sitenote_note":"","_monsterinsights_sitenote_category":0},"categories":[4],"tags":[],"aioseo_notices":[],"gutentor_comment":0,"rttpg_featured_image_url":{"full":["https:\/\/arantv.az\/wp-content\/uploads\/2019\/11\/2018_ilham_aliyev_05-4.jpg",1200,900,false],"landscape":["https:\/\/arantv.az\/wp-content\/uploads\/2019\/11\/2018_ilham_aliyev_05-4.jpg",1200,900,false],"portraits":["https:\/\/arantv.az\/wp-content\/uploads\/2019\/11\/2018_ilham_aliyev_05-4.jpg",1200,900,false],"thumbnail":["https:\/\/arantv.az\/wp-content\/uploads\/2019\/11\/2018_ilham_aliyev_05-4-150x150.jpg",150,150,true],"medium":["https:\/\/arantv.az\/wp-content\/uploads\/2019\/11\/2018_ilham_aliyev_05-4-300x225.jpg",300,225,true],"large":["https:\/\/arantv.az\/wp-content\/uploads\/2019\/11\/2018_ilham_aliyev_05-4-1024x768.jpg",640,480,true],"1536x1536":["https:\/\/arantv.az\/wp-content\/uploads\/2019\/11\/2018_ilham_aliyev_05-4.jpg",1200,900,false],"2048x2048":["https:\/\/arantv.az\/wp-content\/uploads\/2019\/11\/2018_ilham_aliyev_05-4.jpg",1200,900,false],"post-thumbnail":["https:\/\/arantv.az\/wp-content\/uploads\/2019\/11\/2018_ilham_aliyev_05-4-240x172.jpg",240,172,true],"advps-thumb-one":["https:\/\/arantv.az\/wp-content\/uploads\/2019\/11\/2018_ilham_aliyev_05-4-1200x620.jpg",1200,620,true]},"rttpg_author":{"display_name":"V\u00fcsal Rafiqo\u011flu","author_link":"https:\/\/arantv.az\/?author=2"},"rttpg_comment":0,"rttpg_category":"<a href=\"https:\/\/arantv.az\/?cat=4\" rel=\"category\">Siyas\u0259t<\/a>","rttpg_excerpt":"Bak\u0131-Tbilisi-Qars d\u0259mir yolu a\u00e7\u0131q d\u0259niz\u0259 \u00e7\u0131x\u0131\u015f\u0131 olmayan Az\u0259rbaycan\u0131 beyn\u0259lxalq n\u0259qliyyat m\u0259rk\u0259zin\u0259 \u00e7evir\u0259c\u0259k. ARANTV.AZ\u00a0AZ\u018fRTAC-a istinad\u0259n bildirir ki,\u00a0bunu Prezident \u0130lham \u018fliyev &#8220;Az\u0259rbaycan D\u0259mir Yollar\u0131&#8221; Qapal\u0131 S\u0259hmdar C\u0259miyy\u0259tinin s\u0259dri Cavid Qurbanovu q\u0259bul ed\u0259rk\u0259n deyib. D\u00f6vl\u0259t ba\u015f\u00e7\u0131s\u0131 bildirib: &#8220;Vaxtil\u0259 Az\u0259rbaycan\u0131n t\u0259\u015f\u0259bb\u00fcs\u00fc il\u0259 ba\u015flanan v\u0259 bizim b\u00f6y\u00fck maliyy\u0259 d\u0259st\u0259yimizl\u0259 realla\u015fan Bak\u0131-Tbilisi-Qars d\u0259mir yolu \u00e7ox m\u00fch\u00fcm \u0259h\u0259miyy\u0259t da\u015f\u0131y\u0131r. M\u0259n \u0259vv\u0259ll\u0259r d\u0259,&hellip;","_links":{"self":[{"href":"https:\/\/arantv.az\/index.php?rest_route=\/wp\/v2\/posts\/95906"}],"collection":[{"href":"https:\/\/arantv.az\/index.php?rest_route=\/wp\/v2\/posts"}],"about":[{"href":"https:\/\/arantv.az\/index.php?rest_route=\/wp\/v2\/types\/post"}],"author":[{"embeddable":true,"href":"https:\/\/arantv.az\/index.php?rest_route=\/wp\/v2\/users\/2"}],"replies":[{"embeddable":true,"href":"https:\/\/arantv.az\/index.php?rest_route=%2Fwp%2Fv2%2Fcomments&post=95906"}],"version-history":[{"count":0,"href":"https:\/\/arantv.az\/index.php?rest_route=\/wp\/v2\/posts\/95906\/revisions"}],"wp:featuredmedia":[{"embeddable":true,"href":"https:\/\/arantv.az\/index.php?rest_route=\/wp\/v2\/media\/95907"}],"wp:attachment":[{"href":"https:\/\/arantv.az\/index.php?rest_route=%2Fwp%2Fv2%2Fmedia&parent=95906"}],"wp:term":[{"taxonomy":"category","embeddable":true,"href":"https:\/\/arantv.az\/index.php?rest_route=%2Fwp%2Fv2%2Fcategories&post=95906"},{"taxonomy":"post_tag","embeddable":true,"href":"https:\/\/arantv.az\/index.php?rest_route=%2Fwp%2Fv2%2Ftags&post=95906"}],"curies":[{"name":"wp","href":"https:\/\/api.w.org\/{rel}","templated":true}]}}