{"id":95910,"date":"2019-11-13T15:26:55","date_gmt":"2019-11-13T12:26:55","guid":{"rendered":"http:\/\/arantv.az\/?p=95910"},"modified":"2019-11-13T15:26:55","modified_gmt":"2019-11-13T12:26:55","slug":"deputatdan-muhum-t%c9%99klif-yeni-dogulan-usaga-gor%c9%99-500-manat-verilsin","status":"publish","type":"post","link":"https:\/\/arantv.az\/?p=95910","title":{"rendered":"Deputatdan m\u00fch\u00fcm t\u0259klif &#8211; Yeni do\u011fulan u\u015fa\u011fa g\u00f6r\u0259 500 manat verilsin"},"content":{"rendered":"<p>T\u0259klif edir\u0259m ki, yeni do\u011fulan u\u015fa\u011fa g\u00f6r\u0259 500 manat verilsin.<\/p>\n<p><b>ARANTV.AZ<\/b>-\u0131n m\u0259lumat\u0131na g\u00f6r\u0259, bunu Milli M\u0259clisin iclas\u0131nda deputat \u018fli M\u0259simli deyib.<\/p>\n<div id=\"AdviadNativeVideo0\" class=\"AdviadNativeVideo\"><\/div>\n<p>O bildirib ki, buna g\u00f6r\u0259 40 milyon manat v\u0259sait laz\u0131md\u0131r. Deputat \u0259lav\u0259 edib ki, bu, h\u0259m d\u0259 u\u015faqlar\u0131n sa\u011flam b\u00f6y\u00fcm\u0259si \u00fc\u00e7\u00fcn vacibdir.<\/p>\n<p>\u018f.M\u0259simli bildirib ki, t\u0259klif\u00a0u\u015faqlar\u0131n say\u0131n\u0131n artmas\u0131na yox, onlar\u0131n sa\u011flam do\u011fulmas\u0131na hesablan\u0131b.\u00a0Oxu.Az<\/p>\n","protected":false},"excerpt":{"rendered":"<p>T\u0259klif edir\u0259m ki, yeni do\u011fulan u\u015fa\u011fa g\u00f6r\u0259 500 manat verilsin. ARANTV.AZ-\u0131n m\u0259lumat\u0131na g\u00f6r\u0259, bunu Milli M\u0259clisin iclas\u0131nda deputat \u018fli M\u0259simli deyib. O bildirib ki, buna g\u00f6r\u0259 40 milyon manat v\u0259sait laz\u0131md\u0131r. Deputat \u0259lav\u0259 edib ki, bu, h\u0259m d\u0259 u\u015faqlar\u0131n sa\u011flam b\u00f6y\u00fcm\u0259si \u00fc\u00e7\u00fcn vacibdir. \u018f.M\u0259simli bildirib ki, t\u0259klif\u00a0u\u015faqlar\u0131n say\u0131n\u0131n artmas\u0131na yox, onlar\u0131n sa\u011flam do\u011fulmas\u0131na hesablan\u0131b.\u00a0Oxu.Az<\/p>\n","protected":false},"author":2,"featured_media":95911,"comment_status":"closed","ping_status":"closed","sticky":false,"template":"","format":"standard","meta":{"om_disable_all_campaigns":false,"_monsterinsights_skip_tracking":false,"_monsterinsights_sitenote_active":false,"_monsterinsights_sitenote_note":"","_monsterinsights_sitenote_category":0},"categories":[1],"tags":[],"aioseo_notices":[],"gutentor_comment":0,"rttpg_featured_image_url":{"full":["https:\/\/arantv.az\/wp-content\/uploads\/2019\/11\/korpe_usaq_02569.jpg",620,465,false],"landscape":["https:\/\/arantv.az\/wp-content\/uploads\/2019\/11\/korpe_usaq_02569.jpg",620,465,false],"portraits":["https:\/\/arantv.az\/wp-content\/uploads\/2019\/11\/korpe_usaq_02569.jpg",620,465,false],"thumbnail":["https:\/\/arantv.az\/wp-content\/uploads\/2019\/11\/korpe_usaq_02569-150x150.jpg",150,150,true],"medium":["https:\/\/arantv.az\/wp-content\/uploads\/2019\/11\/korpe_usaq_02569-300x225.jpg",300,225,true],"large":["https:\/\/arantv.az\/wp-content\/uploads\/2019\/11\/korpe_usaq_02569.jpg",620,465,false],"1536x1536":["https:\/\/arantv.az\/wp-content\/uploads\/2019\/11\/korpe_usaq_02569.jpg",620,465,false],"2048x2048":["https:\/\/arantv.az\/wp-content\/uploads\/2019\/11\/korpe_usaq_02569.jpg",620,465,false],"post-thumbnail":["https:\/\/arantv.az\/wp-content\/uploads\/2019\/11\/korpe_usaq_02569-240x172.jpg",240,172,true],"advps-thumb-one":["https:\/\/arantv.az\/wp-content\/uploads\/2019\/11\/korpe_usaq_02569.jpg",620,465,false]},"rttpg_author":{"display_name":"V\u00fcsal Rafiqo\u011flu","author_link":"https:\/\/arantv.az\/?author=2"},"rttpg_comment":0,"rttpg_category":"<a href=\"https:\/\/arantv.az\/?cat=1\" rel=\"category\">C\u0259miyy\u0259t<\/a>","rttpg_excerpt":"T\u0259klif edir\u0259m ki, yeni do\u011fulan u\u015fa\u011fa g\u00f6r\u0259 500 manat verilsin. ARANTV.AZ-\u0131n m\u0259lumat\u0131na g\u00f6r\u0259, bunu Milli M\u0259clisin iclas\u0131nda deputat \u018fli M\u0259simli deyib. O bildirib ki, buna g\u00f6r\u0259 40 milyon manat v\u0259sait laz\u0131md\u0131r. Deputat \u0259lav\u0259 edib ki, bu, h\u0259m d\u0259 u\u015faqlar\u0131n sa\u011flam b\u00f6y\u00fcm\u0259si \u00fc\u00e7\u00fcn vacibdir. \u018f.M\u0259simli bildirib ki, t\u0259klif\u00a0u\u015faqlar\u0131n say\u0131n\u0131n artmas\u0131na yox, onlar\u0131n sa\u011flam do\u011fulmas\u0131na hesablan\u0131b.\u00a0Oxu.Az","_links":{"self":[{"href":"https:\/\/arantv.az\/index.php?rest_route=\/wp\/v2\/posts\/95910"}],"collection":[{"href":"https:\/\/arantv.az\/index.php?rest_route=\/wp\/v2\/posts"}],"about":[{"href":"https:\/\/arantv.az\/index.php?rest_route=\/wp\/v2\/types\/post"}],"author":[{"embeddable":true,"href":"https:\/\/arantv.az\/index.php?rest_route=\/wp\/v2\/users\/2"}],"replies":[{"embeddable":true,"href":"https:\/\/arantv.az\/index.php?rest_route=%2Fwp%2Fv2%2Fcomments&post=95910"}],"version-history":[{"count":0,"href":"https:\/\/arantv.az\/index.php?rest_route=\/wp\/v2\/posts\/95910\/revisions"}],"wp:featuredmedia":[{"embeddable":true,"href":"https:\/\/arantv.az\/index.php?rest_route=\/wp\/v2\/media\/95911"}],"wp:attachment":[{"href":"https:\/\/arantv.az\/index.php?rest_route=%2Fwp%2Fv2%2Fmedia&parent=95910"}],"wp:term":[{"taxonomy":"category","embeddable":true,"href":"https:\/\/arantv.az\/index.php?rest_route=%2Fwp%2Fv2%2Fcategories&post=95910"},{"taxonomy":"post_tag","embeddable":true,"href":"https:\/\/arantv.az\/index.php?rest_route=%2Fwp%2Fv2%2Ftags&post=95910"}],"curies":[{"name":"wp","href":"https:\/\/api.w.org\/{rel}","templated":true}]}}