{"id":95930,"date":"2019-11-13T15:39:14","date_gmt":"2019-11-13T12:39:14","guid":{"rendered":"http:\/\/arantv.az\/?p=95930"},"modified":"2019-11-13T15:39:14","modified_gmt":"2019-11-13T12:39:14","slug":"ilham-%c9%99liyev-gorusl%c9%99r-kecirdi-yenil%c9%99nib-foto","status":"publish","type":"post","link":"https:\/\/arantv.az\/?p=95930","title":{"rendered":"\u0130lham \u018fliyev g\u00f6r\u00fc\u015fl\u0259r ke\u00e7irdi &#8211; YEN\u0130L\u018fN\u0130B + FOTO"},"content":{"rendered":"<p>Az\u0259rbaycan Respublikas\u0131n\u0131n Prezidenti \u0130lham \u018fliyev noyabr\u0131n 13-d\u0259 Rusiya Federasiyas\u0131n\u0131n Federasiya \u015euras\u0131n\u0131n s\u0259dr m\u00fcavini \u0130lyas Umaxanovu, Rusiya Federasiyas\u0131n\u0131n Federasiya \u015euras\u0131n\u0131n Regional m\u0259s\u0259l\u0259l\u0259r \u00fczr\u0259 komit\u0259sinin s\u0259dri Sergey Melikovu, Da\u011f\u0131stan Xalq M\u0259clisinin s\u0259dri X\u0131zr\u0131 \u015e\u0131xs\u0259idovu v\u0259 Da\u011f\u0131stan Xalq M\u0259clisi s\u0259drinin m\u00fc\u015faviri M\u0259h\u0259mm\u0259d Qurbanovu q\u0259bul edib.<\/p>\n<p><strong>ARANTV.AZ<\/strong> x\u0259b\u0259r verir ki, qonaqlar\u0131 salamlayan\u00a0<strong>Prezident \u0130lham \u018fliyev<\/strong>\u00a0deyib:<\/p>\n<p>&#8211; Sizi yenid\u0259n g\u00f6rm\u0259yim\u0259 \u015fadam. Xo\u015f g\u0259lmisiniz.<\/p>\n<div id=\"AdviadNativeVideo0\" class=\"AdviadNativeVideo\"><\/div>\n<p>\u00c7ox \u015fadam ki, siz m\u00fch\u00fcm t\u0259dbird\u0259 &#8211; d\u00fcnya dini liderl\u0259rinin Sammitind\u0259 i\u015ftirak ed\u0259c\u0259ksiniz. Bu, \u00f6lk\u0259miz \u00fc\u00e7\u00fcn \u00e7ox m\u00fch\u00fcm hadis\u0259dir. Z\u0259nnimc\u0259, b\u00fct\u00fcn i\u015ftirak\u00e7\u0131lar \u00fc\u00e7\u00fcn d\u0259 bel\u0259dir. M\u0259n \u00e7ox \u015fadam ki, Rusiya Federasiyas\u0131 \u00e7ox y\u00fcks\u0259k s\u0259viyy\u0259d\u0259, Federasiya \u015euras\u0131n\u0131n r\u0259hb\u0259rliyi, qarda\u015f Da\u011f\u0131stan\u0131n r\u0259hb\u0259rliyi s\u0259viyy\u0259sind\u0259 t\u0259msil olunub v\u0259 Zati-m\u00fcq\u0259dd\u0259sl\u0259ri, Moskvan\u0131n v\u0259 B\u00fct\u00fcn Rusiyan\u0131n Patriarx\u0131 Kirillin d\u0259, m\u00fcxt\u0259lif \u00f6lk\u0259l\u0259rd\u0259n olan \u00e7oxsayl\u0131 qonaqlar\u0131n da i\u015ftirak\u0131 g\u00f6zl\u0259nilir. Z\u0259nnimc\u0259, bu t\u0259dbir m\u0259d\u0259niyy\u0259tl\u0259raras\u0131, sivilizasiyalararas\u0131 dialoqun g\u0259l\u0259c\u0259k inki\u015faf\u0131na yax\u015f\u0131 t\u0259kan ver\u0259c\u0259k.<\/p>\n<p>Bildiyiniz kimi, Az\u0259rbaycanda bu q\u0259bild\u0259n olan \u00e7oxlu t\u0259dbirl\u0259r ke\u00e7irilir. Rusiya v\u0259 Az\u0259rbaycan prezidentl\u0259rinin himay\u0259si il\u0259 m\u00fcnt\u0259z\u0259m olaraq ke\u00e7iril\u0259n Bak\u0131 Humanitar Forumu, \u0259n\u0259n\u0259vi M\u0259d\u0259niyy\u0259tl\u0259raras\u0131 Dialoq Forumu beyn\u0259lxalq t\u0259\u015fkilatlar, o c\u00fcml\u0259d\u0259n BMT, UNESKO v\u0259 dig\u0259r t\u0259\u015fkilatlar t\u0259r\u0259find\u0259n d\u0259st\u0259kl\u0259nir. Bel\u0259likl\u0259, Az\u0259rbaycan art\u0131q \u00e7oxdand\u0131r ki, xalqlar\u0131, m\u00fcxt\u0259lif dinl\u0259rin n\u00fcmay\u0259nd\u0259l\u0259rini yax\u0131nla\u015fd\u0131ran humanitar xarakterli t\u0259dbirl\u0259rin ke\u00e7irildiyi m\u0259kana \u00e7evrilib.<\/p>\n<p>\u018flb\u0259tt\u0259, bunlar h\u0259m d\u0259 ikit\u0259r\u0259fli g\u00fcnd\u0259liy\u0259 aid m\u0259s\u0259l\u0259l\u0259r bar\u0259d\u0259 s\u00f6hb\u0259t etm\u0259k \u00fc\u00e7\u00fcn yax\u015f\u0131 imkand\u0131r. Bu g\u00fcnd\u0259lik olduqca z\u0259ngindir v\u0259 y\u00fcks\u0259k s\u0259viyy\u0259d\u0259 \u0259laq\u0259l\u0259r bizim m\u00fcnasib\u0259tl\u0259rimizin inki\u015faf\u0131na \u00e7ox g\u00fccl\u00fc t\u0259kan verir. M\u0259nim Rusiya Prezidenti Vladimir Vladimirovi\u00e7 Putinl\u0259 bir ne\u00e7\u0259 d\u0259f\u0259 g\u00f6r\u00fc\u015f\u00fcm olub. Pekind\u0259 \u201cBir k\u0259m\u0259r, bir yol\u201d konfrans\u0131 zaman\u0131 g\u00f6r\u00fc\u015f\u00fcm\u00fcz\u00fc x\u00fcsusi xat\u0131rlay\u0131ram. T\u0259dbirl\u0259r qrafikinin \u00e7ox g\u0259rgin olmas\u0131na baxmayaraq, biz bir s\u0131ra m\u0259s\u0259l\u0259l\u0259r bar\u0259d\u0259 \u00e7ox \u0259trafl\u0131 s\u00f6hb\u0259t etm\u0259y\u0259 vaxt tapd\u0131q. Rusiya Prezidentinin m\u0259ni \u201cValday\u201d Forumunda i\u015ftiraka d\u0259v\u0259t etm\u0259si d\u0259 biz\u0259 h\u00f6rm\u0259t v\u0259 xo\u015f m\u00fcnasib\u0259t \u0259lam\u0259ti kimi q\u0259bul edildi. Forum \u00e7\u0259r\u00e7iv\u0259sind\u0259 d\u0259 Rusiya Prezidenti il\u0259 m\u0259nim g\u00f6r\u00fc\u015f\u00fcm oldu. Biz h\u0259min g\u00f6r\u00fc\u015fd\u0259 d\u0259 ikit\u0259r\u0259fli g\u00fcnd\u0259liy\u0259 aid diskussiyalar\u0131 davam etdirdik.<\/p>\n<p>\u018flb\u0259tt\u0259, Valentina \u0130vanovna Matviyenkonun r\u0259hb\u0259rlik etdiyi n\u00fcmay\u0259nd\u0259 hey\u0259tinizin bu ilin yaz\u0131nda \u00f6lk\u0259miz\u0259 s\u0259f\u0259ri d\u0259 parlamentl\u0259raras\u0131 istiqam\u0259td\u0259 m\u00fcnasib\u0259tl\u0259r\u0259 v\u0259 b\u00fct\u00f6vl\u00fckd\u0259, ikit\u0259r\u0259fli g\u00fcnd\u0259liy\u0259 aid m\u0259s\u0259l\u0259l\u0259r\u0259 yax\u015f\u0131 t\u0259kan verdi. Buna g\u00f6r\u0259 d\u0259 d\u00fc\u015f\u00fcn\u00fcr\u0259m ki, bu g\u00f6r\u00fc\u015f m\u00fch\u00fcm m\u0259s\u0259l\u0259l\u0259r\u0259 bir daha n\u0259z\u0259r salmaq v\u0259 \u0259lb\u0259tt\u0259, X\u0131zr\u0131 \u0130sayevi\u00e7in, M\u0259h\u0259mm\u0259din v\u0259 sizin, \u2013 biz ilk d\u0259f\u0259 g\u00f6r\u00fc\u015f\u00fcr\u00fck, &#8211; timsal\u0131n\u0131zda qarda\u015f Da\u011f\u0131stan n\u00fcmay\u0259nd\u0259l\u0259rini g\u00f6rm\u0259y\u0259 \u00e7ox \u015fadam. \u018flb\u0259tt\u0259, bizim \u0259ziz qarda\u015f\u0131m\u0131z \u0130lyasa da \u201cXo\u015f g\u0259lmisiniz\u201d deyir\u0259m, o da bizim qarda\u015f diyar\u0131 t\u0259msil edir. Bir daha xo\u015f g\u0259lmisiniz.<\/p>\n<p>Rusiya Federasiyas\u0131n\u0131n Federasiya \u015euras\u0131n\u0131n s\u0259dr m\u00fcavini\u00a0<strong>\u0130lyas Umaxanov<\/strong>\u00a0deyib:<\/p>\n<p>&#8211; H\u00f6rm\u0259tli \u0130lham Heyd\u0259r o\u011flu, v\u0259ziyy\u0259tl\u0259 \u0259laq\u0259dar \u0259sas\u0259n Da\u011f\u0131stan t\u0259msil\u00e7il\u0259rind\u0259n ibar\u0259t olan Rusiya n\u00fcmay\u0259nd\u0259 hey\u0259ti il\u0259 g\u00f6r\u00fc\u015fm\u0259k \u00fc\u00e7\u00fcn vaxt tapd\u0131\u011f\u0131n\u0131za g\u00f6r\u0259 Siz\u0259 t\u0259\u015f\u0259kk\u00fcr etm\u0259k ist\u0259yirik. Lakin bununla b\u0259rab\u0259r, dem\u0259k ist\u0259yir\u0259m ki, \u0259lb\u0259tt\u0259, d\u00fcnya dini liderl\u0259rinin Sammitind\u0259 i\u015ftirak etm\u0259k bizim \u00fc\u00e7\u00fcn, \u0259lb\u0259tt\u0259, \u00e7ox vacib idi. Bu, art\u0131q ikinci Sammitdir. M\u0259n\u0259 birinci Sammitd\u0259 i\u015ftirak etm\u0259k xo\u015fb\u0259xtliyi n\u0259sib olub. Bu Sammitin gedi\u015fini b\u00f6y\u00fck h\u00f6rm\u0259t v\u0259 maraqla izl\u0259y\u0259c\u0259yik. Ona g\u00f6r\u0259 ki, Parlamentl\u0259raras\u0131 \u0130ttifaq\u0131n Sankt-Peterburqda ke\u00e7irilmi\u015f 137-ci Assambleyas\u0131nda parlament r\u0259hb\u0259rl\u0259rinin \u00fcmumd\u00fcnya konfrans\u0131n\u0131n ke\u00e7irilm\u0259si t\u0259\u015f\u0259bb\u00fcs\u00fc ir\u0259li s\u00fcr\u00fcld\u00fc. Birl\u0259\u015fmi\u015f Mill\u0259tl\u0259r T\u0259\u015fkilat\u0131n\u0131n Ba\u015f Assambleyas\u0131 h\u0259min konfrans\u0131n 2022-ci il may\u0131n 21-d\u0259 Rusiyada ke\u00e7irilm\u0259si bar\u0259d\u0259 m\u00fcvafiq q\u0259tnam\u0259 q\u0259bul etdi. Etnik v\u0259 konfessiyalararas\u0131 m\u0259s\u0259l\u0259l\u0259r\u0259 h\u0259sr edil\u0259c\u0259k bu konfransa Rusiya Federasiyas\u0131n\u0131n Prezidentinin raz\u0131l\u0131\u011f\u0131 al\u0131nd\u0131. Ona g\u00f6r\u0259 d\u0259 ikinci Sammitd\u0259 i\u015ftirak etm\u0259k, onun gedi\u015fini m\u00fc\u015fahid\u0259 etm\u0259k bizim \u00fc\u00e7\u00fcn, \u0259lb\u0259tt\u0259, son d\u0259r\u0259c\u0259 vacibdir.<\/p>\n<p>Eyni zamanda, dem\u0259k ist\u0259yir\u0259m ki, biz Birinci vitse-prezident, \u00e7ox h\u00f6rm\u0259tli Mehriban \u018fliyevan\u0131n Moskvaya s\u0259f\u0259rini s\u0259birsizlikl\u0259 g\u00f6zl\u0259yirik. Xalq T\u0259s\u0259rr\u00fcfat\u0131 Nailiyy\u0259tl\u0259ri S\u0259rgisind\u0259 Az\u0259rbaycan pavilyonunun a\u00e7\u0131l\u0131\u015f\u0131 olacaq, h\u0259m\u00e7inin Regionlararas\u0131 Forum ke\u00e7iril\u0259c\u0259k.<\/p>\n<p><em><strong>14:59<\/strong><\/em><\/p>\n<p>Az\u0259rbaycan Respublikas\u0131n\u0131n Prezidenti \u0130lham \u018fliyev noyabr\u0131n 13-d\u0259 Rusiya Federasiyas\u0131n\u0131n Federasiya \u015euras\u0131n\u0131n s\u0259dr m\u00fcavini \u0130lyas Umaxanovu, Rusiya Federasiyas\u0131n\u0131n Federasiya \u015euras\u0131n\u0131n Regional m\u0259s\u0259l\u0259l\u0259r \u00fczr\u0259 komit\u0259sinin s\u0259dri Sergey Melikovu, Da\u011f\u0131stan Xalq M\u0259clisinin s\u0259dri X\u0131zr\u0131 \u015e\u0131xs\u0259idovu v\u0259 Da\u011f\u0131stan Xalq M\u0259clisi s\u0259drinin m\u00fc\u015faviri M\u0259h\u0259mm\u0259d Qurbanovu q\u0259bul edib.<\/p>\n<p>Bununla ba\u011fl\u0131\u00a0<a href=\"https:\/\/azertag.az\/xeber\/Prezident_Ilham_Aliyev_Rusiya_Federasiya_Surasinin_sedr_muavinini_ve_komite_sedrini_Dagistan_Xalq_Meclisinin_sedrini_ve_sedrin_musavirini_qebul_edib_YENILANACAK-1354450\" target=\"_blank\" rel=\"noopener\">AZ\u018fRTAC<\/a>\u00a0m\u0259lumat yay\u0131b.<\/p>\n<p><img src=\"https:\/\/assets.oxu.az\/uploads\/W1siZiIsIjIwMTkvMTEvMTMvMTQvNTYvMDkvYWQ3OWQ4MTUtNzA5My00YTc5LThmOTEtMDcyMjk0ZjVlMmJiL3AxLmpwZyJdLFsicCIsImVuY29kZSIsImpwZyIsIi1xdWFsaXR5IDgwIl0sWyJwIiwidGh1bWIiLCI1OTB4NTkwXHUwMDNlIl1d?sha=f0927d2ea41acd45\" alt=\"\" \/><img src=\"https:\/\/assets.oxu.az\/uploads\/W1siZiIsIjIwMTkvMTEvMTMvMTQvNTYvMzIvMDQyMzE1ZTYtY2NlMS00ZWY3LTlhMDUtZWYyNzg3MWYzNzk4L3AyLmpwZyJdLFsicCIsImVuY29kZSIsImpwZyIsIi1xdWFsaXR5IDgwIl0sWyJwIiwidGh1bWIiLCI1OTB4NTkwXHUwMDNlIl1d?sha=376c68468ed6e229\" alt=\"\" \/><\/p>\n<p>Az\u0259rbaycan Respublikas\u0131n\u0131n Prezidenti \u0130lham \u018fliyev noyabr\u0131n 13-d\u0259 \u0130ran \u0130slam Respublikas\u0131n\u0131n M\u0259d\u0259niyy\u0259t v\u0259 \u0130slami \u018flaq\u0259l\u0259r T\u0259\u015fkilat\u0131n\u0131n s\u0259dri Abuz\u0259r \u0130brahimi T\u00fcrkman\u0131n ba\u015f\u00e7\u0131l\u0131q etdiyi n\u00fcmay\u0259nd\u0259 hey\u0259tini q\u0259bul edib.<\/p>\n<p><strong>ARANTV.AZ<\/strong>\u00a0\u00a0x\u0259b\u0259r verir ki, n\u00fcmay\u0259nd\u0259 hey\u0259tinin \u00fczvl\u0259rini salamlayan\u00a0<strong>Prezident \u0130lham \u018fliyev<\/strong>\u00a0deyib:<\/p>\n<p>\u201cXo\u015f g\u0259lmisiniz. \u00c7ox \u015fadam ki, qarda\u015f \u00f6lk\u0259 sabah ke\u00e7iril\u0259c\u0259k d\u00fcnya dini liderl\u0259rinin Zirv\u0259 G\u00f6r\u00fc\u015f\u00fcnd\u0259 y\u00fcks\u0259k s\u0259viyy\u0259d\u0259 i\u015ftirak ed\u0259c\u0259k. H\u0259m bu Zirv\u0259 G\u00f6r\u00fc\u015f\u00fcnd\u0259 i\u015ftirak \u00e7ox \u00f6n\u0259mlidir, eyni zamanda, yax\u015f\u0131 f\u00fcrs\u0259tdir ki, ikit\u0259r\u0259fli m\u0259s\u0259l\u0259l\u0259ri d\u0259 m\u00fczakir\u0259 ed\u0259k.<\/p>\n<p>Bildiyiniz kimi, bu yax\u0131nlarda \u0130ran \u0130slam Respublikas\u0131n\u0131n Prezidenti c\u0259nab Ruhani Az\u0259rbaycanda s\u0259f\u0259rd\u0259 idi, Qo\u015fulmama H\u0259r\u0259kat\u0131n\u0131n Zirv\u0259 G\u00f6r\u00fc\u015f\u00fcnd\u0259 i\u015ftirak edirdi. S\u0259f\u0259r \u00e7\u0259r\u00e7iv\u0259sind\u0259 bizim g\u00f6r\u00fc\u015f\u00fcm\u00fcz olmu\u015fdur. \u00c7ox yax\u015f\u0131 g\u00f6r\u00fc\u015f oldu. G\u00f6r\u00fc\u015f zaman\u0131 g\u00fcnd\u0259likd\u0259 duran bir \u00e7ox ikit\u0259r\u0259fli m\u0259s\u0259l\u0259l\u0259ri m\u00fczakir\u0259 etdik. Bir daha g\u00f6rd\u00fck ki, \u0130ran-Az\u0259rbaycan \u0259laq\u0259l\u0259ri y\u00fcks\u0259k s\u0259viyy\u0259d\u0259dir, u\u011furla inki\u015faf edir. \u0130mzalanm\u0131\u015f b\u00fct\u00fcn s\u0259n\u0259dl\u0259r, \u0259ld\u0259 olunmu\u015f raz\u0131la\u015fmalar icra edilir. Bu, onu g\u00f6st\u0259rir ki, \u0259laq\u0259l\u0259r \u00e7ox s\u0259m\u0259r\u0259lidir v\u0259 yax\u015f\u0131 n\u0259tic\u0259 verir. \u018fmin\u0259m ki, g\u0259l\u0259c\u0259kd\u0259 bu \u0259laq\u0259l\u0259rin inki\u015faf\u0131 \u00fc\u00e7\u00fcn h\u0259r iki t\u0259r\u0259f \u00f6z s\u0259yl\u0259rini g\u00f6st\u0259r\u0259c\u0259k v\u0259 \u0259ld\u0259 edilmi\u015f b\u00fct\u00fcn raz\u0131la\u015fmalar h\u0259yatda \u00f6z yerini tutacaq\u201d.<\/p>\n<p>\u0130ran\u0131n M\u0259d\u0259niyy\u0259t v\u0259 \u0130slami \u018flaq\u0259l\u0259r T\u0259\u015fkilat\u0131n\u0131n s\u0259dri\u00a0<strong>Abuz\u0259r \u0130brahimi<\/strong>\u00a0deyib:<\/p>\n<p>\u201c\u00c7ox sa\u011f olun, t\u0259\u015f\u0259kk\u00fcr edir\u0259m. Biz\u0259 vaxt ay\u0131rd\u0131\u011f\u0131n\u0131za v\u0259 bizi q\u0259bul etdiyiniz\u0259 g\u00f6r\u0259 Siz\u0259 t\u0259\u015f\u0259kk\u00fcr\u00fcm\u00fc bildirir\u0259m. \u0130ki il bundan \u0259vv\u0259l m\u0259n\u0259 bel\u0259 bir f\u00fcrs\u0259t yarand\u0131, xan\u0131m Mehriban \u018fliyeva il\u0259 g\u00f6r\u00fc\u015fd\u00fcm v\u0259 indiy\u0259d\u0259k h\u0259min g\u00f6r\u00fc\u015f\u00fc xat\u0131rlay\u0131ram, xo\u015f t\u0259\u0259ss\u00fcratlar\u0131 yad\u0131mdad\u0131r.<\/p>\n<p>\u018fvv\u0259lc\u0259, ist\u0259rdim ki, \u00f6z d\u00f6vl\u0259timin, \u0130ran \u0130slam Respublikas\u0131 d\u00f6vl\u0259tinin v\u0259 xalq\u0131n\u0131n s\u0259mimi salamlar\u0131n\u0131 Siz\u0259 \u00e7atd\u0131r\u0131m. Biziml\u0259 Az\u0259rbaycan aras\u0131nda m\u00fc\u015ft\u0259r\u0259klikl\u0259r, ba\u011fl\u0131l\u0131qlar \u00e7oxdur. M\u0259n u\u015faql\u0131qdan Az\u0259rbaycan dilini n\u0259n\u0259md\u0259n \u00f6yr\u0259nmi\u015f\u0259m. \u0130ll\u0259r ke\u00e7dikc\u0259 bu dili m\u0259n\u0259 \u00f6yr\u0259tdiyin\u0259 g\u00f6r\u0259 v\u0259 \u00f6z sin\u0259sind\u0259n m\u0259nim sin\u0259m\u0259 bu dili n\u0259ql etdiyin\u0259 g\u00f6r\u0259 h\u0259mi\u015f\u0259 ona dua edir\u0259m.<\/p>\n<p>Biziml\u0259 sizin aran\u0131zda bir \u00e7ox ba\u011fl\u0131l\u0131qlar, m\u00fc\u015ft\u0259r\u0259klikl\u0259r var, o c\u00fcml\u0259d\u0259n m\u0259d\u0259ni sah\u0259d\u0259. Buna g\u00f6r\u0259 d\u0259 biz m\u0259d\u0259ni sah\u0259d\u0259 bir \u00e7ox birg\u0259 layih\u0259l\u0259r h\u0259yata ke\u00e7irmi\u015fik v\u0259 \u0259m\u0259kda\u015fl\u0131qlar etmi\u015fik. M\u0259d\u0259niyy\u0259t Nazirliyi il\u0259 bir \u00e7ox proqramlar, layih\u0259l\u0259r icra etmi\u015fik, g\u0259l\u0259c\u0259kd\u0259 d\u0259 bunu davam etdir\u0259c\u0259yik\u201d.<\/p>\n<p>S\u00f6hb\u0259t zaman\u0131 \u00f6lk\u0259l\u0259rimiz aras\u0131nda enerji, ticar\u0259t v\u0259 dig\u0259r sah\u0259l\u0259rd\u0259 \u0259m\u0259kda\u015fl\u0131\u011f\u0131n inki\u015faf\u0131ndan m\u0259mnunluq ifad\u0259 olundu, ikit\u0259r\u0259fli \u0259laq\u0259l\u0259rimizin m\u00f6hk\u0259ml\u0259ndirilm\u0259sind\u0259 d\u00f6vl\u0259t ba\u015f\u00e7\u0131lar\u0131 aras\u0131nda m\u00fct\u0259madi olaraq ke\u00e7iril\u0259n g\u00f6r\u00fc\u015fl\u0259rin \u0259h\u0259miyy\u0259ti qeyd edilib.<\/p>\n<p><em><strong>14:59<\/strong><\/em><\/p>\n<p>D\u00f6vl\u0259t ba\u015f\u00e7\u0131s\u0131 noyabr\u0131n 13-d\u0259 \u0130ran \u0130slam Respublikas\u0131n\u0131n M\u0259d\u0259niyy\u0259t v\u0259 \u0130slami \u018flaq\u0259l\u0259r T\u0259\u015fkilat\u0131n\u0131n s\u0259dri Abuz\u0259r \u0130brahimi T\u00fcrkman\u0131n ba\u015f\u00e7\u0131l\u0131q etdiyi n\u00fcmay\u0259nd\u0259 hey\u0259tini\u00a0<a href=\"https:\/\/azertag.az\/xeber\/Prezident_Ilham_Aliyev_Iranin_Medeniyyet_ve_Islami_Alaqeler_Teskilatinin_sedrinin_baschiliq_etdiyi_numayende_heyetini_qebul_edib_YENILANACAK-1354452\" target=\"_blank\" rel=\"noopener\">q\u0259bul edib<\/a>.<\/p>\n<p><img src=\"https:\/\/assets.oxu.az\/uploads\/W1siZiIsIjIwMTkvMTEvMTMvMTQvNTgvMzkvMjc4NTU3MDktOTJjZC00NTU2LWIzNDktMjljMDJlYmM0ODYxLzE1NzM2NDIyODgyOTkzMzQ2NzkwXzEwMDB4NjY5LmpwZyJdLFsicCIsImVuY29kZSIsImpwZyIsIi1xdWFsaXR5IDgwIl0sWyJwIiwidGh1bWIiLCI1OTB4NTkwXHUwMDNlIl1d?sha=0f5a336959d83782\" alt=\"\" \/><img src=\"https:\/\/assets.oxu.az\/uploads\/W1siZiIsIjIwMTkvMTEvMTMvMTQvNTgvNDAvNDQwMjEzMGMtNzY0YS00ZjMwLWE4MTMtZGI4NDc1NDhlYWIxLzE1NzM2NDIyODg4MjU5NDI4MDVfMTAwMHg2NjkuanBnIl0sWyJwIiwiZW5jb2RlIiwianBnIiwiLXF1YWxpdHkgODAiXSxbInAiLCJ0aHVtYiIsIjU5MHg1OTBcdTAwM2UiXV0?sha=1281c25fc5df0860\" alt=\"\" \/><\/p>\n<p>Bundan ba\u015fqa, \u0130lham \u018fliyev bu g\u00fcn Misir \u018fr\u0259b Respublikas\u0131n\u0131n N\u00fcmay\u0259nd\u0259l\u0259r Palatas\u0131 s\u0259drinin birinci m\u00fcavini Elsayed El\u015ferinin ba\u015f\u00e7\u0131l\u0131q etdiyi n\u00fcmay\u0259nd\u0259 hey\u0259ti il\u0259 d\u0259\u00a0<a href=\"https:\/\/azertag.az\/xeber\/Prezident_Ilham_Aliyev_Misirin_Numayendeler_Palatasi_sedrinin_birinci_muavininin_baschiliq_etdiyi_numayende_heyetini_qebul_edib_YENILANACAK-1354455\" target=\"_blank\" rel=\"noopener\">g\u00f6r\u00fc\u015f\u00fcb<\/a>.<\/p>\n<p><img src=\"https:\/\/assets.oxu.az\/uploads\/W1siZiIsIjIwMTkvMTEvMTMvMTQvNTgvNDAvY2I4MTJkMTYtZjNlYi00MzJjLWIzN2EtZjZmZjJlYjI2NDI2LzE1NzM2NDI1MzA2MTg4NzQ4NDcwXzEwMDB4NjY5LmpwZyJdLFsicCIsImVuY29kZSIsImpwZyIsIi1xdWFsaXR5IDgwIl0sWyJwIiwidGh1bWIiLCI1OTB4NTkwXHUwMDNlIl1d?sha=b1f29ca33519fcd9\" alt=\"\" \/><img src=\"https:\/\/assets.oxu.az\/uploads\/W1siZiIsIjIwMTkvMTEvMTMvMTQvNTgvMzkvZTIwMTc4YjUtYWVjNy00YWIxLTk3ZTAtYjE4YTVhODg2YWQyLzE1NzM2NDI1MzA2MjU3NzQxNV8xMDAweDY2OS5qcGciXSxbInAiLCJlbmNvZGUiLCJqcGciLCItcXVhbGl0eSA4MCJdLFsicCIsInRodW1iIiwiNTkweDU5MFx1MDAzZSJdXQ?sha=8811300813b550c5\" alt=\"\" \/><\/p>\n","protected":false},"excerpt":{"rendered":"<p>Az\u0259rbaycan Respublikas\u0131n\u0131n Prezidenti \u0130lham \u018fliyev noyabr\u0131n 13-d\u0259 Rusiya Federasiyas\u0131n\u0131n Federasiya \u015euras\u0131n\u0131n s\u0259dr m\u00fcavini \u0130lyas Umaxanovu, Rusiya Federasiyas\u0131n\u0131n Federasiya \u015euras\u0131n\u0131n Regional m\u0259s\u0259l\u0259l\u0259r \u00fczr\u0259 komit\u0259sinin s\u0259dri Sergey Melikovu, Da\u011f\u0131stan Xalq M\u0259clisinin s\u0259dri X\u0131zr\u0131 \u015e\u0131xs\u0259idovu v\u0259 Da\u011f\u0131stan Xalq M\u0259clisi s\u0259drinin m\u00fc\u015faviri M\u0259h\u0259mm\u0259d Qurbanovu q\u0259bul edib. ARANTV.AZ x\u0259b\u0259r verir ki, qonaqlar\u0131 salamlayan\u00a0Prezident \u0130lham \u018fliyev\u00a0deyib: &#8211; Sizi yenid\u0259n g\u00f6rm\u0259yim\u0259 \u015fadam. Xo\u015f g\u0259lmisiniz. \u00c7ox \u015fadam ki, siz m\u00fch\u00fcm t\u0259dbird\u0259 &#8211; d\u00fcnya dini liderl\u0259rinin Sammitind\u0259 i\u015ftirak ed\u0259c\u0259ksiniz. Bu, \u00f6lk\u0259miz \u00fc\u00e7\u00fcn \u00e7ox m\u00fch\u00fcm hadis\u0259dir. Z\u0259nnimc\u0259, b\u00fct\u00fcn i\u015ftirak\u00e7\u0131lar \u00fc\u00e7\u00fcn d\u0259 bel\u0259dir. M\u0259n \u00e7ox \u015fadam ki, Rusiya Federasiyas\u0131 \u00e7ox y\u00fcks\u0259k&hellip;<\/p>\n","protected":false},"author":2,"featured_media":95931,"comment_status":"closed","ping_status":"closed","sticky":false,"template":"","format":"standard","meta":{"om_disable_all_campaigns":false,"_monsterinsights_skip_tracking":false,"_monsterinsights_sitenote_active":false,"_monsterinsights_sitenote_note":"","_monsterinsights_sitenote_category":0},"categories":[4],"tags":[],"aioseo_notices":[],"gutentor_comment":0,"rttpg_featured_image_url":{"full":["https:\/\/arantv.az\/wp-content\/uploads\/2019\/11\/p2-1.jpg",620,367,false],"landscape":["https:\/\/arantv.az\/wp-content\/uploads\/2019\/11\/p2-1.jpg",620,367,false],"portraits":["https:\/\/arantv.az\/wp-content\/uploads\/2019\/11\/p2-1.jpg",620,367,false],"thumbnail":["https:\/\/arantv.az\/wp-content\/uploads\/2019\/11\/p2-1-150x150.jpg",150,150,true],"medium":["https:\/\/arantv.az\/wp-content\/uploads\/2019\/11\/p2-1-300x178.jpg",300,178,true],"large":["https:\/\/arantv.az\/wp-content\/uploads\/2019\/11\/p2-1.jpg",620,367,false],"1536x1536":["https:\/\/arantv.az\/wp-content\/uploads\/2019\/11\/p2-1.jpg",620,367,false],"2048x2048":["https:\/\/arantv.az\/wp-content\/uploads\/2019\/11\/p2-1.jpg",620,367,false],"post-thumbnail":["https:\/\/arantv.az\/wp-content\/uploads\/2019\/11\/p2-1-240x172.jpg",240,172,true],"advps-thumb-one":["https:\/\/arantv.az\/wp-content\/uploads\/2019\/11\/p2-1.jpg",620,367,false]},"rttpg_author":{"display_name":"V\u00fcsal Rafiqo\u011flu","author_link":"https:\/\/arantv.az\/?author=2"},"rttpg_comment":0,"rttpg_category":"<a href=\"https:\/\/arantv.az\/?cat=4\" rel=\"category\">Siyas\u0259t<\/a>","rttpg_excerpt":"Az\u0259rbaycan Respublikas\u0131n\u0131n Prezidenti \u0130lham \u018fliyev noyabr\u0131n 13-d\u0259 Rusiya Federasiyas\u0131n\u0131n Federasiya \u015euras\u0131n\u0131n s\u0259dr m\u00fcavini \u0130lyas Umaxanovu, Rusiya Federasiyas\u0131n\u0131n Federasiya \u015euras\u0131n\u0131n Regional m\u0259s\u0259l\u0259l\u0259r \u00fczr\u0259 komit\u0259sinin s\u0259dri Sergey Melikovu, Da\u011f\u0131stan Xalq M\u0259clisinin s\u0259dri X\u0131zr\u0131 \u015e\u0131xs\u0259idovu v\u0259 Da\u011f\u0131stan Xalq M\u0259clisi s\u0259drinin m\u00fc\u015faviri M\u0259h\u0259mm\u0259d Qurbanovu q\u0259bul edib. ARANTV.AZ x\u0259b\u0259r verir ki, qonaqlar\u0131 salamlayan\u00a0Prezident \u0130lham \u018fliyev\u00a0deyib: &#8211; Sizi yenid\u0259n g\u00f6rm\u0259yim\u0259 \u015fadam.&hellip;","_links":{"self":[{"href":"https:\/\/arantv.az\/index.php?rest_route=\/wp\/v2\/posts\/95930"}],"collection":[{"href":"https:\/\/arantv.az\/index.php?rest_route=\/wp\/v2\/posts"}],"about":[{"href":"https:\/\/arantv.az\/index.php?rest_route=\/wp\/v2\/types\/post"}],"author":[{"embeddable":true,"href":"https:\/\/arantv.az\/index.php?rest_route=\/wp\/v2\/users\/2"}],"replies":[{"embeddable":true,"href":"https:\/\/arantv.az\/index.php?rest_route=%2Fwp%2Fv2%2Fcomments&post=95930"}],"version-history":[{"count":0,"href":"https:\/\/arantv.az\/index.php?rest_route=\/wp\/v2\/posts\/95930\/revisions"}],"wp:featuredmedia":[{"embeddable":true,"href":"https:\/\/arantv.az\/index.php?rest_route=\/wp\/v2\/media\/95931"}],"wp:attachment":[{"href":"https:\/\/arantv.az\/index.php?rest_route=%2Fwp%2Fv2%2Fmedia&parent=95930"}],"wp:term":[{"taxonomy":"category","embeddable":true,"href":"https:\/\/arantv.az\/index.php?rest_route=%2Fwp%2Fv2%2Fcategories&post=95930"},{"taxonomy":"post_tag","embeddable":true,"href":"https:\/\/arantv.az\/index.php?rest_route=%2Fwp%2Fv2%2Ftags&post=95930"}],"curies":[{"name":"wp","href":"https:\/\/api.w.org\/{rel}","templated":true}]}}