{"id":95938,"date":"2019-11-13T15:51:29","date_gmt":"2019-11-13T12:51:29","guid":{"rendered":"http:\/\/arantv.az\/?p=95938"},"modified":"2019-11-13T15:55:13","modified_gmt":"2019-11-13T12:55:13","slug":"bassagligi-2","status":"publish","type":"post","link":"https:\/\/arantv.az\/?p=95938","title":{"rendered":"BA\u015eSA\u011eLI\u011eI"},"content":{"rendered":"<p><strong>Qubadl\u0131 rayon \u0130sa M\u0259mm\u0259dov ad\u0131na tam orta m\u0259kt\u0259bin direktoru Alahverdiyev Allahver\u0259n Polad o\u011flunun o\u011flu Allahverdiyev Polad Allahver\u0259n o\u011flu 29 ya\u015f\u0131nda 13.11.2019 cu il\u00a0 \u00a0tarixind\u0259 v\u0259fat etmi\u015fdir. ARANTV.AZ\u00a0 \u00a0v\u0259\u00a0 Qubadl\u0131 rayon \u0130sa M\u0259mm\u0259dov ad\u0131na tam orta m\u0259kt\u0259bin kolektivi m\u0259rhumun vaxts\u0131z v\u0259fat\u0131ndan k\u0259d\u0259rl\u0259ndiyini bildirir, m\u0259rhumun ail\u0259sin\u0259 yax\u0131nlar\u0131na d\u0259rin h\u00fcznl\u0259 ba\u015fsa\u011fl\u0131\u011f\u0131 verir. Allah r\u0259hm\u0259t el\u0259sin!\u201d.<\/strong><\/p>\n","protected":false},"excerpt":{"rendered":"<p>Qubadl\u0131 rayon \u0130sa M\u0259mm\u0259dov ad\u0131na tam orta m\u0259kt\u0259bin direktoru Alahverdiyev Allahver\u0259n Polad o\u011flunun o\u011flu Allahverdiyev Polad Allahver\u0259n o\u011flu 29 ya\u015f\u0131nda 13.11.2019 cu il\u00a0 \u00a0tarixind\u0259 v\u0259fat etmi\u015fdir. ARANTV.AZ\u00a0 \u00a0v\u0259\u00a0 Qubadl\u0131 rayon \u0130sa M\u0259mm\u0259dov ad\u0131na tam orta m\u0259kt\u0259bin kolektivi m\u0259rhumun vaxts\u0131z v\u0259fat\u0131ndan k\u0259d\u0259rl\u0259ndiyini bildirir, m\u0259rhumun ail\u0259sin\u0259 yax\u0131nlar\u0131na d\u0259rin h\u00fcznl\u0259 ba\u015fsa\u011fl\u0131\u011f\u0131 verir. Allah r\u0259hm\u0259t el\u0259sin!\u201d.<\/p>\n","protected":false},"author":2,"featured_media":95939,"comment_status":"closed","ping_status":"closed","sticky":false,"template":"","format":"standard","meta":{"om_disable_all_campaigns":false,"_monsterinsights_skip_tracking":false,"_monsterinsights_sitenote_active":false,"_monsterinsights_sitenote_note":"","_monsterinsights_sitenote_category":0},"categories":[1],"tags":[],"aioseo_notices":[],"gutentor_comment":0,"rttpg_featured_image_url":{"full":["https:\/\/arantv.az\/wp-content\/uploads\/2019\/11\/BA\u015eSA\u011eLI\u011eI.jpg",490,302,false],"landscape":["https:\/\/arantv.az\/wp-content\/uploads\/2019\/11\/BA\u015eSA\u011eLI\u011eI.jpg",490,302,false],"portraits":["https:\/\/arantv.az\/wp-content\/uploads\/2019\/11\/BA\u015eSA\u011eLI\u011eI.jpg",490,302,false],"thumbnail":["https:\/\/arantv.az\/wp-content\/uploads\/2019\/11\/BA\u015eSA\u011eLI\u011eI-150x150.jpg",150,150,true],"medium":["https:\/\/arantv.az\/wp-content\/uploads\/2019\/11\/BA\u015eSA\u011eLI\u011eI-300x185.jpg",300,185,true],"large":["https:\/\/arantv.az\/wp-content\/uploads\/2019\/11\/BA\u015eSA\u011eLI\u011eI.jpg",490,302,false],"1536x1536":["https:\/\/arantv.az\/wp-content\/uploads\/2019\/11\/BA\u015eSA\u011eLI\u011eI.jpg",490,302,false],"2048x2048":["https:\/\/arantv.az\/wp-content\/uploads\/2019\/11\/BA\u015eSA\u011eLI\u011eI.jpg",490,302,false],"post-thumbnail":["https:\/\/arantv.az\/wp-content\/uploads\/2019\/11\/BA\u015eSA\u011eLI\u011eI-240x172.jpg",240,172,true],"advps-thumb-one":["https:\/\/arantv.az\/wp-content\/uploads\/2019\/11\/BA\u015eSA\u011eLI\u011eI.jpg",490,302,false]},"rttpg_author":{"display_name":"V\u00fcsal Rafiqo\u011flu","author_link":"https:\/\/arantv.az\/?author=2"},"rttpg_comment":0,"rttpg_category":"<a href=\"https:\/\/arantv.az\/?cat=1\" rel=\"category\">C\u0259miyy\u0259t<\/a>","rttpg_excerpt":"Qubadl\u0131 rayon \u0130sa M\u0259mm\u0259dov ad\u0131na tam orta m\u0259kt\u0259bin direktoru Alahverdiyev Allahver\u0259n Polad o\u011flunun o\u011flu Allahverdiyev Polad Allahver\u0259n o\u011flu 29 ya\u015f\u0131nda 13.11.2019 cu il\u00a0 \u00a0tarixind\u0259 v\u0259fat etmi\u015fdir. ARANTV.AZ\u00a0 \u00a0v\u0259\u00a0 Qubadl\u0131 rayon \u0130sa M\u0259mm\u0259dov ad\u0131na tam orta m\u0259kt\u0259bin kolektivi m\u0259rhumun vaxts\u0131z v\u0259fat\u0131ndan k\u0259d\u0259rl\u0259ndiyini bildirir, m\u0259rhumun ail\u0259sin\u0259 yax\u0131nlar\u0131na d\u0259rin h\u00fcznl\u0259 ba\u015fsa\u011fl\u0131\u011f\u0131 verir. Allah r\u0259hm\u0259t el\u0259sin!\u201d.","_links":{"self":[{"href":"https:\/\/arantv.az\/index.php?rest_route=\/wp\/v2\/posts\/95938"}],"collection":[{"href":"https:\/\/arantv.az\/index.php?rest_route=\/wp\/v2\/posts"}],"about":[{"href":"https:\/\/arantv.az\/index.php?rest_route=\/wp\/v2\/types\/post"}],"author":[{"embeddable":true,"href":"https:\/\/arantv.az\/index.php?rest_route=\/wp\/v2\/users\/2"}],"replies":[{"embeddable":true,"href":"https:\/\/arantv.az\/index.php?rest_route=%2Fwp%2Fv2%2Fcomments&post=95938"}],"version-history":[{"count":0,"href":"https:\/\/arantv.az\/index.php?rest_route=\/wp\/v2\/posts\/95938\/revisions"}],"wp:featuredmedia":[{"embeddable":true,"href":"https:\/\/arantv.az\/index.php?rest_route=\/wp\/v2\/media\/95939"}],"wp:attachment":[{"href":"https:\/\/arantv.az\/index.php?rest_route=%2Fwp%2Fv2%2Fmedia&parent=95938"}],"wp:term":[{"taxonomy":"category","embeddable":true,"href":"https:\/\/arantv.az\/index.php?rest_route=%2Fwp%2Fv2%2Fcategories&post=95938"},{"taxonomy":"post_tag","embeddable":true,"href":"https:\/\/arantv.az\/index.php?rest_route=%2Fwp%2Fv2%2Ftags&post=95938"}],"curies":[{"name":"wp","href":"https:\/\/api.w.org\/{rel}","templated":true}]}}