{"id":95942,"date":"2019-11-13T15:52:38","date_gmt":"2019-11-13T12:52:38","guid":{"rendered":"http:\/\/arantv.az\/?p=95942"},"modified":"2019-11-13T15:52:38","modified_gmt":"2019-11-13T12:52:38","slug":"ceyhun-bayramov-az%c9%99rbaycanda-tolerantliq-anlayislari-muxt%c9%99lif-f%c9%99nl%c9%99r-c%c9%99rciv%c9%99sind%c9%99-sagirdl%c9%99r%c9%99-catdirilir","status":"publish","type":"post","link":"https:\/\/arantv.az\/?p=95942","title":{"rendered":"Ceyhun Bayramov: &#8220;Az\u0259rbaycanda tolerantl\u0131q anlay\u0131\u015flar\u0131 m\u00fcxt\u0259lif f\u0259nl\u0259r \u00e7\u0259r\u00e7iv\u0259sind\u0259 \u015fagirdl\u0259r\u0259 \u00e7atd\u0131r\u0131l\u0131r&#8221;"},"content":{"rendered":"<p><strong>Az\u0259rbaycanda multikulturalizm \u0259n\u0259n\u0259l\u0259rinin g\u0259nc n\u0259sl\u0259 \u00e7atd\u0131r\u0131lmas\u0131 m\u0259qs\u0259dil\u0259 m\u0259kt\u0259bl\u0259rd\u0259 tolerantl\u0131q v\u0259 qar\u015f\u0131l\u0131ql\u0131 h\u00f6rm\u0259t anlay\u0131\u015flar\u0131 m\u00fcxt\u0259lif f\u0259nl\u0259r \u00e7\u0259r\u00e7iv\u0259sind\u0259 \u015fagirdl\u0259r\u0259 \u00e7atd\u0131r\u0131l\u0131r.<\/strong><\/p>\n<p><strong>ARANTV.AZ<\/strong>\u00a0<a href=\"http:\/\/az.trend.az\/\" target=\"_blank\" rel=\"noopener\">Trend<\/a>-\u0259 istinad\u0259n bildirir ki,\u00a0bunu T\u0259hsil naziri Ceyhun Bayramov YUNESKO-nun 40-c\u0131 Ba\u015f konfrans\u0131 \u00e7\u0259r\u00e7iv\u0259sind\u0259 t\u0259\u015fkil olunan &#8220;M\u0259kt\u0259bl\u0259r v\u0259 ekstremizm, v\u0259sv\u0259s\u0259 v\u0259 d\u00f6z\u00fcms\u00fczl\u00fck \u00e7a\u011f\u0131r\u0131\u015flar\u0131: m\u00fcv\u0259ff\u0259qiyy\u0259t v\u0259 u\u011fursuzluqlar; bu hallar\u0131n qar\u015f\u0131s\u0131n\u0131n al\u0131nmas\u0131 \u00fc\u00e7\u00fcn hans\u0131 effektiv strategiyalar m\u00f6vcuddur?&#8221; adl\u0131 t\u0259dbird\u0259 deyib.<\/p>\n<p>T\u0259hsil naziri multikulturalizm \u0259n\u0259n\u0259l\u0259rinin g\u0259nc n\u0259sl\u0259 \u00e7atd\u0131r\u0131lmas\u0131 m\u0259qs\u0259dil\u0259 ali t\u0259hsil m\u00fc\u0259ssis\u0259l\u0259rinin bakalavriat s\u0259viyy\u0259sind\u0259 &#8220;Multikulturalizmin \u0259saslar\u0131&#8221;, magistratura s\u0259viyy\u0259sind\u0259 is\u0259 &#8220;Az\u0259rbaycanda multikulturalizm&#8221; f\u0259nl\u0259rinin t\u0259dris olundu\u011funu da qeyd edib.<\/p>\n<p>C.Bayramov Az\u0259rbaycanda m\u00fcxt\u0259lif xalqlar, dinl\u0259r v\u0259 m\u0259d\u0259niyy\u0259tl\u0259r aras\u0131nda \u0259srl\u0259r boyu formala\u015fm\u0131\u015f qar\u015f\u0131l\u0131ql\u0131 h\u00f6rm\u0259t m\u00fcnasib\u0259tl\u0259rinin oldu\u011funu s\u00f6yl\u0259yib. O, bu \u0259n\u0259n\u0259l\u0259rin davam v\u0259 inki\u015faf etdirilm\u0259sinin d\u00f6vl\u0259t siyas\u0259tinin t\u0259rkib hiss\u0259si oldu\u011funu vur\u011fulay\u0131b.<\/p>\n<div>\n<div id=\"AdviadNativeVideo0\" class=\"AdviadNativeVideo\"><\/div>\n<\/div>\n<p>Nazir h\u0259m\u00e7inin Az\u0259rbaycan\u0131n ekstremizmd\u0259n \u0259ziyy\u0259t \u00e7\u0259km\u0259si, \u00f6lk\u0259nin suveren \u0259razisinin 20 faizinin Erm\u0259nistan t\u0259r\u0259find\u0259n i\u015f\u011fal edilm\u0259si, Xocal\u0131da dinc \u0259halinin soyq\u0131r\u0131ma m\u0259ruz qalmas\u0131 faktlar\u0131n\u0131 t\u0259dbir i\u015ftirak\u00e7\u0131lar\u0131n\u0131n diqq\u0259tin\u0259 \u00e7atd\u0131r\u0131b.<\/p>\n<p>T\u0259dbird\u0259 Fransa Respublikas\u0131, \u0130sve\u00e7 Krall\u0131\u011f\u0131, Bolqar\u0131stan Respublikas\u0131, Tunis Respublikas\u0131, Serbiya Respublikas\u0131, Uqanda Respublikas\u0131, Mali Respublikas\u0131, el\u0259c\u0259 d\u0259 Erm\u0259nistan Respublikas\u0131n\u0131n t\u0259hsil nazirl\u0259ri, YUNESKO-nun ke\u00e7mi\u015f Ba\u015f direktoru \u0130rina Bokova v\u0259 Fransan\u0131n sabiq Ba\u015f naziri Jan-Pier Raffarin i\u015ftirak edib.<\/p>\n","protected":false},"excerpt":{"rendered":"<p>Az\u0259rbaycanda multikulturalizm \u0259n\u0259n\u0259l\u0259rinin g\u0259nc n\u0259sl\u0259 \u00e7atd\u0131r\u0131lmas\u0131 m\u0259qs\u0259dil\u0259 m\u0259kt\u0259bl\u0259rd\u0259 tolerantl\u0131q v\u0259 qar\u015f\u0131l\u0131ql\u0131 h\u00f6rm\u0259t anlay\u0131\u015flar\u0131 m\u00fcxt\u0259lif f\u0259nl\u0259r \u00e7\u0259r\u00e7iv\u0259sind\u0259 \u015fagirdl\u0259r\u0259 \u00e7atd\u0131r\u0131l\u0131r. ARANTV.AZ\u00a0Trend-\u0259 istinad\u0259n bildirir ki,\u00a0bunu T\u0259hsil naziri Ceyhun Bayramov YUNESKO-nun 40-c\u0131 Ba\u015f konfrans\u0131 \u00e7\u0259r\u00e7iv\u0259sind\u0259 t\u0259\u015fkil olunan &#8220;M\u0259kt\u0259bl\u0259r v\u0259 ekstremizm, v\u0259sv\u0259s\u0259 v\u0259 d\u00f6z\u00fcms\u00fczl\u00fck \u00e7a\u011f\u0131r\u0131\u015flar\u0131: m\u00fcv\u0259ff\u0259qiyy\u0259t v\u0259 u\u011fursuzluqlar; bu hallar\u0131n qar\u015f\u0131s\u0131n\u0131n al\u0131nmas\u0131 \u00fc\u00e7\u00fcn hans\u0131 effektiv strategiyalar m\u00f6vcuddur?&#8221; adl\u0131 t\u0259dbird\u0259 deyib. T\u0259hsil naziri multikulturalizm \u0259n\u0259n\u0259l\u0259rinin g\u0259nc n\u0259sl\u0259 \u00e7atd\u0131r\u0131lmas\u0131 m\u0259qs\u0259dil\u0259 ali t\u0259hsil m\u00fc\u0259ssis\u0259l\u0259rinin bakalavriat s\u0259viyy\u0259sind\u0259 &#8220;Multikulturalizmin \u0259saslar\u0131&#8221;, magistratura s\u0259viyy\u0259sind\u0259 is\u0259 &#8220;Az\u0259rbaycanda multikulturalizm&#8221; f\u0259nl\u0259rinin t\u0259dris olundu\u011funu da qeyd edib. C.Bayramov Az\u0259rbaycanda m\u00fcxt\u0259lif xalqlar, dinl\u0259r v\u0259 m\u0259d\u0259niyy\u0259tl\u0259r aras\u0131nda \u0259srl\u0259r&hellip;<\/p>\n","protected":false},"author":2,"featured_media":95943,"comment_status":"closed","ping_status":"closed","sticky":false,"template":"","format":"standard","meta":{"om_disable_all_campaigns":false,"_monsterinsights_skip_tracking":false,"_monsterinsights_sitenote_active":false,"_monsterinsights_sitenote_note":"","_monsterinsights_sitenote_category":0},"categories":[23],"tags":[],"aioseo_notices":[],"gutentor_comment":0,"rttpg_featured_image_url":{"full":["https:\/\/arantv.az\/wp-content\/uploads\/2019\/11\/ceyhun_bayramov_064.jpg",800,600,false],"landscape":["https:\/\/arantv.az\/wp-content\/uploads\/2019\/11\/ceyhun_bayramov_064.jpg",800,600,false],"portraits":["https:\/\/arantv.az\/wp-content\/uploads\/2019\/11\/ceyhun_bayramov_064.jpg",800,600,false],"thumbnail":["https:\/\/arantv.az\/wp-content\/uploads\/2019\/11\/ceyhun_bayramov_064-150x150.jpg",150,150,true],"medium":["https:\/\/arantv.az\/wp-content\/uploads\/2019\/11\/ceyhun_bayramov_064-300x225.jpg",300,225,true],"large":["https:\/\/arantv.az\/wp-content\/uploads\/2019\/11\/ceyhun_bayramov_064.jpg",640,480,false],"1536x1536":["https:\/\/arantv.az\/wp-content\/uploads\/2019\/11\/ceyhun_bayramov_064.jpg",800,600,false],"2048x2048":["https:\/\/arantv.az\/wp-content\/uploads\/2019\/11\/ceyhun_bayramov_064.jpg",800,600,false],"post-thumbnail":["https:\/\/arantv.az\/wp-content\/uploads\/2019\/11\/ceyhun_bayramov_064-240x172.jpg",240,172,true],"advps-thumb-one":["https:\/\/arantv.az\/wp-content\/uploads\/2019\/11\/ceyhun_bayramov_064.jpg",800,600,false]},"rttpg_author":{"display_name":"V\u00fcsal Rafiqo\u011flu","author_link":"https:\/\/arantv.az\/?author=2"},"rttpg_comment":0,"rttpg_category":"<a href=\"https:\/\/arantv.az\/?cat=23\" rel=\"category\">T\u0259hsil<\/a>","rttpg_excerpt":"Az\u0259rbaycanda multikulturalizm \u0259n\u0259n\u0259l\u0259rinin g\u0259nc n\u0259sl\u0259 \u00e7atd\u0131r\u0131lmas\u0131 m\u0259qs\u0259dil\u0259 m\u0259kt\u0259bl\u0259rd\u0259 tolerantl\u0131q v\u0259 qar\u015f\u0131l\u0131ql\u0131 h\u00f6rm\u0259t anlay\u0131\u015flar\u0131 m\u00fcxt\u0259lif f\u0259nl\u0259r \u00e7\u0259r\u00e7iv\u0259sind\u0259 \u015fagirdl\u0259r\u0259 \u00e7atd\u0131r\u0131l\u0131r. ARANTV.AZ\u00a0Trend-\u0259 istinad\u0259n bildirir ki,\u00a0bunu T\u0259hsil naziri Ceyhun Bayramov YUNESKO-nun 40-c\u0131 Ba\u015f konfrans\u0131 \u00e7\u0259r\u00e7iv\u0259sind\u0259 t\u0259\u015fkil olunan &#8220;M\u0259kt\u0259bl\u0259r v\u0259 ekstremizm, v\u0259sv\u0259s\u0259 v\u0259 d\u00f6z\u00fcms\u00fczl\u00fck \u00e7a\u011f\u0131r\u0131\u015flar\u0131: m\u00fcv\u0259ff\u0259qiyy\u0259t v\u0259 u\u011fursuzluqlar; bu hallar\u0131n qar\u015f\u0131s\u0131n\u0131n al\u0131nmas\u0131 \u00fc\u00e7\u00fcn hans\u0131 effektiv strategiyalar m\u00f6vcuddur?&#8221; adl\u0131 t\u0259dbird\u0259 deyib.&hellip;","_links":{"self":[{"href":"https:\/\/arantv.az\/index.php?rest_route=\/wp\/v2\/posts\/95942"}],"collection":[{"href":"https:\/\/arantv.az\/index.php?rest_route=\/wp\/v2\/posts"}],"about":[{"href":"https:\/\/arantv.az\/index.php?rest_route=\/wp\/v2\/types\/post"}],"author":[{"embeddable":true,"href":"https:\/\/arantv.az\/index.php?rest_route=\/wp\/v2\/users\/2"}],"replies":[{"embeddable":true,"href":"https:\/\/arantv.az\/index.php?rest_route=%2Fwp%2Fv2%2Fcomments&post=95942"}],"version-history":[{"count":0,"href":"https:\/\/arantv.az\/index.php?rest_route=\/wp\/v2\/posts\/95942\/revisions"}],"wp:featuredmedia":[{"embeddable":true,"href":"https:\/\/arantv.az\/index.php?rest_route=\/wp\/v2\/media\/95943"}],"wp:attachment":[{"href":"https:\/\/arantv.az\/index.php?rest_route=%2Fwp%2Fv2%2Fmedia&parent=95942"}],"wp:term":[{"taxonomy":"category","embeddable":true,"href":"https:\/\/arantv.az\/index.php?rest_route=%2Fwp%2Fv2%2Fcategories&post=95942"},{"taxonomy":"post_tag","embeddable":true,"href":"https:\/\/arantv.az\/index.php?rest_route=%2Fwp%2Fv2%2Ftags&post=95942"}],"curies":[{"name":"wp","href":"https:\/\/api.w.org\/{rel}","templated":true}]}}