{"id":95957,"date":"2019-11-13T15:59:22","date_gmt":"2019-11-13T12:59:22","guid":{"rendered":"http:\/\/arantv.az\/?p=95957"},"modified":"2019-11-13T15:59:22","modified_gmt":"2019-11-13T12:59:22","slug":"ehtiyac-meyari-l%c9%99gv-edilsin-milli-m%c9%99clisd%c9%99-m%c9%99s%c9%99l%c9%99-qaldirildi","status":"publish","type":"post","link":"https:\/\/arantv.az\/?p=95957","title":{"rendered":"Ehtiyac meyar\u0131 l\u0259\u011fv edilsin &#8211; Milli M\u0259clisd\u0259 m\u0259s\u0259l\u0259 qald\u0131r\u0131ld\u0131"},"content":{"rendered":"<p>Az\u0259rbaycanda ehtiyac meyar\u0131n\u0131n l\u0259\u011fv olunmas\u0131 t\u0259klif edilir.<\/p>\n<p><b>ARANTV.AZ<\/b>-\u0131n x\u0259b\u0259rin\u0259 g\u00f6r\u0259, bunu Milli M\u0259clisin iclas\u0131nda deputat \u018fli M\u0259simli b\u00fcdc\u0259 m\u00fczakir\u0259l\u0259ri zaman\u0131 deyib.<\/p>\n<p>O bildirib ki, d\u0259f\u0259l\u0259rl\u0259 bu m\u0259s\u0259l\u0259ni Az\u0259rbaycan parlamentinin s\u0259dri d\u0259 qald\u0131r\u0131b.<\/p>\n<div id=\"AdviadNativeVideo0\" class=\"AdviadNativeVideo\"><\/div>\n<p>Onun s\u00f6zl\u0259rin\u0259 g\u00f6r\u0259, bir ne\u00e7\u0259 il bundan \u0259vv\u0259l bel\u0259 bir stereotip var idi ki, ya\u015fay\u0131\u015f minimumunu v\u0259 minimum \u0259m\u0259khaqq\u0131n\u0131 bir-birin\u0259 yax\u0131nla\u015fd\u0131rma\u011fa uzun ill\u0259r t\u0259l\u0259b olunur.<\/p>\n<p>\u201cAmma Prezidentin bir f\u0259rman\u0131 il\u0259 minimum \u0259m\u0259khaqq\u0131 ya\u015fay\u0131\u015f minumumuna yax\u0131nla\u015fd\u0131r\u0131ld\u0131. Haz\u0131rda ondan da yuxar\u0131d\u0131r. Ona g\u00f6r\u0259 d\u0259 ehtiyac meyar\u0131n\u0131n l\u0259\u011fv olunmas\u0131 m\u0259s\u0259l\u0259sini d\u0259 h\u0259ll etm\u0259k olar. Bu m\u0259s\u0259l\u0259 n\u0259 q\u0259d\u0259r tez h\u0259ll olunsa, bir o q\u0259d\u0259r yax\u015f\u0131d\u0131r\u201d.<\/p>\n<p>Qeyd ed\u0259k ki, 2020-ci il \u00fc\u00e7\u00fcn \u00fcnvanl\u0131 d\u00f6vl\u0259t sosial yard\u0131m\u0131n\u0131n t\u0259yin edilm\u0259si m\u0259qs\u0259dil\u0259 ehtiyac meyar\u0131n\u0131n h\u0259ddi 160 manat m\u0259bl\u0259\u011find\u0259 m\u00fc\u0259yy\u0259n olunub.<\/p>\n<p>Ya\u015fay\u0131\u015f minimumu is\u0259 \u00f6lk\u0259 \u00fczr\u0259 190 manat, \u0259m\u0259k qabiliyy\u0259tli \u0259hali \u00fc\u00e7\u00fcn 201 manat, pensiya\u00e7\u0131lar \u00fc\u00e7\u00fcn 157 manat, u\u015faqlar \u00fc\u00e7\u00fcn 170 manat m\u00fc\u0259yy\u0259n edilib.Oxu.Az<\/p>\n","protected":false},"excerpt":{"rendered":"<p>Az\u0259rbaycanda ehtiyac meyar\u0131n\u0131n l\u0259\u011fv olunmas\u0131 t\u0259klif edilir. ARANTV.AZ-\u0131n x\u0259b\u0259rin\u0259 g\u00f6r\u0259, bunu Milli M\u0259clisin iclas\u0131nda deputat \u018fli M\u0259simli b\u00fcdc\u0259 m\u00fczakir\u0259l\u0259ri zaman\u0131 deyib. O bildirib ki, d\u0259f\u0259l\u0259rl\u0259 bu m\u0259s\u0259l\u0259ni Az\u0259rbaycan parlamentinin s\u0259dri d\u0259 qald\u0131r\u0131b. Onun s\u00f6zl\u0259rin\u0259 g\u00f6r\u0259, bir ne\u00e7\u0259 il bundan \u0259vv\u0259l bel\u0259 bir stereotip var idi ki, ya\u015fay\u0131\u015f minimumunu v\u0259 minimum \u0259m\u0259khaqq\u0131n\u0131 bir-birin\u0259 yax\u0131nla\u015fd\u0131rma\u011fa uzun ill\u0259r t\u0259l\u0259b olunur. \u201cAmma Prezidentin bir f\u0259rman\u0131 il\u0259 minimum \u0259m\u0259khaqq\u0131 ya\u015fay\u0131\u015f minumumuna yax\u0131nla\u015fd\u0131r\u0131ld\u0131. Haz\u0131rda ondan da yuxar\u0131d\u0131r. Ona g\u00f6r\u0259 d\u0259 ehtiyac meyar\u0131n\u0131n l\u0259\u011fv olunmas\u0131 m\u0259s\u0259l\u0259sini d\u0259 h\u0259ll etm\u0259k olar. Bu m\u0259s\u0259l\u0259 n\u0259 q\u0259d\u0259r tez h\u0259ll olunsa,&hellip;<\/p>\n","protected":false},"author":2,"featured_media":95958,"comment_status":"closed","ping_status":"closed","sticky":false,"template":"","format":"standard","meta":{"om_disable_all_campaigns":false,"_monsterinsights_skip_tracking":false,"_monsterinsights_sitenote_active":false,"_monsterinsights_sitenote_note":"","_monsterinsights_sitenote_category":0},"categories":[1],"tags":[],"aioseo_notices":[],"gutentor_comment":0,"rttpg_featured_image_url":{"full":["https:\/\/arantv.az\/wp-content\/uploads\/2019\/11\/ROM8836-2.jpg",620,413,false],"landscape":["https:\/\/arantv.az\/wp-content\/uploads\/2019\/11\/ROM8836-2.jpg",620,413,false],"portraits":["https:\/\/arantv.az\/wp-content\/uploads\/2019\/11\/ROM8836-2.jpg",620,413,false],"thumbnail":["https:\/\/arantv.az\/wp-content\/uploads\/2019\/11\/ROM8836-2-150x150.jpg",150,150,true],"medium":["https:\/\/arantv.az\/wp-content\/uploads\/2019\/11\/ROM8836-2-300x200.jpg",300,200,true],"large":["https:\/\/arantv.az\/wp-content\/uploads\/2019\/11\/ROM8836-2.jpg",620,413,false],"1536x1536":["https:\/\/arantv.az\/wp-content\/uploads\/2019\/11\/ROM8836-2.jpg",620,413,false],"2048x2048":["https:\/\/arantv.az\/wp-content\/uploads\/2019\/11\/ROM8836-2.jpg",620,413,false],"post-thumbnail":["https:\/\/arantv.az\/wp-content\/uploads\/2019\/11\/ROM8836-2-240x172.jpg",240,172,true],"advps-thumb-one":["https:\/\/arantv.az\/wp-content\/uploads\/2019\/11\/ROM8836-2.jpg",620,413,false]},"rttpg_author":{"display_name":"V\u00fcsal Rafiqo\u011flu","author_link":"https:\/\/arantv.az\/?author=2"},"rttpg_comment":0,"rttpg_category":"<a href=\"https:\/\/arantv.az\/?cat=1\" rel=\"category\">C\u0259miyy\u0259t<\/a>","rttpg_excerpt":"Az\u0259rbaycanda ehtiyac meyar\u0131n\u0131n l\u0259\u011fv olunmas\u0131 t\u0259klif edilir. ARANTV.AZ-\u0131n x\u0259b\u0259rin\u0259 g\u00f6r\u0259, bunu Milli M\u0259clisin iclas\u0131nda deputat \u018fli M\u0259simli b\u00fcdc\u0259 m\u00fczakir\u0259l\u0259ri zaman\u0131 deyib. O bildirib ki, d\u0259f\u0259l\u0259rl\u0259 bu m\u0259s\u0259l\u0259ni Az\u0259rbaycan parlamentinin s\u0259dri d\u0259 qald\u0131r\u0131b. Onun s\u00f6zl\u0259rin\u0259 g\u00f6r\u0259, bir ne\u00e7\u0259 il bundan \u0259vv\u0259l bel\u0259 bir stereotip var idi ki, ya\u015fay\u0131\u015f minimumunu v\u0259 minimum \u0259m\u0259khaqq\u0131n\u0131 bir-birin\u0259 yax\u0131nla\u015fd\u0131rma\u011fa uzun ill\u0259r&hellip;","_links":{"self":[{"href":"https:\/\/arantv.az\/index.php?rest_route=\/wp\/v2\/posts\/95957"}],"collection":[{"href":"https:\/\/arantv.az\/index.php?rest_route=\/wp\/v2\/posts"}],"about":[{"href":"https:\/\/arantv.az\/index.php?rest_route=\/wp\/v2\/types\/post"}],"author":[{"embeddable":true,"href":"https:\/\/arantv.az\/index.php?rest_route=\/wp\/v2\/users\/2"}],"replies":[{"embeddable":true,"href":"https:\/\/arantv.az\/index.php?rest_route=%2Fwp%2Fv2%2Fcomments&post=95957"}],"version-history":[{"count":0,"href":"https:\/\/arantv.az\/index.php?rest_route=\/wp\/v2\/posts\/95957\/revisions"}],"wp:featuredmedia":[{"embeddable":true,"href":"https:\/\/arantv.az\/index.php?rest_route=\/wp\/v2\/media\/95958"}],"wp:attachment":[{"href":"https:\/\/arantv.az\/index.php?rest_route=%2Fwp%2Fv2%2Fmedia&parent=95957"}],"wp:term":[{"taxonomy":"category","embeddable":true,"href":"https:\/\/arantv.az\/index.php?rest_route=%2Fwp%2Fv2%2Fcategories&post=95957"},{"taxonomy":"post_tag","embeddable":true,"href":"https:\/\/arantv.az\/index.php?rest_route=%2Fwp%2Fv2%2Ftags&post=95957"}],"curies":[{"name":"wp","href":"https:\/\/api.w.org\/{rel}","templated":true}]}}