{"id":95961,"date":"2019-11-13T16:01:00","date_gmt":"2019-11-13T13:01:00","guid":{"rendered":"http:\/\/arantv.az\/?p=95961"},"modified":"2019-11-13T16:01:00","modified_gmt":"2019-11-13T13:01:00","slug":"allahsukur-pasazad%c9%99-kecid-dovrund%c9%99-b%c9%99zil%c9%99ri-islam-p%c9%99rd%c9%99si-arxasinda-gizl%c9%99n%c9%99r%c9%99k-qarsidurmaya-cagiris-edir","status":"publish","type":"post","link":"https:\/\/arantv.az\/?p=95961","title":{"rendered":"Allah\u015f\u00fck\u00fcr Pa\u015fazad\u0259: Ke\u00e7id d\u00f6vr\u00fcnd\u0259 b\u0259zil\u0259ri \u0130slam p\u0259rd\u0259si arxas\u0131nda gizl\u0259n\u0259r\u0259k, qar\u015f\u0131durmaya \u00e7a\u011f\u0131r\u0131\u015f edir"},"content":{"rendered":"<p>Qafqaz M\u00fcs\u0259lmanlar\u0131 \u0130dar\u0259sinin s\u0259dri, \u015eeyx\u00fclislam Hac\u0131 Allah\u015f\u00fck\u00fcr Pa\u015fazad\u0259 Bak\u0131da d\u00fcnyan\u0131n dini liderl\u0259rinin II sammiti \u0259r\u0259f\u0259sind\u0259 Rusiyan\u0131n\u00a0<a href=\"https:\/\/tass.ru\/interviews\/7107910?fbclid=IwAR2TbHcCTUMjQ2Ydvm8PgyFoPWVjQmBtIBOx1WREMLq-8YuSQHgcUGwGAjo\" target=\"_blank\" rel=\"noopener\">TASS<\/a>\u00a0agentliyinin ba\u015f direktorunun birinci m\u00fcavini Mixail Qusmana m\u00fcsahib\u0259 verib.<\/p>\n<p><b>ARANTV.AZ<\/b> h\u0259min m\u00fcsahib\u0259nin b\u0259zi hiss\u0259l\u0259rini t\u0259qdim edir:<\/p>\n<p><strong>&#8211; Bak\u0131da ba\u015f tutacaq sammitd\u0259n n\u0259l\u0259r g\u00f6zl\u0259yirsiniz? \u00dcmumiyy\u0259tl\u0259, planetin dini h\u0259yat\u0131nda x\u00fcsusi yer tutacaq bu zirv\u0259 g\u00f6r\u00fc\u015f\u00fc \u00fc\u00e7\u00fcn hans\u0131 h\u0259d\u0259fl\u0259r qoyursunuz?<\/strong><\/p>\n<div id=\"AdviadNativeVideo0\" class=\"AdviadNativeVideo\"><\/div>\n<p>&#8211; Bu g\u00fcn d\u00fcnyada m\u00fcr\u0259kk\u0259b prosesl\u0259r gedir v\u0259 insanlar\u0131n bir-birini tan\u0131mas\u0131, bir-birini ba\u015fa d\u00fc\u015fm\u0259si v\u0259 ba\u015f ver\u0259nl\u0259r\u0259 m\u00fcnasib\u0259t bildirm\u0259l\u0259ri laz\u0131md\u0131r. T\u0259\u0259ss\u00fcf edir\u0259m ki, bu g\u00fcn d\u00fcnyan\u0131n m\u00fc\u0259yy\u0259n bir hiss\u0259sind\u0259 ya\u015fayan m\u00fcs\u0259lmanlar, m\u0259s\u0259l\u0259n, BMT k\u00fcrs\u00fcs\u00fcnd\u0259n \u00f6z fikirl\u0259rini bildirm\u0259k iqtidar\u0131nda deyill\u0259r. \u00c7ox ist\u0259rdim ki, BMT k\u00fcrs\u00fcs\u00fcnd\u0259n g\u0259l\u0259n din xadiml\u0259ri d\u0259 \u00f6z s\u00f6zl\u0259rini s\u00f6yl\u0259sinl\u0259r. Bunu siyas\u0259t\u00e7il\u0259r ed\u0259 bil\u0259r.<\/p>\n<p>Zirv\u0259 g\u00f6r\u00fc\u015f\u00fcnd\u0259 25 dini m\u0259zh\u0259bin n\u00fcmay\u0259nd\u0259l\u0259ri, habel\u0259 b\u0259zi d\u00f6vl\u0259tl\u0259rin r\u0259hb\u0259rl\u0259ri v\u0259 parlament s\u0259drl\u0259ri i\u015ftirak ed\u0259c\u0259kl\u0259r. Bu, bel\u0259 konfranslar\u0131n \u0259h\u0259miyy\u0259tind\u0259n x\u0259b\u0259r verir.<\/p>\n<p>Bu t\u0259dbirin ke\u00e7irilm\u0259sinin t\u0259klifi Az\u0259rbaycan Prezidenti \u0130lham \u018fliyevd\u0259n g\u0259lib. \u00dcmid edir\u0259m v\u0259 \u0259min\u0259m ki, d\u00fcnyan\u0131n m\u00fcxt\u0259lif \u00f6lk\u0259l\u0259rind\u0259n 600-\u0259 yax\u0131n m\u00fcxt\u0259lif dinl\u0259rin n\u00fcmay\u0259nd\u0259l\u0259rinin bu sammitd\u0259 i\u015ftirak\u0131, bu sammitd\u0259 q\u0259bul edil\u0259c\u0259k b\u0259yannam\u0259l\u0259r d\u00fcnya ictimaiyy\u0259tin\u0259, d\u00fcnya siyas\u0259tin\u0259 m\u00fcsb\u0259t t\u0259sir g\u00f6st\u0259r\u0259c\u0259k.<\/p>\n<p><img src=\"https:\/\/assets.oxu.az\/uploads\/W1siZiIsIjIwMTkvMTEvMTMvMTUvNTUvMTgvZGFmYWRmNmUtZWZhYi00MGYzLThjODctODRkNDJmMDA1NzIzLzIuanBnIl0sWyJwIiwiZW5jb2RlIiwianBnIiwiLXF1YWxpdHkgODAiXSxbInAiLCJ0aHVtYiIsIjU5MHg1OTBcdTAwM2UiXV0?sha=21f83b4e3d74d96f\" alt=\"\" \/><\/p>\n<p><strong>&#8211; Haz\u0131rda islam d\u00fcnyas\u0131ndan v\u0259ziyy\u0259t stabil deyil. D\u00fcnyada islamofobiya art\u0131b. Sizc\u0259, n\u0259 etm\u0259k laz\u0131md\u0131r ki, islam d\u00fcnyas\u0131nda s\u00fclh olsun v\u0259 \u0130slam dini il\u0259 ba\u011fl\u0131 yanl\u0131\u015f fikirl\u0259r yay\u0131lmas\u0131n?<\/strong><\/p>\n<p>&#8211; Bu, \u00e7ox vacib bir m\u0259s\u0259l\u0259dir. Biz, din xadiml\u0259ri ciddi narahat\u0131q. Bu g\u00fcn antisemitizml\u0259 yana\u015f\u0131, islamofobiya, xristianofobiya da yaran\u0131b. Bu, Avropada, d\u00fcnyan\u0131n dig\u0259r b\u00f6lg\u0259l\u0259rind\u0259 d\u0259 t\u0259sdiql\u0259nir.<\/p>\n<p>\u018flb\u0259tt\u0259, bu, bizi qorxudur. \u0130nan\u0131ram ki, bu zirv\u0259 g\u00f6r\u00fc\u015f\u00fcnd\u0259 q\u0259bul edil\u0259c\u0259k q\u0259rarlar aras\u0131nda \u0259n vacibl\u0259rind\u0259n biri dinl\u0259r, d\u00f6vl\u0259tl\u0259r, xalqlar aras\u0131nda, x\u00fcsus\u0259n siyas\u0259t\u00e7il\u0259r aras\u0131nda m\u00fcnasib\u0259tl\u0259rin d\u00fczg\u00fcn qurulmas\u0131 z\u0259rur\u0259ti m\u0259s\u0259l\u0259si olacaq.<\/p>\n<p>Bu, m\u0259nc\u0259, h\u0259r birimizin, h\u0259r m\u00f6minin, h\u0259r bir dini liderin g\u00fcnah\u0131d\u0131r. Ke\u00e7id d\u00f6vr\u00fcnd\u0259 b\u0259zil\u0259ri \u0130slam p\u0259rd\u0259si arxas\u0131nda gizl\u0259n\u0259r\u0259k, qar\u015f\u0131durmaya \u00e7a\u011f\u0131r\u0131\u015f edir v\u0259 terror\u00e7ulu\u011fa \u00e7a\u011f\u0131r\u0131rlar. Bu, \u0130slam deyil.<\/p>\n<p>Zirv\u0259 g\u00f6r\u00fc\u015f\u00fcnd\u0259 m\u00fczakir\u0259 edil\u0259c\u0259k b\u00fct\u00fcn bu m\u0259s\u0259l\u0259l\u0259rin \u00e7ox vacib oldu\u011funa inan\u0131ram v\u0259 \u015fadam ki, Az\u0259rbaycan onlar\u0131n h\u0259llind\u0259 apar\u0131c\u0131 yerl\u0259rd\u0259n birini tutur.<\/p>\n<p><img src=\"https:\/\/assets.oxu.az\/uploads\/W1siZiIsIjIwMTkvMTEvMTMvMTUvNTUvMTkvNDBhODkzM2UtYmQ5OC00MmQ5LWFlODUtNTkyNDY5Mzk5OTNkLzMuanBnIl0sWyJwIiwiZW5jb2RlIiwianBnIiwiLXF1YWxpdHkgODAiXSxbInAiLCJ0aHVtYiIsIjU5MHg1OTBcdTAwM2UiXV0?sha=983d51649d3f7de9\" alt=\"\" \/><\/p>\n<p><strong>&#8211; Sizin g\u0259l\u0259c\u0259k plan\u0131n\u0131z nec\u0259dir? G\u00fcnd\u0259liyinizd\u0259 hans\u0131 m\u0259s\u0259l\u0259l\u0259r var?<\/strong><\/p>\n<p>&#8211; Qafqazda, Rusiyada, Az\u0259rbaycanda ba\u015f ver\u0259n hadis\u0259l\u0259r m\u0259nim \u00fc\u00e7\u00fcn \u00e7ox vacibdir. Art\u0131q uzun ill\u0259rdir ki, Qafqaz Xalqlar\u0131 Ali Dini \u015euras\u0131n\u0131n s\u0259driy\u0259m. Bu, o dem\u0259kdir ki, m\u0259n\u0259 b\u00fct\u00fcn Qafqaz\u0131n b\u00f6y\u00fckl\u0259ri kimi m\u00fcnasib\u0259t g\u00f6st\u0259rirl\u0259r, onlarla tez-tez g\u00f6r\u00fc\u015f\u00fcr\u0259m.<\/p>\n<p>H\u0259mi\u015f\u0259 onlara deyir\u0259m ki, h\u0259r bir insan ist\u0259r adi insan olsun, ist\u0259r dindar, ist\u0259rs\u0259 d\u0259 din xadimi, ilk n\u00f6vb\u0259d\u0259 \u00f6z \u00f6lk\u0259sinin v\u0259t\u0259nda\u015f\u0131 olmal\u0131d\u0131r, dinin\u0259, d\u00f6vl\u0259tin\u0259 qanun \u00e7\u0259r\u00e7iv\u0259sind\u0259 xidm\u0259t etm\u0259lidir.<\/p>\n<p>M\u0259n he\u00e7 vaxt din xadiml\u0259rini bar\u0131\u015fdan, qarda\u015fl\u0131qdan, yax\u015f\u0131 m\u00fcnasib\u0259tl\u0259rd\u0259n ba\u015fqa bir \u015fey\u0259 \u00e7a\u011f\u0131rmam\u0131\u015fam, m\u0259ni dinl\u0259y\u0259n h\u0259r k\u0259si bir-birin\u0259 k\u00f6m\u0259k etm\u0259y\u0259, m\u00fcnaqi\u015f\u0259l\u0259ri birg\u0259 h\u0259ll etm\u0259y\u0259 \u00e7a\u011f\u0131r\u0131ram. M\u0259n bunu etmi\u015f\u0259m v\u0259 bundan sonra da ed\u0259c\u0259y\u0259m.Oxu.Az<\/p>\n","protected":false},"excerpt":{"rendered":"<p>Qafqaz M\u00fcs\u0259lmanlar\u0131 \u0130dar\u0259sinin s\u0259dri, \u015eeyx\u00fclislam Hac\u0131 Allah\u015f\u00fck\u00fcr Pa\u015fazad\u0259 Bak\u0131da d\u00fcnyan\u0131n dini liderl\u0259rinin II sammiti \u0259r\u0259f\u0259sind\u0259 Rusiyan\u0131n\u00a0TASS\u00a0agentliyinin ba\u015f direktorunun birinci m\u00fcavini Mixail Qusmana m\u00fcsahib\u0259 verib. ARANTV.AZ h\u0259min m\u00fcsahib\u0259nin b\u0259zi hiss\u0259l\u0259rini t\u0259qdim edir: &#8211; Bak\u0131da ba\u015f tutacaq sammitd\u0259n n\u0259l\u0259r g\u00f6zl\u0259yirsiniz? \u00dcmumiyy\u0259tl\u0259, planetin dini h\u0259yat\u0131nda x\u00fcsusi yer tutacaq bu zirv\u0259 g\u00f6r\u00fc\u015f\u00fc \u00fc\u00e7\u00fcn hans\u0131 h\u0259d\u0259fl\u0259r qoyursunuz? &#8211; Bu g\u00fcn d\u00fcnyada m\u00fcr\u0259kk\u0259b prosesl\u0259r gedir v\u0259 insanlar\u0131n bir-birini tan\u0131mas\u0131, bir-birini ba\u015fa d\u00fc\u015fm\u0259si v\u0259 ba\u015f ver\u0259nl\u0259r\u0259 m\u00fcnasib\u0259t bildirm\u0259l\u0259ri laz\u0131md\u0131r. T\u0259\u0259ss\u00fcf edir\u0259m ki, bu g\u00fcn d\u00fcnyan\u0131n m\u00fc\u0259yy\u0259n bir hiss\u0259sind\u0259 ya\u015fayan m\u00fcs\u0259lmanlar, m\u0259s\u0259l\u0259n, BMT k\u00fcrs\u00fcs\u00fcnd\u0259n \u00f6z fikirl\u0259rini bildirm\u0259k iqtidar\u0131nda&hellip;<\/p>\n","protected":false},"author":2,"featured_media":95962,"comment_status":"closed","ping_status":"closed","sticky":false,"template":"","format":"standard","meta":{"om_disable_all_campaigns":false,"_monsterinsights_skip_tracking":false,"_monsterinsights_sitenote_active":false,"_monsterinsights_sitenote_note":"","_monsterinsights_sitenote_category":0},"categories":[4],"tags":[],"aioseo_notices":[],"gutentor_comment":0,"rttpg_featured_image_url":{"full":["https:\/\/arantv.az\/wp-content\/uploads\/2019\/11\/1-5.jpg",620,395,false],"landscape":["https:\/\/arantv.az\/wp-content\/uploads\/2019\/11\/1-5.jpg",620,395,false],"portraits":["https:\/\/arantv.az\/wp-content\/uploads\/2019\/11\/1-5.jpg",620,395,false],"thumbnail":["https:\/\/arantv.az\/wp-content\/uploads\/2019\/11\/1-5-150x150.jpg",150,150,true],"medium":["https:\/\/arantv.az\/wp-content\/uploads\/2019\/11\/1-5-300x191.jpg",300,191,true],"large":["https:\/\/arantv.az\/wp-content\/uploads\/2019\/11\/1-5.jpg",620,395,false],"1536x1536":["https:\/\/arantv.az\/wp-content\/uploads\/2019\/11\/1-5.jpg",620,395,false],"2048x2048":["https:\/\/arantv.az\/wp-content\/uploads\/2019\/11\/1-5.jpg",620,395,false],"post-thumbnail":["https:\/\/arantv.az\/wp-content\/uploads\/2019\/11\/1-5-240x172.jpg",240,172,true],"advps-thumb-one":["https:\/\/arantv.az\/wp-content\/uploads\/2019\/11\/1-5.jpg",620,395,false]},"rttpg_author":{"display_name":"V\u00fcsal Rafiqo\u011flu","author_link":"https:\/\/arantv.az\/?author=2"},"rttpg_comment":0,"rttpg_category":"<a href=\"https:\/\/arantv.az\/?cat=4\" rel=\"category\">Siyas\u0259t<\/a>","rttpg_excerpt":"Qafqaz M\u00fcs\u0259lmanlar\u0131 \u0130dar\u0259sinin s\u0259dri, \u015eeyx\u00fclislam Hac\u0131 Allah\u015f\u00fck\u00fcr Pa\u015fazad\u0259 Bak\u0131da d\u00fcnyan\u0131n dini liderl\u0259rinin II sammiti \u0259r\u0259f\u0259sind\u0259 Rusiyan\u0131n\u00a0TASS\u00a0agentliyinin ba\u015f direktorunun birinci m\u00fcavini Mixail Qusmana m\u00fcsahib\u0259 verib. ARANTV.AZ h\u0259min m\u00fcsahib\u0259nin b\u0259zi hiss\u0259l\u0259rini t\u0259qdim edir: &#8211; Bak\u0131da ba\u015f tutacaq sammitd\u0259n n\u0259l\u0259r g\u00f6zl\u0259yirsiniz? \u00dcmumiyy\u0259tl\u0259, planetin dini h\u0259yat\u0131nda x\u00fcsusi yer tutacaq bu zirv\u0259 g\u00f6r\u00fc\u015f\u00fc \u00fc\u00e7\u00fcn hans\u0131 h\u0259d\u0259fl\u0259r qoyursunuz? &#8211; Bu g\u00fcn&hellip;","_links":{"self":[{"href":"https:\/\/arantv.az\/index.php?rest_route=\/wp\/v2\/posts\/95961"}],"collection":[{"href":"https:\/\/arantv.az\/index.php?rest_route=\/wp\/v2\/posts"}],"about":[{"href":"https:\/\/arantv.az\/index.php?rest_route=\/wp\/v2\/types\/post"}],"author":[{"embeddable":true,"href":"https:\/\/arantv.az\/index.php?rest_route=\/wp\/v2\/users\/2"}],"replies":[{"embeddable":true,"href":"https:\/\/arantv.az\/index.php?rest_route=%2Fwp%2Fv2%2Fcomments&post=95961"}],"version-history":[{"count":0,"href":"https:\/\/arantv.az\/index.php?rest_route=\/wp\/v2\/posts\/95961\/revisions"}],"wp:featuredmedia":[{"embeddable":true,"href":"https:\/\/arantv.az\/index.php?rest_route=\/wp\/v2\/media\/95962"}],"wp:attachment":[{"href":"https:\/\/arantv.az\/index.php?rest_route=%2Fwp%2Fv2%2Fmedia&parent=95961"}],"wp:term":[{"taxonomy":"category","embeddable":true,"href":"https:\/\/arantv.az\/index.php?rest_route=%2Fwp%2Fv2%2Fcategories&post=95961"},{"taxonomy":"post_tag","embeddable":true,"href":"https:\/\/arantv.az\/index.php?rest_route=%2Fwp%2Fv2%2Ftags&post=95961"}],"curies":[{"name":"wp","href":"https:\/\/api.w.org\/{rel}","templated":true}]}}