{"id":95973,"date":"2019-11-13T16:07:41","date_gmt":"2019-11-13T13:07:41","guid":{"rendered":"http:\/\/arantv.az\/?p=95973"},"modified":"2019-11-13T16:07:41","modified_gmt":"2019-11-13T13:07:41","slug":"minimum-pensiya-artirilacaq-nazir-aciqladi","status":"publish","type":"post","link":"https:\/\/arantv.az\/?p=95973","title":{"rendered":"Minimum pensiya art\u0131r\u0131lacaq &#8211; Nazir a\u00e7\u0131qlad\u0131"},"content":{"rendered":"<p>Az\u0259rbaycanda minimum pensiya bir\u00a0il \u0259rzind\u0259 116 manatdan 200 manata \u00e7atd\u0131r\u0131l\u0131b. Davaml\u0131 olaraq bununla ba\u011fl\u0131 i\u015f apar\u0131l\u0131r. \u0130lk d\u0259f\u0259 olaraq, Az\u0259rbaycanda minimum pensiya ya\u015fay\u0131\u015f minimumunun \u00fcz\u0259rind\u0259 oldu.<\/p>\n<p><b>ARANTV.AZ<\/b>-\u0131n x\u0259b\u0259rin\u0259 g\u00f6r\u0259, bunu \u018fm\u0259k v\u0259 \u018fhalinin Sosial M\u00fcdafi\u0259si naziri Sahil Babayev Milli M\u0259clisd\u0259 b\u00fcdc\u0259 m\u00fczakir\u0259l\u0259ri zaman\u0131 deyib.<\/p>\n<p>O bildirib ki, pensiya alan bir \u00e7ox \u015f\u0259xsl\u0259r\u0259, x\u00fcsusil\u0259 d\u0259 \u0259lilliyi olan \u015f\u0259xsl\u0259r\u0259 \u0259lav\u0259 m\u00fcxt\u0259lif t\u0259qa\u00fcdl\u0259r \u00f6d\u0259nilir:<\/p>\n<div id=\"AdviadNativeVideo0\" class=\"AdviadNativeVideo\"><\/div>\n<p>\u201cM\u0259s\u0259l\u0259n Qaraba\u011f m\u00fcharib\u0259si \u0259lilliyi olan \u015f\u0259xsl\u0259r\u0259 250 manata q\u0259d\u0259r m\u00fcst\u0259lif t\u0259qa\u00fcdl\u0259r \u00f6d\u0259nilir, dig\u0259r \u0259lilliyi olan \u015f\u0259xsl\u0259r\u0259 100 manat. Bu kontingent kifay\u0259t q\u0259d\u0259r geni\u015fdir. T\u0259xmin\u0259n pensiya alan \u015f\u0259xsl\u0259r aras\u0131nda 400 min n\u0259f\u0259ri \u0259lav\u0259 t\u0259aq\u00fcdl\u0259r al\u0131r.<\/p>\n<p>Bu proses davaml\u0131 olacaq, Az\u0259rbaycanda minimum pensiyan\u0131n art\u0131r\u0131lmas\u0131 istiqam\u0259tind\u0259 i\u015fl\u0259r g\u00f6r\u00fcl\u0259c\u0259k\u201d.Oxu.Az<\/p>\n","protected":false},"excerpt":{"rendered":"<p>Az\u0259rbaycanda minimum pensiya bir\u00a0il \u0259rzind\u0259 116 manatdan 200 manata \u00e7atd\u0131r\u0131l\u0131b. Davaml\u0131 olaraq bununla ba\u011fl\u0131 i\u015f apar\u0131l\u0131r. \u0130lk d\u0259f\u0259 olaraq, Az\u0259rbaycanda minimum pensiya ya\u015fay\u0131\u015f minimumunun \u00fcz\u0259rind\u0259 oldu. ARANTV.AZ-\u0131n x\u0259b\u0259rin\u0259 g\u00f6r\u0259, bunu \u018fm\u0259k v\u0259 \u018fhalinin Sosial M\u00fcdafi\u0259si naziri Sahil Babayev Milli M\u0259clisd\u0259 b\u00fcdc\u0259 m\u00fczakir\u0259l\u0259ri zaman\u0131 deyib. O bildirib ki, pensiya alan bir \u00e7ox \u015f\u0259xsl\u0259r\u0259, x\u00fcsusil\u0259 d\u0259 \u0259lilliyi olan \u015f\u0259xsl\u0259r\u0259 \u0259lav\u0259 m\u00fcxt\u0259lif t\u0259qa\u00fcdl\u0259r \u00f6d\u0259nilir: \u201cM\u0259s\u0259l\u0259n Qaraba\u011f m\u00fcharib\u0259si \u0259lilliyi olan \u015f\u0259xsl\u0259r\u0259 250 manata q\u0259d\u0259r m\u00fcst\u0259lif t\u0259qa\u00fcdl\u0259r \u00f6d\u0259nilir, dig\u0259r \u0259lilliyi olan \u015f\u0259xsl\u0259r\u0259 100 manat. Bu kontingent kifay\u0259t q\u0259d\u0259r geni\u015fdir. T\u0259xmin\u0259n pensiya alan \u015f\u0259xsl\u0259r aras\u0131nda 400&hellip;<\/p>\n","protected":false},"author":2,"featured_media":95974,"comment_status":"closed","ping_status":"closed","sticky":false,"template":"","format":"standard","meta":{"om_disable_all_campaigns":false,"_monsterinsights_skip_tracking":false,"_monsterinsights_sitenote_active":false,"_monsterinsights_sitenote_note":"","_monsterinsights_sitenote_category":0},"categories":[1],"tags":[],"aioseo_notices":[],"gutentor_comment":0,"rttpg_featured_image_url":{"full":["https:\/\/arantv.az\/wp-content\/uploads\/2019\/11\/ROM_3789.jpg",620,413,false],"landscape":["https:\/\/arantv.az\/wp-content\/uploads\/2019\/11\/ROM_3789.jpg",620,413,false],"portraits":["https:\/\/arantv.az\/wp-content\/uploads\/2019\/11\/ROM_3789.jpg",620,413,false],"thumbnail":["https:\/\/arantv.az\/wp-content\/uploads\/2019\/11\/ROM_3789-150x150.jpg",150,150,true],"medium":["https:\/\/arantv.az\/wp-content\/uploads\/2019\/11\/ROM_3789-300x200.jpg",300,200,true],"large":["https:\/\/arantv.az\/wp-content\/uploads\/2019\/11\/ROM_3789.jpg",620,413,false],"1536x1536":["https:\/\/arantv.az\/wp-content\/uploads\/2019\/11\/ROM_3789.jpg",620,413,false],"2048x2048":["https:\/\/arantv.az\/wp-content\/uploads\/2019\/11\/ROM_3789.jpg",620,413,false],"post-thumbnail":["https:\/\/arantv.az\/wp-content\/uploads\/2019\/11\/ROM_3789-240x172.jpg",240,172,true],"advps-thumb-one":["https:\/\/arantv.az\/wp-content\/uploads\/2019\/11\/ROM_3789.jpg",620,413,false]},"rttpg_author":{"display_name":"V\u00fcsal Rafiqo\u011flu","author_link":"https:\/\/arantv.az\/?author=2"},"rttpg_comment":0,"rttpg_category":"<a href=\"https:\/\/arantv.az\/?cat=1\" rel=\"category\">C\u0259miyy\u0259t<\/a>","rttpg_excerpt":"Az\u0259rbaycanda minimum pensiya bir\u00a0il \u0259rzind\u0259 116 manatdan 200 manata \u00e7atd\u0131r\u0131l\u0131b. Davaml\u0131 olaraq bununla ba\u011fl\u0131 i\u015f apar\u0131l\u0131r. \u0130lk d\u0259f\u0259 olaraq, Az\u0259rbaycanda minimum pensiya ya\u015fay\u0131\u015f minimumunun \u00fcz\u0259rind\u0259 oldu. ARANTV.AZ-\u0131n x\u0259b\u0259rin\u0259 g\u00f6r\u0259, bunu \u018fm\u0259k v\u0259 \u018fhalinin Sosial M\u00fcdafi\u0259si naziri Sahil Babayev Milli M\u0259clisd\u0259 b\u00fcdc\u0259 m\u00fczakir\u0259l\u0259ri zaman\u0131 deyib. O bildirib ki, pensiya alan bir \u00e7ox \u015f\u0259xsl\u0259r\u0259, x\u00fcsusil\u0259 d\u0259 \u0259lilliyi&hellip;","_links":{"self":[{"href":"https:\/\/arantv.az\/index.php?rest_route=\/wp\/v2\/posts\/95973"}],"collection":[{"href":"https:\/\/arantv.az\/index.php?rest_route=\/wp\/v2\/posts"}],"about":[{"href":"https:\/\/arantv.az\/index.php?rest_route=\/wp\/v2\/types\/post"}],"author":[{"embeddable":true,"href":"https:\/\/arantv.az\/index.php?rest_route=\/wp\/v2\/users\/2"}],"replies":[{"embeddable":true,"href":"https:\/\/arantv.az\/index.php?rest_route=%2Fwp%2Fv2%2Fcomments&post=95973"}],"version-history":[{"count":0,"href":"https:\/\/arantv.az\/index.php?rest_route=\/wp\/v2\/posts\/95973\/revisions"}],"wp:featuredmedia":[{"embeddable":true,"href":"https:\/\/arantv.az\/index.php?rest_route=\/wp\/v2\/media\/95974"}],"wp:attachment":[{"href":"https:\/\/arantv.az\/index.php?rest_route=%2Fwp%2Fv2%2Fmedia&parent=95973"}],"wp:term":[{"taxonomy":"category","embeddable":true,"href":"https:\/\/arantv.az\/index.php?rest_route=%2Fwp%2Fv2%2Fcategories&post=95973"},{"taxonomy":"post_tag","embeddable":true,"href":"https:\/\/arantv.az\/index.php?rest_route=%2Fwp%2Fv2%2Ftags&post=95973"}],"curies":[{"name":"wp","href":"https:\/\/api.w.org\/{rel}","templated":true}]}}