{"id":95977,"date":"2019-11-13T16:20:21","date_gmt":"2019-11-13T13:20:21","guid":{"rendered":"http:\/\/arantv.az\/?p=95977"},"modified":"2019-11-13T16:20:21","modified_gmt":"2019-11-13T13:20:21","slug":"prezident-bakidaki-tixacdan-danisdi","status":"publish","type":"post","link":"https:\/\/arantv.az\/?p=95977","title":{"rendered":"Prezident Bak\u0131dak\u0131 t\u0131xacdan DANI\u015eDI"},"content":{"rendered":"<p>&#8220;Avtomobil yollar\u0131nda kifay\u0259t q\u0259d\u0259r t\u0131xaclar var. D\u00fczd\u00fcr, bir \u00e7ox yollar sal\u0131n\u0131b, yeni k\u00f6rp\u00fcl\u0259r, yeni yol qov\u015faqlar\u0131 tikilib, amma yen\u0259 d\u0259 pik saatlarda t\u0131xaclar var. Ona g\u00f6r\u0259 yeni dair\u0259vi yol h\u0259m insanlara rahatl\u0131q ver\u0259c\u0259k, h\u0259m d\u0259 avtomobil yolunun y\u00fck\u00fcn\u00fc azaldacaq&#8221;.<\/p>\n<p><b>ARANTV.AZ<\/b>-\u0131n m\u0259lumat\u0131na g\u00f6r\u0259, bunu Prezident \u0130lham \u018fliyev &#8220;Az\u0259rbaycan D\u0259mir Yollar\u0131&#8221; Qapal\u0131 S\u0259hmdar C\u0259miyy\u0259tinin s\u0259dri Cavid Qurbanovu q\u0259bul ed\u0259rk\u0259n deyib.<\/p>\n<p>D\u00f6vl\u0259t ba\u015f\u00e7\u0131s\u0131 qeyd edib ki, ilin sonuna q\u0259d\u0259r n\u0259z\u0259rd\u0259 tutulan b\u00fct\u00fcn layih\u0259l\u0259r ba\u015fa \u00e7atmal\u0131d\u0131r v\u0259 g\u0259l\u0259n il d\u0259 bu i\u015fl\u0259r davam etdiril\u0259c\u0259k.Sonxeber.az<\/p>\n","protected":false},"excerpt":{"rendered":"<p>&#8220;Avtomobil yollar\u0131nda kifay\u0259t q\u0259d\u0259r t\u0131xaclar var. D\u00fczd\u00fcr, bir \u00e7ox yollar sal\u0131n\u0131b, yeni k\u00f6rp\u00fcl\u0259r, yeni yol qov\u015faqlar\u0131 tikilib, amma yen\u0259 d\u0259 pik saatlarda t\u0131xaclar var. Ona g\u00f6r\u0259 yeni dair\u0259vi yol h\u0259m insanlara rahatl\u0131q ver\u0259c\u0259k, h\u0259m d\u0259 avtomobil yolunun y\u00fck\u00fcn\u00fc azaldacaq&#8221;. ARANTV.AZ-\u0131n m\u0259lumat\u0131na g\u00f6r\u0259, bunu Prezident \u0130lham \u018fliyev &#8220;Az\u0259rbaycan D\u0259mir Yollar\u0131&#8221; Qapal\u0131 S\u0259hmdar C\u0259miyy\u0259tinin s\u0259dri Cavid Qurbanovu q\u0259bul ed\u0259rk\u0259n deyib. D\u00f6vl\u0259t ba\u015f\u00e7\u0131s\u0131 qeyd edib ki, ilin sonuna q\u0259d\u0259r n\u0259z\u0259rd\u0259 tutulan b\u00fct\u00fcn layih\u0259l\u0259r ba\u015fa \u00e7atmal\u0131d\u0131r v\u0259 g\u0259l\u0259n il d\u0259 bu i\u015fl\u0259r davam etdiril\u0259c\u0259k.Sonxeber.az<\/p>\n","protected":false},"author":2,"featured_media":95978,"comment_status":"closed","ping_status":"closed","sticky":false,"template":"","format":"standard","meta":{"om_disable_all_campaigns":false,"_monsterinsights_skip_tracking":false,"_monsterinsights_sitenote_active":false,"_monsterinsights_sitenote_note":"","_monsterinsights_sitenote_category":0},"categories":[4],"tags":[],"aioseo_notices":[],"gutentor_comment":0,"rttpg_featured_image_url":{"full":["https:\/\/arantv.az\/wp-content\/uploads\/2019\/11\/15736508801552752683.ilham_.jpg",549,366,false],"landscape":["https:\/\/arantv.az\/wp-content\/uploads\/2019\/11\/15736508801552752683.ilham_.jpg",549,366,false],"portraits":["https:\/\/arantv.az\/wp-content\/uploads\/2019\/11\/15736508801552752683.ilham_.jpg",549,366,false],"thumbnail":["https:\/\/arantv.az\/wp-content\/uploads\/2019\/11\/15736508801552752683.ilham_-150x150.jpg",150,150,true],"medium":["https:\/\/arantv.az\/wp-content\/uploads\/2019\/11\/15736508801552752683.ilham_-300x200.jpg",300,200,true],"large":["https:\/\/arantv.az\/wp-content\/uploads\/2019\/11\/15736508801552752683.ilham_.jpg",549,366,false],"1536x1536":["https:\/\/arantv.az\/wp-content\/uploads\/2019\/11\/15736508801552752683.ilham_.jpg",549,366,false],"2048x2048":["https:\/\/arantv.az\/wp-content\/uploads\/2019\/11\/15736508801552752683.ilham_.jpg",549,366,false],"post-thumbnail":["https:\/\/arantv.az\/wp-content\/uploads\/2019\/11\/15736508801552752683.ilham_-240x172.jpg",240,172,true],"advps-thumb-one":["https:\/\/arantv.az\/wp-content\/uploads\/2019\/11\/15736508801552752683.ilham_.jpg",549,366,false]},"rttpg_author":{"display_name":"V\u00fcsal Rafiqo\u011flu","author_link":"https:\/\/arantv.az\/?author=2"},"rttpg_comment":0,"rttpg_category":"<a href=\"https:\/\/arantv.az\/?cat=4\" rel=\"category\">Siyas\u0259t<\/a>","rttpg_excerpt":"&#8220;Avtomobil yollar\u0131nda kifay\u0259t q\u0259d\u0259r t\u0131xaclar var. D\u00fczd\u00fcr, bir \u00e7ox yollar sal\u0131n\u0131b, yeni k\u00f6rp\u00fcl\u0259r, yeni yol qov\u015faqlar\u0131 tikilib, amma yen\u0259 d\u0259 pik saatlarda t\u0131xaclar var. Ona g\u00f6r\u0259 yeni dair\u0259vi yol h\u0259m insanlara rahatl\u0131q ver\u0259c\u0259k, h\u0259m d\u0259 avtomobil yolunun y\u00fck\u00fcn\u00fc azaldacaq&#8221;. ARANTV.AZ-\u0131n m\u0259lumat\u0131na g\u00f6r\u0259, bunu Prezident \u0130lham \u018fliyev &#8220;Az\u0259rbaycan D\u0259mir Yollar\u0131&#8221; Qapal\u0131 S\u0259hmdar C\u0259miyy\u0259tinin s\u0259dri Cavid Qurbanovu&hellip;","_links":{"self":[{"href":"https:\/\/arantv.az\/index.php?rest_route=\/wp\/v2\/posts\/95977"}],"collection":[{"href":"https:\/\/arantv.az\/index.php?rest_route=\/wp\/v2\/posts"}],"about":[{"href":"https:\/\/arantv.az\/index.php?rest_route=\/wp\/v2\/types\/post"}],"author":[{"embeddable":true,"href":"https:\/\/arantv.az\/index.php?rest_route=\/wp\/v2\/users\/2"}],"replies":[{"embeddable":true,"href":"https:\/\/arantv.az\/index.php?rest_route=%2Fwp%2Fv2%2Fcomments&post=95977"}],"version-history":[{"count":0,"href":"https:\/\/arantv.az\/index.php?rest_route=\/wp\/v2\/posts\/95977\/revisions"}],"wp:featuredmedia":[{"embeddable":true,"href":"https:\/\/arantv.az\/index.php?rest_route=\/wp\/v2\/media\/95978"}],"wp:attachment":[{"href":"https:\/\/arantv.az\/index.php?rest_route=%2Fwp%2Fv2%2Fmedia&parent=95977"}],"wp:term":[{"taxonomy":"category","embeddable":true,"href":"https:\/\/arantv.az\/index.php?rest_route=%2Fwp%2Fv2%2Fcategories&post=95977"},{"taxonomy":"post_tag","embeddable":true,"href":"https:\/\/arantv.az\/index.php?rest_route=%2Fwp%2Fv2%2Ftags&post=95977"}],"curies":[{"name":"wp","href":"https:\/\/api.w.org\/{rel}","templated":true}]}}