{"id":95989,"date":"2019-11-13T16:30:24","date_gmt":"2019-11-13T13:30:24","guid":{"rendered":"http:\/\/arantv.az\/?p=95989"},"modified":"2019-11-13T16:30:24","modified_gmt":"2019-11-13T13:30:24","slug":"mill%c9%99t-v%c9%99kilind%c9%99n-nazir%c9%99-muraci%c9%99t-bu-s%c9%99xsl%c9%99r%c9%99-ictimai-n%c9%99qliyyat-pulsuz-olsun","status":"publish","type":"post","link":"https:\/\/arantv.az\/?p=95989","title":{"rendered":"Mill\u0259t v\u0259kilind\u0259n nazir\u0259 M\u00dcRAC\u0130\u018fT: Bu \u015f\u0259xsl\u0259r\u0259 ictimai n\u0259qliyyat pulsuz olsun"},"content":{"rendered":"<p><strong>Deputat Elmira Axundova pensiya\u00e7\u0131lar\u0131n ictimai n\u0259qliyyatdan pulsuz istifad\u0259 etm\u0259sini t\u0259klif edir.<\/strong><\/p>\n<p><b>ARANTV.AZ\u00a0<\/b>x\u0259b\u0259r verir ki, deputat bu t\u0259klifini Milli M\u0259clisd\u0259 ir\u0259li s\u00fcr\u00fcb.<\/p>\n<p>O, \u0259m\u0259k v\u0259 \u0259halinin sosial m\u00fcdafi\u0259si naziri Sahil Babayev\u0259 m\u00fcraci\u0259t edib: &#8220;M\u0259n ba\u015fa d\u00fc\u015f\u00fcr\u0259m ki, bu, bilavasit\u0259 sizin m\u0259\u015f\u011ful olaca\u011f\u0131n\u0131z m\u0259s\u0259l\u0259 deyil. Amma siz ictimai n\u0259qliyyat\u0131n t\u0259qa\u00fcd\u00e7\u00fcl\u0259r \u00fc\u00e7\u00fcn pulsuz olmas\u0131 haqda t\u0259\u015f\u0259bb\u00fcs ir\u0259li s\u00fcr\u0259 bil\u0259rsiniz&#8221;.<\/p>\n<p>Xan\u0131m deputat \u0259lav\u0259 edib ki, bel\u0259 bir t\u0259cr\u00fcb\u0259 Rusiya v\u0259 Avropa \u00f6lk\u0259l\u0259rind\u0259 t\u0259tbiq edilir: &#8220;Y\u0259ni orada t\u0259qa\u00fcd\u00e7\u00fcl\u0259r bu imtiyazdan istifad\u0259 edirl\u0259r. N\u0259z\u0259r\u0259 alaq ki, ya\u015fl\u0131 v\u0259t\u0259nda\u015flar\u0131m\u0131z\u0131n t\u0259qa\u00fcdd\u0259n ba\u015fqa g\u0259lir yeri yoxdur. \u018fg\u0259r onlar n\u00f6vb\u0259ti ild\u0259n n\u0259qliyyatdan pulsuz istifad\u0259 ets\u0259l\u0259r, bu onlara \u0259sl yeni il h\u0259diyy\u0259si olard\u0131&#8221;.Publika.az<\/p>\n","protected":false},"excerpt":{"rendered":"<p>Deputat Elmira Axundova pensiya\u00e7\u0131lar\u0131n ictimai n\u0259qliyyatdan pulsuz istifad\u0259 etm\u0259sini t\u0259klif edir. ARANTV.AZ\u00a0x\u0259b\u0259r verir ki, deputat bu t\u0259klifini Milli M\u0259clisd\u0259 ir\u0259li s\u00fcr\u00fcb. O, \u0259m\u0259k v\u0259 \u0259halinin sosial m\u00fcdafi\u0259si naziri Sahil Babayev\u0259 m\u00fcraci\u0259t edib: &#8220;M\u0259n ba\u015fa d\u00fc\u015f\u00fcr\u0259m ki, bu, bilavasit\u0259 sizin m\u0259\u015f\u011ful olaca\u011f\u0131n\u0131z m\u0259s\u0259l\u0259 deyil. Amma siz ictimai n\u0259qliyyat\u0131n t\u0259qa\u00fcd\u00e7\u00fcl\u0259r \u00fc\u00e7\u00fcn pulsuz olmas\u0131 haqda t\u0259\u015f\u0259bb\u00fcs ir\u0259li s\u00fcr\u0259 bil\u0259rsiniz&#8221;. Xan\u0131m deputat \u0259lav\u0259 edib ki, bel\u0259 bir t\u0259cr\u00fcb\u0259 Rusiya v\u0259 Avropa \u00f6lk\u0259l\u0259rind\u0259 t\u0259tbiq edilir: &#8220;Y\u0259ni orada t\u0259qa\u00fcd\u00e7\u00fcl\u0259r bu imtiyazdan istifad\u0259 edirl\u0259r. N\u0259z\u0259r\u0259 alaq ki, ya\u015fl\u0131 v\u0259t\u0259nda\u015flar\u0131m\u0131z\u0131n t\u0259qa\u00fcdd\u0259n ba\u015fqa g\u0259lir yeri yoxdur. \u018fg\u0259r onlar n\u00f6vb\u0259ti&hellip;<\/p>\n","protected":false},"author":2,"featured_media":95990,"comment_status":"closed","ping_status":"closed","sticky":false,"template":"","format":"standard","meta":{"om_disable_all_campaigns":false,"_monsterinsights_skip_tracking":false,"_monsterinsights_sitenote_active":false,"_monsterinsights_sitenote_note":"","_monsterinsights_sitenote_category":0},"categories":[1],"tags":[],"aioseo_notices":[],"gutentor_comment":0,"rttpg_featured_image_url":{"full":["https:\/\/arantv.az\/wp-content\/uploads\/2019\/11\/elmira_axundova.jpg",800,450,false],"landscape":["https:\/\/arantv.az\/wp-content\/uploads\/2019\/11\/elmira_axundova.jpg",800,450,false],"portraits":["https:\/\/arantv.az\/wp-content\/uploads\/2019\/11\/elmira_axundova.jpg",800,450,false],"thumbnail":["https:\/\/arantv.az\/wp-content\/uploads\/2019\/11\/elmira_axundova-150x150.jpg",150,150,true],"medium":["https:\/\/arantv.az\/wp-content\/uploads\/2019\/11\/elmira_axundova-300x169.jpg",300,169,true],"large":["https:\/\/arantv.az\/wp-content\/uploads\/2019\/11\/elmira_axundova.jpg",640,360,false],"1536x1536":["https:\/\/arantv.az\/wp-content\/uploads\/2019\/11\/elmira_axundova.jpg",800,450,false],"2048x2048":["https:\/\/arantv.az\/wp-content\/uploads\/2019\/11\/elmira_axundova.jpg",800,450,false],"post-thumbnail":["https:\/\/arantv.az\/wp-content\/uploads\/2019\/11\/elmira_axundova-240x172.jpg",240,172,true],"advps-thumb-one":["https:\/\/arantv.az\/wp-content\/uploads\/2019\/11\/elmira_axundova.jpg",800,450,false]},"rttpg_author":{"display_name":"V\u00fcsal Rafiqo\u011flu","author_link":"https:\/\/arantv.az\/?author=2"},"rttpg_comment":0,"rttpg_category":"<a href=\"https:\/\/arantv.az\/?cat=1\" rel=\"category\">C\u0259miyy\u0259t<\/a>","rttpg_excerpt":"Deputat Elmira Axundova pensiya\u00e7\u0131lar\u0131n ictimai n\u0259qliyyatdan pulsuz istifad\u0259 etm\u0259sini t\u0259klif edir. ARANTV.AZ\u00a0x\u0259b\u0259r verir ki, deputat bu t\u0259klifini Milli M\u0259clisd\u0259 ir\u0259li s\u00fcr\u00fcb. O, \u0259m\u0259k v\u0259 \u0259halinin sosial m\u00fcdafi\u0259si naziri Sahil Babayev\u0259 m\u00fcraci\u0259t edib: &#8220;M\u0259n ba\u015fa d\u00fc\u015f\u00fcr\u0259m ki, bu, bilavasit\u0259 sizin m\u0259\u015f\u011ful olaca\u011f\u0131n\u0131z m\u0259s\u0259l\u0259 deyil. Amma siz ictimai n\u0259qliyyat\u0131n t\u0259qa\u00fcd\u00e7\u00fcl\u0259r \u00fc\u00e7\u00fcn pulsuz olmas\u0131 haqda t\u0259\u015f\u0259bb\u00fcs ir\u0259li s\u00fcr\u0259&hellip;","_links":{"self":[{"href":"https:\/\/arantv.az\/index.php?rest_route=\/wp\/v2\/posts\/95989"}],"collection":[{"href":"https:\/\/arantv.az\/index.php?rest_route=\/wp\/v2\/posts"}],"about":[{"href":"https:\/\/arantv.az\/index.php?rest_route=\/wp\/v2\/types\/post"}],"author":[{"embeddable":true,"href":"https:\/\/arantv.az\/index.php?rest_route=\/wp\/v2\/users\/2"}],"replies":[{"embeddable":true,"href":"https:\/\/arantv.az\/index.php?rest_route=%2Fwp%2Fv2%2Fcomments&post=95989"}],"version-history":[{"count":0,"href":"https:\/\/arantv.az\/index.php?rest_route=\/wp\/v2\/posts\/95989\/revisions"}],"wp:featuredmedia":[{"embeddable":true,"href":"https:\/\/arantv.az\/index.php?rest_route=\/wp\/v2\/media\/95990"}],"wp:attachment":[{"href":"https:\/\/arantv.az\/index.php?rest_route=%2Fwp%2Fv2%2Fmedia&parent=95989"}],"wp:term":[{"taxonomy":"category","embeddable":true,"href":"https:\/\/arantv.az\/index.php?rest_route=%2Fwp%2Fv2%2Fcategories&post=95989"},{"taxonomy":"post_tag","embeddable":true,"href":"https:\/\/arantv.az\/index.php?rest_route=%2Fwp%2Fv2%2Ftags&post=95989"}],"curies":[{"name":"wp","href":"https:\/\/api.w.org\/{rel}","templated":true}]}}