{"id":95993,"date":"2019-11-13T16:33:15","date_gmt":"2019-11-13T13:33:15","guid":{"rendered":"http:\/\/arantv.az\/?p=95993"},"modified":"2019-11-13T16:33:15","modified_gmt":"2019-11-13T13:33:15","slug":"sahil-babayev-issizlikd%c9%99n-sigorta-haqqi-almagin-s%c9%99rtl%c9%99rini-aciqladi","status":"publish","type":"post","link":"https:\/\/arantv.az\/?p=95993","title":{"rendered":"Sahil Babayev i\u015fsizlikd\u0259n s\u0131\u011forta haqq\u0131 alma\u011f\u0131n \u015f\u0259rtl\u0259rini a\u00e7\u0131qlad\u0131"},"content":{"rendered":"<p>V\u0259t\u0259nda\u015f i\u015fsizlikd\u0259n s\u0131\u011forta haqq\u0131 almaq \u00fc\u00e7\u00fcn \u00f6z \u0259riz\u0259si \u0259sas\u0131nda i\u015fd\u0259n \u00e7\u0131xmamal\u0131d\u0131r. V\u0259t\u0259nda\u015f ist\u0259yind\u0259n v\u0259 irad\u0259sind\u0259n k\u0259nar i\u015fsiz qalmal\u0131d\u0131r.<\/p>\n<p><strong>ARANTV.AZ-<\/strong>\u0131n m\u0259lumat\u0131na g\u00f6r\u0259, bunu \u018fm\u0259k v\u0259 \u018fhalinin Sosial M\u00fcdafi\u0259si naziri Sahil Babayev Milli M\u0259clisin iclas\u0131nda deyib.<\/p>\n<p>O bildirib ki, bu, s\u0131\u011fortan\u0131n \u00fcmumi prinsipidir.<\/p>\n<div id=\"AdviadNativeVideo0\" class=\"AdviadNativeVideo\"><\/div>\n<p>Nazir qeyd edib ki, \u0259g\u0259r v\u0259t\u0259nda\u015f\u00a0ixtisara d\u00fc\u015f\u00fcr\u00a0v\u0259 dig\u0259r \u015f\u0259rtl\u0259rl\u0259 i\u015fd\u0259n azad olunursa, o, m\u00fcvafiq m\u0259\u015f\u011fulluq orqan\u0131nda qeydiyyata durmaqla i\u015fsizlikd\u0259n s\u0131\u011forta haqq\u0131 ala bil\u0259r.<\/p>\n<p>\u201c\u0130\u015fsiz qalan \u015f\u0259xs\u0259 alt\u0131\u00a0ayl\u0131q i\u015fsizlikd\u0259n s\u0131\u011forta haqq\u0131 t\u0259yin olunur. Bu r\u0259q\u0259m \u00fc\u00e7\u00a0ay da art\u0131r\u0131la bil\u0259r. S\u0131\u011forta \u00f6d\u0259ni\u015finin orta m\u0259bl\u0259\u011fi 300 manat\u0131n \u00fcz\u0259rind\u0259dir. \u018fsas problem ondan ibar\u0259tdir ki, bir \u00e7ox hallarda i\u015fd\u0259n \u00e7\u0131xan \u015f\u0259xs \u00f6z \u0259riz\u0259si il\u0259 i\u015fd\u0259n ayr\u0131l\u0131r, yaxud i\u015fsiz statusu almaq \u00fc\u00e7\u00fcn m\u0259\u015f\u011fulluq m\u0259rk\u0259zl\u0259rind\u0259 qeydiyyata d\u00fc\u015fm\u00fcr.<\/p>\n<p>Bu g\u00fcn m\u0259\u015f\u011fulluq m\u0259rk\u0259zl\u0259rind\u0259 c\u0259mi 201 min insan qeydiyyata durub ki, bunun da yaln\u0131z 70 mini i\u015fsiz \u015f\u0259xs statusundad\u0131r. Yerd\u0259 qalan\u0131 is\u0259 i\u015f axtaran \u015f\u0259xs statusundad\u0131r\u201d.<\/p>\n<p>S.Babayev qeyd edib ki, i\u015fsizlikd\u0259n s\u0131\u011forta il\u0259 ba\u011fl\u0131 d\u0259yi\u015fiklikl\u0259r n\u00f6vb\u0259ti ill\u0259rd\u0259 parlament\u0259 t\u0259qdim edil\u0259c\u0259k.\u00a0Oxu.Az<\/p>\n","protected":false},"excerpt":{"rendered":"<p>V\u0259t\u0259nda\u015f i\u015fsizlikd\u0259n s\u0131\u011forta haqq\u0131 almaq \u00fc\u00e7\u00fcn \u00f6z \u0259riz\u0259si \u0259sas\u0131nda i\u015fd\u0259n \u00e7\u0131xmamal\u0131d\u0131r. V\u0259t\u0259nda\u015f ist\u0259yind\u0259n v\u0259 irad\u0259sind\u0259n k\u0259nar i\u015fsiz qalmal\u0131d\u0131r. ARANTV.AZ-\u0131n m\u0259lumat\u0131na g\u00f6r\u0259, bunu \u018fm\u0259k v\u0259 \u018fhalinin Sosial M\u00fcdafi\u0259si naziri Sahil Babayev Milli M\u0259clisin iclas\u0131nda deyib. O bildirib ki, bu, s\u0131\u011fortan\u0131n \u00fcmumi prinsipidir. Nazir qeyd edib ki, \u0259g\u0259r v\u0259t\u0259nda\u015f\u00a0ixtisara d\u00fc\u015f\u00fcr\u00a0v\u0259 dig\u0259r \u015f\u0259rtl\u0259rl\u0259 i\u015fd\u0259n azad olunursa, o, m\u00fcvafiq m\u0259\u015f\u011fulluq orqan\u0131nda qeydiyyata durmaqla i\u015fsizlikd\u0259n s\u0131\u011forta haqq\u0131 ala bil\u0259r. \u201c\u0130\u015fsiz qalan \u015f\u0259xs\u0259 alt\u0131\u00a0ayl\u0131q i\u015fsizlikd\u0259n s\u0131\u011forta haqq\u0131 t\u0259yin olunur. Bu r\u0259q\u0259m \u00fc\u00e7\u00a0ay da art\u0131r\u0131la bil\u0259r. S\u0131\u011forta \u00f6d\u0259ni\u015finin orta m\u0259bl\u0259\u011fi 300 manat\u0131n \u00fcz\u0259rind\u0259dir. \u018fsas problem ondan ibar\u0259tdir&hellip;<\/p>\n","protected":false},"author":2,"featured_media":95994,"comment_status":"closed","ping_status":"closed","sticky":false,"template":"","format":"standard","meta":{"om_disable_all_campaigns":false,"_monsterinsights_skip_tracking":false,"_monsterinsights_sitenote_active":false,"_monsterinsights_sitenote_note":"","_monsterinsights_sitenote_category":0},"categories":[1],"tags":[],"aioseo_notices":[],"gutentor_comment":0,"rttpg_featured_image_url":{"full":["https:\/\/arantv.az\/wp-content\/uploads\/2019\/11\/160920191111104612270.jpg",620,412,false],"landscape":["https:\/\/arantv.az\/wp-content\/uploads\/2019\/11\/160920191111104612270.jpg",620,412,false],"portraits":["https:\/\/arantv.az\/wp-content\/uploads\/2019\/11\/160920191111104612270.jpg",620,412,false],"thumbnail":["https:\/\/arantv.az\/wp-content\/uploads\/2019\/11\/160920191111104612270-150x150.jpg",150,150,true],"medium":["https:\/\/arantv.az\/wp-content\/uploads\/2019\/11\/160920191111104612270-300x199.jpg",300,199,true],"large":["https:\/\/arantv.az\/wp-content\/uploads\/2019\/11\/160920191111104612270.jpg",620,412,false],"1536x1536":["https:\/\/arantv.az\/wp-content\/uploads\/2019\/11\/160920191111104612270.jpg",620,412,false],"2048x2048":["https:\/\/arantv.az\/wp-content\/uploads\/2019\/11\/160920191111104612270.jpg",620,412,false],"post-thumbnail":["https:\/\/arantv.az\/wp-content\/uploads\/2019\/11\/160920191111104612270-240x172.jpg",240,172,true],"advps-thumb-one":["https:\/\/arantv.az\/wp-content\/uploads\/2019\/11\/160920191111104612270.jpg",620,412,false]},"rttpg_author":{"display_name":"V\u00fcsal Rafiqo\u011flu","author_link":"https:\/\/arantv.az\/?author=2"},"rttpg_comment":0,"rttpg_category":"<a href=\"https:\/\/arantv.az\/?cat=1\" rel=\"category\">C\u0259miyy\u0259t<\/a>","rttpg_excerpt":"V\u0259t\u0259nda\u015f i\u015fsizlikd\u0259n s\u0131\u011forta haqq\u0131 almaq \u00fc\u00e7\u00fcn \u00f6z \u0259riz\u0259si \u0259sas\u0131nda i\u015fd\u0259n \u00e7\u0131xmamal\u0131d\u0131r. V\u0259t\u0259nda\u015f ist\u0259yind\u0259n v\u0259 irad\u0259sind\u0259n k\u0259nar i\u015fsiz qalmal\u0131d\u0131r. ARANTV.AZ-\u0131n m\u0259lumat\u0131na g\u00f6r\u0259, bunu \u018fm\u0259k v\u0259 \u018fhalinin Sosial M\u00fcdafi\u0259si naziri Sahil Babayev Milli M\u0259clisin iclas\u0131nda deyib. O bildirib ki, bu, s\u0131\u011fortan\u0131n \u00fcmumi prinsipidir. Nazir qeyd edib ki, \u0259g\u0259r v\u0259t\u0259nda\u015f\u00a0ixtisara d\u00fc\u015f\u00fcr\u00a0v\u0259 dig\u0259r \u015f\u0259rtl\u0259rl\u0259 i\u015fd\u0259n azad olunursa, o, m\u00fcvafiq&hellip;","_links":{"self":[{"href":"https:\/\/arantv.az\/index.php?rest_route=\/wp\/v2\/posts\/95993"}],"collection":[{"href":"https:\/\/arantv.az\/index.php?rest_route=\/wp\/v2\/posts"}],"about":[{"href":"https:\/\/arantv.az\/index.php?rest_route=\/wp\/v2\/types\/post"}],"author":[{"embeddable":true,"href":"https:\/\/arantv.az\/index.php?rest_route=\/wp\/v2\/users\/2"}],"replies":[{"embeddable":true,"href":"https:\/\/arantv.az\/index.php?rest_route=%2Fwp%2Fv2%2Fcomments&post=95993"}],"version-history":[{"count":0,"href":"https:\/\/arantv.az\/index.php?rest_route=\/wp\/v2\/posts\/95993\/revisions"}],"wp:featuredmedia":[{"embeddable":true,"href":"https:\/\/arantv.az\/index.php?rest_route=\/wp\/v2\/media\/95994"}],"wp:attachment":[{"href":"https:\/\/arantv.az\/index.php?rest_route=%2Fwp%2Fv2%2Fmedia&parent=95993"}],"wp:term":[{"taxonomy":"category","embeddable":true,"href":"https:\/\/arantv.az\/index.php?rest_route=%2Fwp%2Fv2%2Fcategories&post=95993"},{"taxonomy":"post_tag","embeddable":true,"href":"https:\/\/arantv.az\/index.php?rest_route=%2Fwp%2Fv2%2Ftags&post=95993"}],"curies":[{"name":"wp","href":"https:\/\/api.w.org\/{rel}","templated":true}]}}