{"id":96007,"date":"2019-11-14T08:05:47","date_gmt":"2019-11-14T05:05:47","guid":{"rendered":"http:\/\/arantv.az\/?p=96007"},"modified":"2019-11-14T08:05:47","modified_gmt":"2019-11-14T05:05:47","slug":"qaradagda-29-yasli-kisi-doyul%c9%99r%c9%99k-agir-x%c9%99sar%c9%99t-alib","status":"publish","type":"post","link":"https:\/\/arantv.az\/?p=96007","title":{"rendered":"Qarada\u011fda 29 ya\u015fl\u0131 ki\u015fi d\u00f6y\u00fcl\u0259r\u0259k a\u011f\u0131r x\u0259sar\u0259t al\u0131b"},"content":{"rendered":"<p>Qarada\u011f rayonunda d\u00f6y\u00fclm\u0259 hadis\u0259si ba\u015f verib.<\/p>\n<p><strong>ARANTV.AZ<\/strong> APA-ya istinad\u0259n x\u0259b\u0259r verir ki,\u00a0Sanqa\u00e7al q\u0259s\u0259b\u0259si \u0259razisind\u0259 1990-c\u0131 il t\u0259v\u0259ll\u00fcdl\u00fc Cavadov Ayaz Qurban o\u011flu tan\u0131mad\u0131\u011f\u0131 \u015f\u0259xs t\u0259r\u0259find\u0259n d\u00f6y\u00fcl\u0259r\u0259k a\u011f\u0131r x\u0259sar\u0259t al\u0131b.<\/p>\n<p>Yaral\u0131 x\u0259st\u0259xanaya yerl\u0259\u015fdirilib. Ona qab\u0131r\u011falar\u0131n s\u0131n\u0131\u011f\u0131 diaqnozu qoyulub.<\/p>\n<p>Faktla ba\u011fl\u0131 Qarada\u011f Rayon Polis \u0130dar\u0259sind\u0259 ara\u015fd\u0131rma apar\u0131l\u0131r.<\/p>\n","protected":false},"excerpt":{"rendered":"<p>Qarada\u011f rayonunda d\u00f6y\u00fclm\u0259 hadis\u0259si ba\u015f verib. ARANTV.AZ APA-ya istinad\u0259n x\u0259b\u0259r verir ki,\u00a0Sanqa\u00e7al q\u0259s\u0259b\u0259si \u0259razisind\u0259 1990-c\u0131 il t\u0259v\u0259ll\u00fcdl\u00fc Cavadov Ayaz Qurban o\u011flu tan\u0131mad\u0131\u011f\u0131 \u015f\u0259xs t\u0259r\u0259find\u0259n d\u00f6y\u00fcl\u0259r\u0259k a\u011f\u0131r x\u0259sar\u0259t al\u0131b. Yaral\u0131 x\u0259st\u0259xanaya yerl\u0259\u015fdirilib. Ona qab\u0131r\u011falar\u0131n s\u0131n\u0131\u011f\u0131 diaqnozu qoyulub. Faktla ba\u011fl\u0131 Qarada\u011f Rayon Polis \u0130dar\u0259sind\u0259 ara\u015fd\u0131rma apar\u0131l\u0131r.<\/p>\n","protected":false},"author":2,"featured_media":96008,"comment_status":"closed","ping_status":"closed","sticky":false,"template":"","format":"standard","meta":{"om_disable_all_campaigns":false,"_monsterinsights_skip_tracking":false,"_monsterinsights_sitenote_active":false,"_monsterinsights_sitenote_note":"","_monsterinsights_sitenote_category":0},"categories":[5],"tags":[],"aioseo_notices":[],"gutentor_comment":0,"rttpg_featured_image_url":{"full":["https:\/\/arantv.az\/wp-content\/uploads\/2019\/11\/dava_38486.jpg",800,600,false],"landscape":["https:\/\/arantv.az\/wp-content\/uploads\/2019\/11\/dava_38486.jpg",800,600,false],"portraits":["https:\/\/arantv.az\/wp-content\/uploads\/2019\/11\/dava_38486.jpg",800,600,false],"thumbnail":["https:\/\/arantv.az\/wp-content\/uploads\/2019\/11\/dava_38486-150x150.jpg",150,150,true],"medium":["https:\/\/arantv.az\/wp-content\/uploads\/2019\/11\/dava_38486-300x225.jpg",300,225,true],"large":["https:\/\/arantv.az\/wp-content\/uploads\/2019\/11\/dava_38486.jpg",640,480,false],"1536x1536":["https:\/\/arantv.az\/wp-content\/uploads\/2019\/11\/dava_38486.jpg",800,600,false],"2048x2048":["https:\/\/arantv.az\/wp-content\/uploads\/2019\/11\/dava_38486.jpg",800,600,false],"post-thumbnail":["https:\/\/arantv.az\/wp-content\/uploads\/2019\/11\/dava_38486-240x172.jpg",240,172,true],"advps-thumb-one":["https:\/\/arantv.az\/wp-content\/uploads\/2019\/11\/dava_38486.jpg",800,600,false]},"rttpg_author":{"display_name":"V\u00fcsal Rafiqo\u011flu","author_link":"https:\/\/arantv.az\/?author=2"},"rttpg_comment":0,"rttpg_category":"<a href=\"https:\/\/arantv.az\/?cat=5\" rel=\"category\">Hadis\u0259<\/a>","rttpg_excerpt":"Qarada\u011f rayonunda d\u00f6y\u00fclm\u0259 hadis\u0259si ba\u015f verib. ARANTV.AZ APA-ya istinad\u0259n x\u0259b\u0259r verir ki,\u00a0Sanqa\u00e7al q\u0259s\u0259b\u0259si \u0259razisind\u0259 1990-c\u0131 il t\u0259v\u0259ll\u00fcdl\u00fc Cavadov Ayaz Qurban o\u011flu tan\u0131mad\u0131\u011f\u0131 \u015f\u0259xs t\u0259r\u0259find\u0259n d\u00f6y\u00fcl\u0259r\u0259k a\u011f\u0131r x\u0259sar\u0259t al\u0131b. Yaral\u0131 x\u0259st\u0259xanaya yerl\u0259\u015fdirilib. Ona qab\u0131r\u011falar\u0131n s\u0131n\u0131\u011f\u0131 diaqnozu qoyulub. Faktla ba\u011fl\u0131 Qarada\u011f Rayon Polis \u0130dar\u0259sind\u0259 ara\u015fd\u0131rma apar\u0131l\u0131r.","_links":{"self":[{"href":"https:\/\/arantv.az\/index.php?rest_route=\/wp\/v2\/posts\/96007"}],"collection":[{"href":"https:\/\/arantv.az\/index.php?rest_route=\/wp\/v2\/posts"}],"about":[{"href":"https:\/\/arantv.az\/index.php?rest_route=\/wp\/v2\/types\/post"}],"author":[{"embeddable":true,"href":"https:\/\/arantv.az\/index.php?rest_route=\/wp\/v2\/users\/2"}],"replies":[{"embeddable":true,"href":"https:\/\/arantv.az\/index.php?rest_route=%2Fwp%2Fv2%2Fcomments&post=96007"}],"version-history":[{"count":0,"href":"https:\/\/arantv.az\/index.php?rest_route=\/wp\/v2\/posts\/96007\/revisions"}],"wp:featuredmedia":[{"embeddable":true,"href":"https:\/\/arantv.az\/index.php?rest_route=\/wp\/v2\/media\/96008"}],"wp:attachment":[{"href":"https:\/\/arantv.az\/index.php?rest_route=%2Fwp%2Fv2%2Fmedia&parent=96007"}],"wp:term":[{"taxonomy":"category","embeddable":true,"href":"https:\/\/arantv.az\/index.php?rest_route=%2Fwp%2Fv2%2Fcategories&post=96007"},{"taxonomy":"post_tag","embeddable":true,"href":"https:\/\/arantv.az\/index.php?rest_route=%2Fwp%2Fv2%2Ftags&post=96007"}],"curies":[{"name":"wp","href":"https:\/\/api.w.org\/{rel}","templated":true}]}}