{"id":96061,"date":"2019-11-14T09:11:24","date_gmt":"2019-11-14T06:11:24","guid":{"rendered":"http:\/\/arantv.az\/?p=96061"},"modified":"2019-11-14T09:11:24","modified_gmt":"2019-11-14T06:11:24","slug":"az%c9%99rbaycanda-kran-asdi-x%c9%99sar%c9%99t-alan-var","status":"publish","type":"post","link":"https:\/\/arantv.az\/?p=96061","title":{"rendered":"Az\u0259rbaycanda kran a\u015fd\u0131: x\u0259sar\u0259t alan var"},"content":{"rendered":"<p>O\u011fuz rayonunda kran a\u015f\u0131b, s\u00fcr\u00fcc\u00fc x\u0259sar\u0259t al\u0131b.<\/p>\n<p><strong>ARANTV.AZ<\/strong>\u00a0 x\u0259b\u0259r verir ki, hadis\u0259 bug\u00fcn ax\u015fam saatlar\u0131nda rayonun B\u00f6y\u00fck S\u00f6y\u00fcdl\u00fc k\u0259ndind\u0259 ba\u015f verib.<\/p>\n<div><\/div>\n<p>Bel\u0259 ki, Qax rayon sakini, 1955-ci il t\u0259v\u0259ll\u00fcdl\u00fc Otara\u015fvili Zauri Qriqoryevi\u00e7 idar\u0259 etdiyi &#8220;KamAz&#8221; markal\u0131 qald\u0131r\u0131c\u0131 kran avtomobilinin a\u015fmas\u0131 n\u0259tic\u0259sind\u0259 m\u00fcxt\u0259lif d\u0259r\u0259c\u0259li b\u0259d\u0259n x\u0259sar\u0259tl\u0259ri al\u0131b. O, O\u011fuz Rayon M\u0259rk\u0259zi X\u0259st\u0259xanas\u0131na yerl\u0259\u015fdirilib.<\/p>\n<p>Faktla ba\u011fl\u0131 ara\u015fd\u0131rma apar\u0131l\u0131r.Sonxeber.az<\/p>\n","protected":false},"excerpt":{"rendered":"<p>O\u011fuz rayonunda kran a\u015f\u0131b, s\u00fcr\u00fcc\u00fc x\u0259sar\u0259t al\u0131b. ARANTV.AZ\u00a0 x\u0259b\u0259r verir ki, hadis\u0259 bug\u00fcn ax\u015fam saatlar\u0131nda rayonun B\u00f6y\u00fck S\u00f6y\u00fcdl\u00fc k\u0259ndind\u0259 ba\u015f verib. Bel\u0259 ki, Qax rayon sakini, 1955-ci il t\u0259v\u0259ll\u00fcdl\u00fc Otara\u015fvili Zauri Qriqoryevi\u00e7 idar\u0259 etdiyi &#8220;KamAz&#8221; markal\u0131 qald\u0131r\u0131c\u0131 kran avtomobilinin a\u015fmas\u0131 n\u0259tic\u0259sind\u0259 m\u00fcxt\u0259lif d\u0259r\u0259c\u0259li b\u0259d\u0259n x\u0259sar\u0259tl\u0259ri al\u0131b. O, O\u011fuz Rayon M\u0259rk\u0259zi X\u0259st\u0259xanas\u0131na yerl\u0259\u015fdirilib. Faktla ba\u011fl\u0131 ara\u015fd\u0131rma apar\u0131l\u0131r.Sonxeber.az<\/p>\n","protected":false},"author":2,"featured_media":96062,"comment_status":"closed","ping_status":"closed","sticky":false,"template":"","format":"standard","meta":{"om_disable_all_campaigns":false,"_monsterinsights_skip_tracking":false,"_monsterinsights_sitenote_active":false,"_monsterinsights_sitenote_note":"","_monsterinsights_sitenote_category":0},"categories":[5],"tags":[],"aioseo_notices":[],"gutentor_comment":0,"rttpg_featured_image_url":{"full":["https:\/\/arantv.az\/wp-content\/uploads\/2019\/11\/198067_54x8b19ke4.jpg",549,309,false],"landscape":["https:\/\/arantv.az\/wp-content\/uploads\/2019\/11\/198067_54x8b19ke4.jpg",549,309,false],"portraits":["https:\/\/arantv.az\/wp-content\/uploads\/2019\/11\/198067_54x8b19ke4.jpg",549,309,false],"thumbnail":["https:\/\/arantv.az\/wp-content\/uploads\/2019\/11\/198067_54x8b19ke4-150x150.jpg",150,150,true],"medium":["https:\/\/arantv.az\/wp-content\/uploads\/2019\/11\/198067_54x8b19ke4-300x169.jpg",300,169,true],"large":["https:\/\/arantv.az\/wp-content\/uploads\/2019\/11\/198067_54x8b19ke4.jpg",549,309,false],"1536x1536":["https:\/\/arantv.az\/wp-content\/uploads\/2019\/11\/198067_54x8b19ke4.jpg",549,309,false],"2048x2048":["https:\/\/arantv.az\/wp-content\/uploads\/2019\/11\/198067_54x8b19ke4.jpg",549,309,false],"post-thumbnail":["https:\/\/arantv.az\/wp-content\/uploads\/2019\/11\/198067_54x8b19ke4-240x172.jpg",240,172,true],"advps-thumb-one":["https:\/\/arantv.az\/wp-content\/uploads\/2019\/11\/198067_54x8b19ke4.jpg",549,309,false]},"rttpg_author":{"display_name":"V\u00fcsal Rafiqo\u011flu","author_link":"https:\/\/arantv.az\/?author=2"},"rttpg_comment":0,"rttpg_category":"<a href=\"https:\/\/arantv.az\/?cat=5\" rel=\"category\">Hadis\u0259<\/a>","rttpg_excerpt":"O\u011fuz rayonunda kran a\u015f\u0131b, s\u00fcr\u00fcc\u00fc x\u0259sar\u0259t al\u0131b. ARANTV.AZ\u00a0 x\u0259b\u0259r verir ki, hadis\u0259 bug\u00fcn ax\u015fam saatlar\u0131nda rayonun B\u00f6y\u00fck S\u00f6y\u00fcdl\u00fc k\u0259ndind\u0259 ba\u015f verib. Bel\u0259 ki, Qax rayon sakini, 1955-ci il t\u0259v\u0259ll\u00fcdl\u00fc Otara\u015fvili Zauri Qriqoryevi\u00e7 idar\u0259 etdiyi &#8220;KamAz&#8221; markal\u0131 qald\u0131r\u0131c\u0131 kran avtomobilinin a\u015fmas\u0131 n\u0259tic\u0259sind\u0259 m\u00fcxt\u0259lif d\u0259r\u0259c\u0259li b\u0259d\u0259n x\u0259sar\u0259tl\u0259ri al\u0131b. O, O\u011fuz Rayon M\u0259rk\u0259zi X\u0259st\u0259xanas\u0131na yerl\u0259\u015fdirilib. Faktla ba\u011fl\u0131 ara\u015fd\u0131rma&hellip;","_links":{"self":[{"href":"https:\/\/arantv.az\/index.php?rest_route=\/wp\/v2\/posts\/96061"}],"collection":[{"href":"https:\/\/arantv.az\/index.php?rest_route=\/wp\/v2\/posts"}],"about":[{"href":"https:\/\/arantv.az\/index.php?rest_route=\/wp\/v2\/types\/post"}],"author":[{"embeddable":true,"href":"https:\/\/arantv.az\/index.php?rest_route=\/wp\/v2\/users\/2"}],"replies":[{"embeddable":true,"href":"https:\/\/arantv.az\/index.php?rest_route=%2Fwp%2Fv2%2Fcomments&post=96061"}],"version-history":[{"count":0,"href":"https:\/\/arantv.az\/index.php?rest_route=\/wp\/v2\/posts\/96061\/revisions"}],"wp:featuredmedia":[{"embeddable":true,"href":"https:\/\/arantv.az\/index.php?rest_route=\/wp\/v2\/media\/96062"}],"wp:attachment":[{"href":"https:\/\/arantv.az\/index.php?rest_route=%2Fwp%2Fv2%2Fmedia&parent=96061"}],"wp:term":[{"taxonomy":"category","embeddable":true,"href":"https:\/\/arantv.az\/index.php?rest_route=%2Fwp%2Fv2%2Fcategories&post=96061"},{"taxonomy":"post_tag","embeddable":true,"href":"https:\/\/arantv.az\/index.php?rest_route=%2Fwp%2Fv2%2Ftags&post=96061"}],"curies":[{"name":"wp","href":"https:\/\/api.w.org\/{rel}","templated":true}]}}