{"id":96069,"date":"2019-11-14T09:28:36","date_gmt":"2019-11-14T06:28:36","guid":{"rendered":"http:\/\/arantv.az\/?p=96069"},"modified":"2019-11-14T09:28:36","modified_gmt":"2019-11-14T06:28:36","slug":"xacmazda-d%c9%99hs%c9%99t-qatar-20-yasli-g%c9%99ncin-ustund%c9%99n-kecdi-meyiti-hiss%c9%99l%c9%99r%c9%99-bolundu","status":"publish","type":"post","link":"https:\/\/arantv.az\/?p=96069","title":{"rendered":"Xa\u00e7mazda D\u018fH\u015e\u018fT &#8211; Qatar 20 ya\u015fl\u0131 g\u0259ncin \u00fcst\u00fcnd\u0259n ke\u00e7di, meyiti hiss\u0259l\u0259r\u0259 b\u00f6l\u00fcnd\u00fc"},"content":{"rendered":"<p><strong>Xa\u00e7mazda g\u0259nc o\u011flan\u0131n par\u00e7alanm\u0131\u015f meyiti tap\u0131l\u0131b.<\/strong><\/p>\n<p>Xa\u00e7maz rayon \u00c7arx\u0131 k\u0259ndi \u0259razisind\u0259ki d\u0259mir yolu x\u0259ttind\u0259 k\u0259nd sakini, 1999-cu il t\u0259v\u0259ll\u00fcdl\u00fc Mehtiyev A\u011facan Maqsud o\u011flunun \u00e7\u0131lpaq v\u0259ziyy\u0259td\u0259 hiss\u0259l\u0259r\u0259 b\u00f6l\u00fcnm\u00fc\u015f meyiti d\u0259mir yolu x\u0259ttinin aras\u0131nda a\u015fkar edilib.<\/p>\n<p>Meyit\u0259 bax\u0131\u015f ke\u00e7iril\u0259rk\u0259n m\u0259lum olub ki, A.Mehtiyevin ayaqlar\u0131 b\u0259d\u0259nind\u0259n ayr\u0131l\u0131b, sa\u011f ayaq meyitin yan\u0131nda, sol aya\u011f\u0131 is\u0259 meyitd\u0259n 32 metr k\u0259narda a\u015fkar edilib.<\/p>\n<p>Ara\u015fd\u0131rmalar zaman\u0131 m\u0259lum olub ki, A.Mehtiyev y\u00fck qatar\u0131 il\u0259 vurulub.<\/p>\n<p>Faktla ba\u011fl\u0131 Xa\u00e7maz rayon prokurorlu\u011funda Cinay\u0259t M\u0259c\u0259ll\u0259sinin 262.2-ci (d\u0259mir yolu, su v\u0259 ya hava n\u0259qliyyat\u0131n\u0131n h\u0259r\u0259k\u0259t t\u0259hl\u00fck\u0259sizliyini pozma, ehtiyats\u0131zl\u0131qdan z\u0259r\u0259r\u00e7\u0259kmi\u015fin \u00f6l\u00fcm\u00fcn\u0259 s\u0259b\u0259b olma) madd\u0259sil\u0259 cinay\u0259t i\u015fi ba\u015flan\u0131b.<\/p>\n<p>\u0130stintaqla A.Mehtiyevi vuran y\u00fck qatar\u0131 m\u00fc\u0259yy\u0259n edilib. (trend)<\/p>\n","protected":false},"excerpt":{"rendered":"<p>Xa\u00e7mazda g\u0259nc o\u011flan\u0131n par\u00e7alanm\u0131\u015f meyiti tap\u0131l\u0131b. Xa\u00e7maz rayon \u00c7arx\u0131 k\u0259ndi \u0259razisind\u0259ki d\u0259mir yolu x\u0259ttind\u0259 k\u0259nd sakini, 1999-cu il t\u0259v\u0259ll\u00fcdl\u00fc Mehtiyev A\u011facan Maqsud o\u011flunun \u00e7\u0131lpaq v\u0259ziyy\u0259td\u0259 hiss\u0259l\u0259r\u0259 b\u00f6l\u00fcnm\u00fc\u015f meyiti d\u0259mir yolu x\u0259ttinin aras\u0131nda a\u015fkar edilib. Meyit\u0259 bax\u0131\u015f ke\u00e7iril\u0259rk\u0259n m\u0259lum olub ki, A.Mehtiyevin ayaqlar\u0131 b\u0259d\u0259nind\u0259n ayr\u0131l\u0131b, sa\u011f ayaq meyitin yan\u0131nda, sol aya\u011f\u0131 is\u0259 meyitd\u0259n 32 metr k\u0259narda a\u015fkar edilib. Ara\u015fd\u0131rmalar zaman\u0131 m\u0259lum olub ki, A.Mehtiyev y\u00fck qatar\u0131 il\u0259 vurulub. Faktla ba\u011fl\u0131 Xa\u00e7maz rayon prokurorlu\u011funda Cinay\u0259t M\u0259c\u0259ll\u0259sinin 262.2-ci (d\u0259mir yolu, su v\u0259 ya hava n\u0259qliyyat\u0131n\u0131n h\u0259r\u0259k\u0259t t\u0259hl\u00fck\u0259sizliyini pozma, ehtiyats\u0131zl\u0131qdan z\u0259r\u0259r\u00e7\u0259kmi\u015fin \u00f6l\u00fcm\u00fcn\u0259 s\u0259b\u0259b olma)&hellip;<\/p>\n","protected":false},"author":2,"featured_media":96070,"comment_status":"closed","ping_status":"closed","sticky":false,"template":"","format":"standard","meta":{"om_disable_all_campaigns":false,"_monsterinsights_skip_tracking":false,"_monsterinsights_sitenote_active":false,"_monsterinsights_sitenote_note":"","_monsterinsights_sitenote_category":0},"categories":[5],"tags":[],"aioseo_notices":[],"gutentor_comment":0,"rttpg_featured_image_url":{"full":["https:\/\/arantv.az\/wp-content\/uploads\/2019\/11\/qatar_gif.gif",800,450,false],"landscape":["https:\/\/arantv.az\/wp-content\/uploads\/2019\/11\/qatar_gif.gif",800,450,false],"portraits":["https:\/\/arantv.az\/wp-content\/uploads\/2019\/11\/qatar_gif.gif",800,450,false],"thumbnail":["https:\/\/arantv.az\/wp-content\/uploads\/2019\/11\/qatar_gif-150x150.gif",150,150,true],"medium":["https:\/\/arantv.az\/wp-content\/uploads\/2019\/11\/qatar_gif-300x169.gif",300,169,true],"large":["https:\/\/arantv.az\/wp-content\/uploads\/2019\/11\/qatar_gif.gif",640,360,false],"1536x1536":["https:\/\/arantv.az\/wp-content\/uploads\/2019\/11\/qatar_gif.gif",800,450,false],"2048x2048":["https:\/\/arantv.az\/wp-content\/uploads\/2019\/11\/qatar_gif.gif",800,450,false],"post-thumbnail":["https:\/\/arantv.az\/wp-content\/uploads\/2019\/11\/qatar_gif-240x172.gif",240,172,true],"advps-thumb-one":["https:\/\/arantv.az\/wp-content\/uploads\/2019\/11\/qatar_gif.gif",800,450,false]},"rttpg_author":{"display_name":"V\u00fcsal Rafiqo\u011flu","author_link":"https:\/\/arantv.az\/?author=2"},"rttpg_comment":0,"rttpg_category":"<a href=\"https:\/\/arantv.az\/?cat=5\" rel=\"category\">Hadis\u0259<\/a>","rttpg_excerpt":"Xa\u00e7mazda g\u0259nc o\u011flan\u0131n par\u00e7alanm\u0131\u015f meyiti tap\u0131l\u0131b. Xa\u00e7maz rayon \u00c7arx\u0131 k\u0259ndi \u0259razisind\u0259ki d\u0259mir yolu x\u0259ttind\u0259 k\u0259nd sakini, 1999-cu il t\u0259v\u0259ll\u00fcdl\u00fc Mehtiyev A\u011facan Maqsud o\u011flunun \u00e7\u0131lpaq v\u0259ziyy\u0259td\u0259 hiss\u0259l\u0259r\u0259 b\u00f6l\u00fcnm\u00fc\u015f meyiti d\u0259mir yolu x\u0259ttinin aras\u0131nda a\u015fkar edilib. Meyit\u0259 bax\u0131\u015f ke\u00e7iril\u0259rk\u0259n m\u0259lum olub ki, A.Mehtiyevin ayaqlar\u0131 b\u0259d\u0259nind\u0259n ayr\u0131l\u0131b, sa\u011f ayaq meyitin yan\u0131nda, sol aya\u011f\u0131 is\u0259 meyitd\u0259n 32 metr k\u0259narda&hellip;","_links":{"self":[{"href":"https:\/\/arantv.az\/index.php?rest_route=\/wp\/v2\/posts\/96069"}],"collection":[{"href":"https:\/\/arantv.az\/index.php?rest_route=\/wp\/v2\/posts"}],"about":[{"href":"https:\/\/arantv.az\/index.php?rest_route=\/wp\/v2\/types\/post"}],"author":[{"embeddable":true,"href":"https:\/\/arantv.az\/index.php?rest_route=\/wp\/v2\/users\/2"}],"replies":[{"embeddable":true,"href":"https:\/\/arantv.az\/index.php?rest_route=%2Fwp%2Fv2%2Fcomments&post=96069"}],"version-history":[{"count":0,"href":"https:\/\/arantv.az\/index.php?rest_route=\/wp\/v2\/posts\/96069\/revisions"}],"wp:featuredmedia":[{"embeddable":true,"href":"https:\/\/arantv.az\/index.php?rest_route=\/wp\/v2\/media\/96070"}],"wp:attachment":[{"href":"https:\/\/arantv.az\/index.php?rest_route=%2Fwp%2Fv2%2Fmedia&parent=96069"}],"wp:term":[{"taxonomy":"category","embeddable":true,"href":"https:\/\/arantv.az\/index.php?rest_route=%2Fwp%2Fv2%2Fcategories&post=96069"},{"taxonomy":"post_tag","embeddable":true,"href":"https:\/\/arantv.az\/index.php?rest_route=%2Fwp%2Fv2%2Ftags&post=96069"}],"curies":[{"name":"wp","href":"https:\/\/api.w.org\/{rel}","templated":true}]}}