{"id":96085,"date":"2019-11-14T09:32:51","date_gmt":"2019-11-14T06:32:51","guid":{"rendered":"http:\/\/arantv.az\/?p=96085"},"modified":"2019-11-14T09:32:51","modified_gmt":"2019-11-14T06:32:51","slug":"bu-gun-deputatlar-vergi-m%c9%99c%c9%99ll%c9%99sin%c9%99-d%c9%99yisiklikl%c9%99ri-muzakir%c9%99-ed%c9%99c%c9%99kl%c9%99r","status":"publish","type":"post","link":"https:\/\/arantv.az\/?p=96085","title":{"rendered":"Bu g\u00fcn deputatlar Vergi M\u0259c\u0259ll\u0259sin\u0259 d\u0259yi\u015fiklikl\u0259ri m\u00fczakir\u0259 ed\u0259c\u0259kl\u0259r"},"content":{"rendered":"<p><strong>Bu g\u00fcn Milli M\u0259clisin plenar iclas\u0131 davam etdiril\u0259c\u0259k.<\/strong><\/p>\n<p><strong>ARANTV.AZ<\/strong>\u00a0\u00a0<a href=\"https:\/\/az.trend.az\/\" target=\"_blank\" rel=\"noopener\">Trend<\/a>-\u0259 istinad\u0259n x\u0259b\u0259r verir ki, deputatlar iclasda Vergi M\u0259c\u0259ll\u0259sin\u0259 t\u0259klif edil\u0259n bir \u00e7ox d\u0259yi\u015fiklikl\u0259ri m\u00fczakir\u0259 ed\u0259c\u0259kl\u0259r.<\/p>\n<p>Milli M\u0259clisin 3 g\u00fcn &#8211; 12, 13 v\u0259 14 noyabrda davam ed\u0259n iclaslar\u0131n\u0131n g\u00fcnd\u0259liyin\u0259 Az\u0259rbaycan Respublikas\u0131n\u0131n 2020-ci il d\u00f6vl\u0259t b\u00fcdc\u0259si haqq\u0131nda&#8221;, &#8220;Sosial t\u0259minat\u0131 v\u0259 m\u00fcdafi\u0259ni h\u0259yata ke\u00e7ir\u0259n m\u00fcvafiq icra hakimiyy\u0259ti orqan\u0131n\u0131n 2020-ci il b\u00fcdc\u0259si haqq\u0131nda&#8221;, &#8220;\u0130\u015fsizlikd\u0259n s\u0131\u011forta fondunun 2020-ci il d\u00f6vl\u0259t b\u00fcdc\u0259si haqq\u0131nda&#8221;, &#8220;Az\u0259rbaycan Respublikas\u0131nda 2020-ci il \u00fc\u00e7\u00fcn ya\u015fay\u0131\u015f minimumu haqq\u0131nda&#8221;, &#8220;Az\u0259rbaycan Respublikas\u0131nda 2020-ci il \u00fc\u00e7\u00fcn ehtiyac meyar\u0131n\u0131n h\u0259ddi haqq\u0131nda&#8221;, &#8220;\u018fm\u0259k pensiyalar\u0131 haqq\u0131nda&#8221;, &#8220;M\u0259\u015f\u011fulluq haqq\u0131nda&#8221;, &#8220;Sosial m\u00fcavin\u0259tl\u0259r haqq\u0131nda&#8221; qanun layih\u0259l\u0259ri, o c\u00fcml\u0259d\u0259n Vergi M\u0259c\u0259ll\u0259sind\u0259 d\u0259yi\u015fiklikl\u0259r, Milli M\u0259clisinin 2020-ci il \u00fc\u00e7\u00fcn x\u0259rcl\u0259r smetas\u0131, Hesablama Palatas\u0131n\u0131n 2020-ci il \u00fc\u00e7\u00fcn x\u0259rcl\u0259r smetas\u0131 daxildir.<\/p>\n<div>\n<div id=\"AdviadNativeVideo0\" class=\"AdviadNativeVideo\"><\/div>\n<\/div>\n<p>Qeyd ed\u0259k ki, \u00f6t\u0259n iki g\u00fcn \u0259rzind\u0259 2020-ci ilin d\u00f6vl\u0259t b\u00fcdc\u0259si v\u0259 dig\u0259r bir s\u0131ra m\u0259s\u0259l\u0259l\u0259r birinci oxunu\u015fda t\u0259sdiq olunub. Bu g\u00fcn iclasda \u0259sas\u0259n Vergi M\u0259c\u0259ll\u0259si m\u00fczakir\u0259 olunacaq.<\/p>\n","protected":false},"excerpt":{"rendered":"<p>Bu g\u00fcn Milli M\u0259clisin plenar iclas\u0131 davam etdiril\u0259c\u0259k. ARANTV.AZ\u00a0\u00a0Trend-\u0259 istinad\u0259n x\u0259b\u0259r verir ki, deputatlar iclasda Vergi M\u0259c\u0259ll\u0259sin\u0259 t\u0259klif edil\u0259n bir \u00e7ox d\u0259yi\u015fiklikl\u0259ri m\u00fczakir\u0259 ed\u0259c\u0259kl\u0259r. Milli M\u0259clisin 3 g\u00fcn &#8211; 12, 13 v\u0259 14 noyabrda davam ed\u0259n iclaslar\u0131n\u0131n g\u00fcnd\u0259liyin\u0259 Az\u0259rbaycan Respublikas\u0131n\u0131n 2020-ci il d\u00f6vl\u0259t b\u00fcdc\u0259si haqq\u0131nda&#8221;, &#8220;Sosial t\u0259minat\u0131 v\u0259 m\u00fcdafi\u0259ni h\u0259yata ke\u00e7ir\u0259n m\u00fcvafiq icra hakimiyy\u0259ti orqan\u0131n\u0131n 2020-ci il b\u00fcdc\u0259si haqq\u0131nda&#8221;, &#8220;\u0130\u015fsizlikd\u0259n s\u0131\u011forta fondunun 2020-ci il d\u00f6vl\u0259t b\u00fcdc\u0259si haqq\u0131nda&#8221;, &#8220;Az\u0259rbaycan Respublikas\u0131nda 2020-ci il \u00fc\u00e7\u00fcn ya\u015fay\u0131\u015f minimumu haqq\u0131nda&#8221;, &#8220;Az\u0259rbaycan Respublikas\u0131nda 2020-ci il \u00fc\u00e7\u00fcn ehtiyac meyar\u0131n\u0131n h\u0259ddi haqq\u0131nda&#8221;, &#8220;\u018fm\u0259k pensiyalar\u0131 haqq\u0131nda&#8221;, &#8220;M\u0259\u015f\u011fulluq haqq\u0131nda&#8221;, &#8220;Sosial&hellip;<\/p>\n","protected":false},"author":2,"featured_media":96086,"comment_status":"closed","ping_status":"closed","sticky":false,"template":"","format":"standard","meta":{"om_disable_all_campaigns":false,"_monsterinsights_skip_tracking":false,"_monsterinsights_sitenote_active":false,"_monsterinsights_sitenote_note":"","_monsterinsights_sitenote_category":0},"categories":[1],"tags":[],"aioseo_notices":[],"gutentor_comment":0,"rttpg_featured_image_url":{"full":["https:\/\/arantv.az\/wp-content\/uploads\/2019\/11\/milli_meclis_0001-4.jpg",482,361,false],"landscape":["https:\/\/arantv.az\/wp-content\/uploads\/2019\/11\/milli_meclis_0001-4.jpg",482,361,false],"portraits":["https:\/\/arantv.az\/wp-content\/uploads\/2019\/11\/milli_meclis_0001-4.jpg",482,361,false],"thumbnail":["https:\/\/arantv.az\/wp-content\/uploads\/2019\/11\/milli_meclis_0001-4-150x150.jpg",150,150,true],"medium":["https:\/\/arantv.az\/wp-content\/uploads\/2019\/11\/milli_meclis_0001-4-300x225.jpg",300,225,true],"large":["https:\/\/arantv.az\/wp-content\/uploads\/2019\/11\/milli_meclis_0001-4.jpg",482,361,false],"1536x1536":["https:\/\/arantv.az\/wp-content\/uploads\/2019\/11\/milli_meclis_0001-4.jpg",482,361,false],"2048x2048":["https:\/\/arantv.az\/wp-content\/uploads\/2019\/11\/milli_meclis_0001-4.jpg",482,361,false],"post-thumbnail":["https:\/\/arantv.az\/wp-content\/uploads\/2019\/11\/milli_meclis_0001-4-240x172.jpg",240,172,true],"advps-thumb-one":["https:\/\/arantv.az\/wp-content\/uploads\/2019\/11\/milli_meclis_0001-4.jpg",482,361,false]},"rttpg_author":{"display_name":"V\u00fcsal Rafiqo\u011flu","author_link":"https:\/\/arantv.az\/?author=2"},"rttpg_comment":0,"rttpg_category":"<a href=\"https:\/\/arantv.az\/?cat=1\" rel=\"category\">C\u0259miyy\u0259t<\/a>","rttpg_excerpt":"Bu g\u00fcn Milli M\u0259clisin plenar iclas\u0131 davam etdiril\u0259c\u0259k. ARANTV.AZ\u00a0\u00a0Trend-\u0259 istinad\u0259n x\u0259b\u0259r verir ki, deputatlar iclasda Vergi M\u0259c\u0259ll\u0259sin\u0259 t\u0259klif edil\u0259n bir \u00e7ox d\u0259yi\u015fiklikl\u0259ri m\u00fczakir\u0259 ed\u0259c\u0259kl\u0259r. Milli M\u0259clisin 3 g\u00fcn &#8211; 12, 13 v\u0259 14 noyabrda davam ed\u0259n iclaslar\u0131n\u0131n g\u00fcnd\u0259liyin\u0259 Az\u0259rbaycan Respublikas\u0131n\u0131n 2020-ci il d\u00f6vl\u0259t b\u00fcdc\u0259si haqq\u0131nda&#8221;, &#8220;Sosial t\u0259minat\u0131 v\u0259 m\u00fcdafi\u0259ni h\u0259yata ke\u00e7ir\u0259n m\u00fcvafiq icra hakimiyy\u0259ti orqan\u0131n\u0131n&hellip;","_links":{"self":[{"href":"https:\/\/arantv.az\/index.php?rest_route=\/wp\/v2\/posts\/96085"}],"collection":[{"href":"https:\/\/arantv.az\/index.php?rest_route=\/wp\/v2\/posts"}],"about":[{"href":"https:\/\/arantv.az\/index.php?rest_route=\/wp\/v2\/types\/post"}],"author":[{"embeddable":true,"href":"https:\/\/arantv.az\/index.php?rest_route=\/wp\/v2\/users\/2"}],"replies":[{"embeddable":true,"href":"https:\/\/arantv.az\/index.php?rest_route=%2Fwp%2Fv2%2Fcomments&post=96085"}],"version-history":[{"count":0,"href":"https:\/\/arantv.az\/index.php?rest_route=\/wp\/v2\/posts\/96085\/revisions"}],"wp:featuredmedia":[{"embeddable":true,"href":"https:\/\/arantv.az\/index.php?rest_route=\/wp\/v2\/media\/96086"}],"wp:attachment":[{"href":"https:\/\/arantv.az\/index.php?rest_route=%2Fwp%2Fv2%2Fmedia&parent=96085"}],"wp:term":[{"taxonomy":"category","embeddable":true,"href":"https:\/\/arantv.az\/index.php?rest_route=%2Fwp%2Fv2%2Fcategories&post=96085"},{"taxonomy":"post_tag","embeddable":true,"href":"https:\/\/arantv.az\/index.php?rest_route=%2Fwp%2Fv2%2Ftags&post=96085"}],"curies":[{"name":"wp","href":"https:\/\/api.w.org\/{rel}","templated":true}]}}