{"id":96089,"date":"2019-11-14T09:33:33","date_gmt":"2019-11-14T06:33:33","guid":{"rendered":"http:\/\/arantv.az\/?p=96089"},"modified":"2019-11-14T09:33:33","modified_gmt":"2019-11-14T06:33:33","slug":"fransada-az%c9%99rbaycanli-muhacir-saxlanilib","status":"publish","type":"post","link":"https:\/\/arantv.az\/?p=96089","title":{"rendered":"Fransada az\u0259rbaycanl\u0131 m\u00fchacir saxlan\u0131l\u0131b"},"content":{"rendered":"<p><strong>Az\u0259rbaycanl\u0131 m\u00fchacir R\u0259fail Piriyev Fransada saxlan\u0131l\u0131b.<\/strong><\/p>\n<p><strong>ARANTV.AZ<\/strong>\u00a0\u00a0<a href=\"https:\/\/az.trend.az\/\" target=\"_blank\" rel=\"noopener\">Trend<\/a>-\u0259 istinad\u0259n x\u0259b\u0259r verir ki, sosial \u015f\u0259b\u0259k\u0259l\u0259rd\u0259 yay\u0131lan m\u0259lumata g\u00f6r\u0259, bir ne\u00e7\u0259 il \u0259vv\u0259l Az\u0259rbaycandan Almaniyaya ged\u0259r\u0259k bu \u00f6lk\u0259d\u0259n s\u0131\u011f\u0131nacaq ist\u0259y\u0259n R.Piriyevin bar\u0259sind\u0259 Berlin \u018fyal\u0259t M\u0259hk\u0259m\u0259sinin q\u0259rar\u0131 il\u0259 deportasiya q\u0259rar\u0131 \u00e7\u0131xar\u0131l\u0131b.<\/p>\n<p>R.Piriyev Almaniya Federal Daxili \u0130\u015fl\u0259r Nazirliyinin t\u0259qdimat\u0131 il\u0259 Fransadak\u0131 qa\u00e7q\u0131n d\u00fc\u015f\u0259rg\u0259sind\u0259 saxlan\u0131l\u0131b.<\/p>\n<div>\n<div id=\"AdviadNativeVideo0\" class=\"AdviadNativeVideo\"><\/div>\n<\/div>\n<p>Az\u0259rbaycan v\u0259t\u0259nda\u015f\u0131n\u0131n yax\u0131n g\u00fcnl\u0259rd\u0259 Almaniyaya deportasiya edilm\u0259si g\u00f6zl\u0259nilir.<\/p>\n","protected":false},"excerpt":{"rendered":"<p>Az\u0259rbaycanl\u0131 m\u00fchacir R\u0259fail Piriyev Fransada saxlan\u0131l\u0131b. ARANTV.AZ\u00a0\u00a0Trend-\u0259 istinad\u0259n x\u0259b\u0259r verir ki, sosial \u015f\u0259b\u0259k\u0259l\u0259rd\u0259 yay\u0131lan m\u0259lumata g\u00f6r\u0259, bir ne\u00e7\u0259 il \u0259vv\u0259l Az\u0259rbaycandan Almaniyaya ged\u0259r\u0259k bu \u00f6lk\u0259d\u0259n s\u0131\u011f\u0131nacaq ist\u0259y\u0259n R.Piriyevin bar\u0259sind\u0259 Berlin \u018fyal\u0259t M\u0259hk\u0259m\u0259sinin q\u0259rar\u0131 il\u0259 deportasiya q\u0259rar\u0131 \u00e7\u0131xar\u0131l\u0131b. R.Piriyev Almaniya Federal Daxili \u0130\u015fl\u0259r Nazirliyinin t\u0259qdimat\u0131 il\u0259 Fransadak\u0131 qa\u00e7q\u0131n d\u00fc\u015f\u0259rg\u0259sind\u0259 saxlan\u0131l\u0131b. Az\u0259rbaycan v\u0259t\u0259nda\u015f\u0131n\u0131n yax\u0131n g\u00fcnl\u0259rd\u0259 Almaniyaya deportasiya edilm\u0259si g\u00f6zl\u0259nilir.<\/p>\n","protected":false},"author":2,"featured_media":96090,"comment_status":"closed","ping_status":"closed","sticky":false,"template":"","format":"standard","meta":{"om_disable_all_campaigns":false,"_monsterinsights_skip_tracking":false,"_monsterinsights_sitenote_active":false,"_monsterinsights_sitenote_note":"","_monsterinsights_sitenote_category":0},"categories":[5],"tags":[],"aioseo_notices":[],"gutentor_comment":0,"rttpg_featured_image_url":{"full":["https:\/\/arantv.az\/wp-content\/uploads\/2019\/11\/802130.jpg",800,600,false],"landscape":["https:\/\/arantv.az\/wp-content\/uploads\/2019\/11\/802130.jpg",800,600,false],"portraits":["https:\/\/arantv.az\/wp-content\/uploads\/2019\/11\/802130.jpg",800,600,false],"thumbnail":["https:\/\/arantv.az\/wp-content\/uploads\/2019\/11\/802130-150x150.jpg",150,150,true],"medium":["https:\/\/arantv.az\/wp-content\/uploads\/2019\/11\/802130-300x225.jpg",300,225,true],"large":["https:\/\/arantv.az\/wp-content\/uploads\/2019\/11\/802130.jpg",640,480,false],"1536x1536":["https:\/\/arantv.az\/wp-content\/uploads\/2019\/11\/802130.jpg",800,600,false],"2048x2048":["https:\/\/arantv.az\/wp-content\/uploads\/2019\/11\/802130.jpg",800,600,false],"post-thumbnail":["https:\/\/arantv.az\/wp-content\/uploads\/2019\/11\/802130-240x172.jpg",240,172,true],"advps-thumb-one":["https:\/\/arantv.az\/wp-content\/uploads\/2019\/11\/802130.jpg",800,600,false]},"rttpg_author":{"display_name":"V\u00fcsal Rafiqo\u011flu","author_link":"https:\/\/arantv.az\/?author=2"},"rttpg_comment":0,"rttpg_category":"<a href=\"https:\/\/arantv.az\/?cat=5\" rel=\"category\">Hadis\u0259<\/a>","rttpg_excerpt":"Az\u0259rbaycanl\u0131 m\u00fchacir R\u0259fail Piriyev Fransada saxlan\u0131l\u0131b. ARANTV.AZ\u00a0\u00a0Trend-\u0259 istinad\u0259n x\u0259b\u0259r verir ki, sosial \u015f\u0259b\u0259k\u0259l\u0259rd\u0259 yay\u0131lan m\u0259lumata g\u00f6r\u0259, bir ne\u00e7\u0259 il \u0259vv\u0259l Az\u0259rbaycandan Almaniyaya ged\u0259r\u0259k bu \u00f6lk\u0259d\u0259n s\u0131\u011f\u0131nacaq ist\u0259y\u0259n R.Piriyevin bar\u0259sind\u0259 Berlin \u018fyal\u0259t M\u0259hk\u0259m\u0259sinin q\u0259rar\u0131 il\u0259 deportasiya q\u0259rar\u0131 \u00e7\u0131xar\u0131l\u0131b. R.Piriyev Almaniya Federal Daxili \u0130\u015fl\u0259r Nazirliyinin t\u0259qdimat\u0131 il\u0259 Fransadak\u0131 qa\u00e7q\u0131n d\u00fc\u015f\u0259rg\u0259sind\u0259 saxlan\u0131l\u0131b. Az\u0259rbaycan v\u0259t\u0259nda\u015f\u0131n\u0131n yax\u0131n g\u00fcnl\u0259rd\u0259 Almaniyaya deportasiya&hellip;","_links":{"self":[{"href":"https:\/\/arantv.az\/index.php?rest_route=\/wp\/v2\/posts\/96089"}],"collection":[{"href":"https:\/\/arantv.az\/index.php?rest_route=\/wp\/v2\/posts"}],"about":[{"href":"https:\/\/arantv.az\/index.php?rest_route=\/wp\/v2\/types\/post"}],"author":[{"embeddable":true,"href":"https:\/\/arantv.az\/index.php?rest_route=\/wp\/v2\/users\/2"}],"replies":[{"embeddable":true,"href":"https:\/\/arantv.az\/index.php?rest_route=%2Fwp%2Fv2%2Fcomments&post=96089"}],"version-history":[{"count":0,"href":"https:\/\/arantv.az\/index.php?rest_route=\/wp\/v2\/posts\/96089\/revisions"}],"wp:featuredmedia":[{"embeddable":true,"href":"https:\/\/arantv.az\/index.php?rest_route=\/wp\/v2\/media\/96090"}],"wp:attachment":[{"href":"https:\/\/arantv.az\/index.php?rest_route=%2Fwp%2Fv2%2Fmedia&parent=96089"}],"wp:term":[{"taxonomy":"category","embeddable":true,"href":"https:\/\/arantv.az\/index.php?rest_route=%2Fwp%2Fv2%2Fcategories&post=96089"},{"taxonomy":"post_tag","embeddable":true,"href":"https:\/\/arantv.az\/index.php?rest_route=%2Fwp%2Fv2%2Ftags&post=96089"}],"curies":[{"name":"wp","href":"https:\/\/api.w.org\/{rel}","templated":true}]}}