{"id":96093,"date":"2019-11-14T09:34:17","date_gmt":"2019-11-14T06:34:17","guid":{"rendered":"http:\/\/arantv.az\/?p=96093"},"modified":"2019-11-14T09:34:17","modified_gmt":"2019-11-14T06:34:17","slug":"iranda-d%c9%99hs%c9%99tli-q%c9%99za-28-n%c9%99f%c9%99r-oldu-26-yarali-var","status":"publish","type":"post","link":"https:\/\/arantv.az\/?p=96093","title":{"rendered":"\u0130randa d\u0259h\u015f\u0259tli q\u0259za: 28 n\u0259f\u0259r \u00f6ld\u00fc, 26 yaral\u0131 var"},"content":{"rendered":"<blockquote><p><em><strong>\u0130ran\u0131n c\u0259nub-\u015f\u0259rqind\u0259 yerl\u0259\u015f\u0259n Sistan v\u0259 B\u0259lu\u00e7estan vilay\u0259tinin S\u0259ravan-Xa\u015f yolunda iki pikap avtomobilinin toqqu\u015fmas\u0131 n\u0259tic\u0259sind\u0259 a\u011f\u0131r yol q\u0259zas\u0131 ba\u015f verib<\/strong><\/em><\/p><\/blockquote>\n<p><strong>ARANTV.AZ<\/strong>\u00a0\u00a0<a href=\"https:\/\/az.trend.az\/\" target=\"_blank\" rel=\"noopener\">Trend<\/a>-\u0259 istinad\u0259n x\u0259b\u0259r verir ki, bunu \u0130ran\u0131n T\u0259cili Yard\u0131m T\u0259\u015fkilat\u0131n\u0131n s\u00f6z\u00e7\u00fcs\u00fc Muctaba Xaledi deyib.<\/p>\n<p>M.Xaledinin s\u00f6zl\u0259rin\u0259 g\u00f6r\u0259, yerli vaxtla gec\u0259 saat 02:30 rad\u0259l\u0259rind\u0259 ba\u015f ver\u0259n hadis\u0259 n\u0259tic\u0259sind\u0259 28 n\u0259f\u0259r h\u0259lak olub.<\/p>\n<p>Yol q\u0259zas\u0131nda, h\u0259m\u00e7inin 26 n\u0259f\u0259r yaralan\u0131b.<\/p>\n<div>\n<div id=\"AdviadNativeVideo0\" class=\"AdviadNativeVideo\"><\/div>\n<\/div>\n<p>T\u0259\u015fkilat r\u0259smisi yol q\u0259zas\u0131nda h\u0259lak olan v\u0259 yaralananlar\u0131n \u018ffqan\u0131tan v\u0259t\u0259nda\u015flar\u0131 oldu\u011funu deyib.<\/p>\n","protected":false},"excerpt":{"rendered":"<p>\u0130ran\u0131n c\u0259nub-\u015f\u0259rqind\u0259 yerl\u0259\u015f\u0259n Sistan v\u0259 B\u0259lu\u00e7estan vilay\u0259tinin S\u0259ravan-Xa\u015f yolunda iki pikap avtomobilinin toqqu\u015fmas\u0131 n\u0259tic\u0259sind\u0259 a\u011f\u0131r yol q\u0259zas\u0131 ba\u015f verib ARANTV.AZ\u00a0\u00a0Trend-\u0259 istinad\u0259n x\u0259b\u0259r verir ki, bunu \u0130ran\u0131n T\u0259cili Yard\u0131m T\u0259\u015fkilat\u0131n\u0131n s\u00f6z\u00e7\u00fcs\u00fc Muctaba Xaledi deyib. M.Xaledinin s\u00f6zl\u0259rin\u0259 g\u00f6r\u0259, yerli vaxtla gec\u0259 saat 02:30 rad\u0259l\u0259rind\u0259 ba\u015f ver\u0259n hadis\u0259 n\u0259tic\u0259sind\u0259 28 n\u0259f\u0259r h\u0259lak olub. Yol q\u0259zas\u0131nda, h\u0259m\u00e7inin 26 n\u0259f\u0259r yaralan\u0131b. T\u0259\u015fkilat r\u0259smisi yol q\u0259zas\u0131nda h\u0259lak olan v\u0259 yaralananlar\u0131n \u018ffqan\u0131tan v\u0259t\u0259nda\u015flar\u0131 oldu\u011funu deyib.<\/p>\n","protected":false},"author":2,"featured_media":96094,"comment_status":"closed","ping_status":"closed","sticky":false,"template":"","format":"standard","meta":{"om_disable_all_campaigns":false,"_monsterinsights_skip_tracking":false,"_monsterinsights_sitenote_active":false,"_monsterinsights_sitenote_note":"","_monsterinsights_sitenote_category":0},"categories":[7],"tags":[],"aioseo_notices":[],"gutentor_comment":0,"rttpg_featured_image_url":{"full":["https:\/\/arantv.az\/wp-content\/uploads\/2019\/11\/802119.jpg",800,600,false],"landscape":["https:\/\/arantv.az\/wp-content\/uploads\/2019\/11\/802119.jpg",800,600,false],"portraits":["https:\/\/arantv.az\/wp-content\/uploads\/2019\/11\/802119.jpg",800,600,false],"thumbnail":["https:\/\/arantv.az\/wp-content\/uploads\/2019\/11\/802119-150x150.jpg",150,150,true],"medium":["https:\/\/arantv.az\/wp-content\/uploads\/2019\/11\/802119-300x225.jpg",300,225,true],"large":["https:\/\/arantv.az\/wp-content\/uploads\/2019\/11\/802119.jpg",640,480,false],"1536x1536":["https:\/\/arantv.az\/wp-content\/uploads\/2019\/11\/802119.jpg",800,600,false],"2048x2048":["https:\/\/arantv.az\/wp-content\/uploads\/2019\/11\/802119.jpg",800,600,false],"post-thumbnail":["https:\/\/arantv.az\/wp-content\/uploads\/2019\/11\/802119-240x172.jpg",240,172,true],"advps-thumb-one":["https:\/\/arantv.az\/wp-content\/uploads\/2019\/11\/802119.jpg",800,600,false]},"rttpg_author":{"display_name":"V\u00fcsal Rafiqo\u011flu","author_link":"https:\/\/arantv.az\/?author=2"},"rttpg_comment":0,"rttpg_category":"<a href=\"https:\/\/arantv.az\/?cat=7\" rel=\"category\">D\u00fcnya<\/a>","rttpg_excerpt":"\u0130ran\u0131n c\u0259nub-\u015f\u0259rqind\u0259 yerl\u0259\u015f\u0259n Sistan v\u0259 B\u0259lu\u00e7estan vilay\u0259tinin S\u0259ravan-Xa\u015f yolunda iki pikap avtomobilinin toqqu\u015fmas\u0131 n\u0259tic\u0259sind\u0259 a\u011f\u0131r yol q\u0259zas\u0131 ba\u015f verib ARANTV.AZ\u00a0\u00a0Trend-\u0259 istinad\u0259n x\u0259b\u0259r verir ki, bunu \u0130ran\u0131n T\u0259cili Yard\u0131m T\u0259\u015fkilat\u0131n\u0131n s\u00f6z\u00e7\u00fcs\u00fc Muctaba Xaledi deyib. M.Xaledinin s\u00f6zl\u0259rin\u0259 g\u00f6r\u0259, yerli vaxtla gec\u0259 saat 02:30 rad\u0259l\u0259rind\u0259 ba\u015f ver\u0259n hadis\u0259 n\u0259tic\u0259sind\u0259 28 n\u0259f\u0259r h\u0259lak olub. Yol q\u0259zas\u0131nda, h\u0259m\u00e7inin 26 n\u0259f\u0259r&hellip;","_links":{"self":[{"href":"https:\/\/arantv.az\/index.php?rest_route=\/wp\/v2\/posts\/96093"}],"collection":[{"href":"https:\/\/arantv.az\/index.php?rest_route=\/wp\/v2\/posts"}],"about":[{"href":"https:\/\/arantv.az\/index.php?rest_route=\/wp\/v2\/types\/post"}],"author":[{"embeddable":true,"href":"https:\/\/arantv.az\/index.php?rest_route=\/wp\/v2\/users\/2"}],"replies":[{"embeddable":true,"href":"https:\/\/arantv.az\/index.php?rest_route=%2Fwp%2Fv2%2Fcomments&post=96093"}],"version-history":[{"count":0,"href":"https:\/\/arantv.az\/index.php?rest_route=\/wp\/v2\/posts\/96093\/revisions"}],"wp:featuredmedia":[{"embeddable":true,"href":"https:\/\/arantv.az\/index.php?rest_route=\/wp\/v2\/media\/96094"}],"wp:attachment":[{"href":"https:\/\/arantv.az\/index.php?rest_route=%2Fwp%2Fv2%2Fmedia&parent=96093"}],"wp:term":[{"taxonomy":"category","embeddable":true,"href":"https:\/\/arantv.az\/index.php?rest_route=%2Fwp%2Fv2%2Fcategories&post=96093"},{"taxonomy":"post_tag","embeddable":true,"href":"https:\/\/arantv.az\/index.php?rest_route=%2Fwp%2Fv2%2Ftags&post=96093"}],"curies":[{"name":"wp","href":"https:\/\/api.w.org\/{rel}","templated":true}]}}