{"id":96113,"date":"2019-11-14T10:21:03","date_gmt":"2019-11-14T07:21:03","guid":{"rendered":"http:\/\/arantv.az\/?p=96113"},"modified":"2019-11-14T10:21:03","modified_gmt":"2019-11-14T07:21:03","slug":"az%c9%99rbaycanli-qadinda-qics-askarlandi-kisil%c9%99r-muayin%c9%99-ucun-poliklinikalara-uz-tutdu","status":"publish","type":"post","link":"https:\/\/arantv.az\/?p=96113","title":{"rendered":"Az\u0259rbaycanl\u0131 qad\u0131nda Q\u0130\u00c7S a\u015fkarland\u0131, ki\u015fil\u0259r m\u00fcayin\u0259 \u00fc\u00e7\u00fcn poliklinikalara \u00fcz tutdu"},"content":{"rendered":"<p>T\u00fcrkiy\u0259nin Karaman \u015f\u0259h\u0259rind\u0259 \u0259xlaq polisi fahi\u015f\u0259l\u0259r\u0259 qar\u015f\u0131 \u0259m\u0259liyyat ke\u00e7irib.<\/p>\n<p><b>ARANTV.AZ\u00a0<\/b> x\u0259b\u0259r verir ki, \u0259m\u0259liyyat zaman\u0131 aralar\u0131nda Natavan adl\u0131 qad\u0131n\u0131n da oldu\u011fu be\u015f n\u0259f\u0259r saxlan\u0131l\u0131b.<\/p>\n<div id=\"AdviadNativeVideo0\" class=\"AdviadNativeVideo\"><\/div>\n<p>S\u0259n\u0259dl\u0259\u015fdirm\u0259 v\u0259 tibbi m\u00fcayin\u0259 ba\u015fa \u00e7atd\u0131qdan sonra Natavan T\u00fcrkiy\u0259d\u0259n deportasiya edilib.<\/p>\n<p>Tibbi m\u00fcayin\u0259nin n\u0259tic\u0259si is\u0259 \u015f\u0259h\u0259ri bir-birin\u0259 qat\u0131b. Bel\u0259 ki, n\u0259tic\u0259y\u0259 \u0259sas\u0259n, Natavanda Q\u0130\u00c7S virusu a\u015fkarlan\u0131b.<\/p>\n<p>N\u0259tic\u0259l\u0259r a\u00e7\u0131qland\u0131qdan sonra \u015f\u0259h\u0259rd\u0259ki bir \u00e7ox ki\u015fil\u0259r m\u00fcayin\u0259 \u00fc\u00e7\u00fcn poliklinikalara m\u00fcraci\u0259t ed\u0259r\u0259k, yoxlan\u0131\u015fdan ke\u00e7m\u0259k ist\u0259dikl\u0259rini bildiribl\u0259r.\u00a0Oxu.Az<\/p>\n","protected":false},"excerpt":{"rendered":"<p>T\u00fcrkiy\u0259nin Karaman \u015f\u0259h\u0259rind\u0259 \u0259xlaq polisi fahi\u015f\u0259l\u0259r\u0259 qar\u015f\u0131 \u0259m\u0259liyyat ke\u00e7irib. ARANTV.AZ\u00a0 x\u0259b\u0259r verir ki, \u0259m\u0259liyyat zaman\u0131 aralar\u0131nda Natavan adl\u0131 qad\u0131n\u0131n da oldu\u011fu be\u015f n\u0259f\u0259r saxlan\u0131l\u0131b. S\u0259n\u0259dl\u0259\u015fdirm\u0259 v\u0259 tibbi m\u00fcayin\u0259 ba\u015fa \u00e7atd\u0131qdan sonra Natavan T\u00fcrkiy\u0259d\u0259n deportasiya edilib. Tibbi m\u00fcayin\u0259nin n\u0259tic\u0259si is\u0259 \u015f\u0259h\u0259ri bir-birin\u0259 qat\u0131b. Bel\u0259 ki, n\u0259tic\u0259y\u0259 \u0259sas\u0259n, Natavanda Q\u0130\u00c7S virusu a\u015fkarlan\u0131b. N\u0259tic\u0259l\u0259r a\u00e7\u0131qland\u0131qdan sonra \u015f\u0259h\u0259rd\u0259ki bir \u00e7ox ki\u015fil\u0259r m\u00fcayin\u0259 \u00fc\u00e7\u00fcn poliklinikalara m\u00fcraci\u0259t ed\u0259r\u0259k, yoxlan\u0131\u015fdan ke\u00e7m\u0259k ist\u0259dikl\u0259rini bildiribl\u0259r.\u00a0Oxu.Az<\/p>\n","protected":false},"author":2,"featured_media":96114,"comment_status":"closed","ping_status":"closed","sticky":false,"template":"","format":"standard","meta":{"om_disable_all_campaigns":false,"_monsterinsights_skip_tracking":false,"_monsterinsights_sitenote_active":false,"_monsterinsights_sitenote_note":"","_monsterinsights_sitenote_category":0},"categories":[1],"tags":[],"aioseo_notices":[],"gutentor_comment":0,"rttpg_featured_image_url":{"full":["https:\/\/arantv.az\/wp-content\/uploads\/2019\/11\/fuhustan-gozaltina-alinan-kadinin-paylastigi-12478839_9838_amp.jpg",620,348,false],"landscape":["https:\/\/arantv.az\/wp-content\/uploads\/2019\/11\/fuhustan-gozaltina-alinan-kadinin-paylastigi-12478839_9838_amp.jpg",620,348,false],"portraits":["https:\/\/arantv.az\/wp-content\/uploads\/2019\/11\/fuhustan-gozaltina-alinan-kadinin-paylastigi-12478839_9838_amp.jpg",620,348,false],"thumbnail":["https:\/\/arantv.az\/wp-content\/uploads\/2019\/11\/fuhustan-gozaltina-alinan-kadinin-paylastigi-12478839_9838_amp-150x150.jpg",150,150,true],"medium":["https:\/\/arantv.az\/wp-content\/uploads\/2019\/11\/fuhustan-gozaltina-alinan-kadinin-paylastigi-12478839_9838_amp-300x168.jpg",300,168,true],"large":["https:\/\/arantv.az\/wp-content\/uploads\/2019\/11\/fuhustan-gozaltina-alinan-kadinin-paylastigi-12478839_9838_amp.jpg",620,348,false],"1536x1536":["https:\/\/arantv.az\/wp-content\/uploads\/2019\/11\/fuhustan-gozaltina-alinan-kadinin-paylastigi-12478839_9838_amp.jpg",620,348,false],"2048x2048":["https:\/\/arantv.az\/wp-content\/uploads\/2019\/11\/fuhustan-gozaltina-alinan-kadinin-paylastigi-12478839_9838_amp.jpg",620,348,false],"post-thumbnail":["https:\/\/arantv.az\/wp-content\/uploads\/2019\/11\/fuhustan-gozaltina-alinan-kadinin-paylastigi-12478839_9838_amp-240x172.jpg",240,172,true],"advps-thumb-one":["https:\/\/arantv.az\/wp-content\/uploads\/2019\/11\/fuhustan-gozaltina-alinan-kadinin-paylastigi-12478839_9838_amp.jpg",620,348,false]},"rttpg_author":{"display_name":"V\u00fcsal Rafiqo\u011flu","author_link":"https:\/\/arantv.az\/?author=2"},"rttpg_comment":0,"rttpg_category":"<a href=\"https:\/\/arantv.az\/?cat=1\" rel=\"category\">C\u0259miyy\u0259t<\/a>","rttpg_excerpt":"T\u00fcrkiy\u0259nin Karaman \u015f\u0259h\u0259rind\u0259 \u0259xlaq polisi fahi\u015f\u0259l\u0259r\u0259 qar\u015f\u0131 \u0259m\u0259liyyat ke\u00e7irib. ARANTV.AZ\u00a0 x\u0259b\u0259r verir ki, \u0259m\u0259liyyat zaman\u0131 aralar\u0131nda Natavan adl\u0131 qad\u0131n\u0131n da oldu\u011fu be\u015f n\u0259f\u0259r saxlan\u0131l\u0131b. S\u0259n\u0259dl\u0259\u015fdirm\u0259 v\u0259 tibbi m\u00fcayin\u0259 ba\u015fa \u00e7atd\u0131qdan sonra Natavan T\u00fcrkiy\u0259d\u0259n deportasiya edilib. Tibbi m\u00fcayin\u0259nin n\u0259tic\u0259si is\u0259 \u015f\u0259h\u0259ri bir-birin\u0259 qat\u0131b. Bel\u0259 ki, n\u0259tic\u0259y\u0259 \u0259sas\u0259n, Natavanda Q\u0130\u00c7S virusu a\u015fkarlan\u0131b. N\u0259tic\u0259l\u0259r a\u00e7\u0131qland\u0131qdan sonra \u015f\u0259h\u0259rd\u0259ki bir&hellip;","_links":{"self":[{"href":"https:\/\/arantv.az\/index.php?rest_route=\/wp\/v2\/posts\/96113"}],"collection":[{"href":"https:\/\/arantv.az\/index.php?rest_route=\/wp\/v2\/posts"}],"about":[{"href":"https:\/\/arantv.az\/index.php?rest_route=\/wp\/v2\/types\/post"}],"author":[{"embeddable":true,"href":"https:\/\/arantv.az\/index.php?rest_route=\/wp\/v2\/users\/2"}],"replies":[{"embeddable":true,"href":"https:\/\/arantv.az\/index.php?rest_route=%2Fwp%2Fv2%2Fcomments&post=96113"}],"version-history":[{"count":0,"href":"https:\/\/arantv.az\/index.php?rest_route=\/wp\/v2\/posts\/96113\/revisions"}],"wp:featuredmedia":[{"embeddable":true,"href":"https:\/\/arantv.az\/index.php?rest_route=\/wp\/v2\/media\/96114"}],"wp:attachment":[{"href":"https:\/\/arantv.az\/index.php?rest_route=%2Fwp%2Fv2%2Fmedia&parent=96113"}],"wp:term":[{"taxonomy":"category","embeddable":true,"href":"https:\/\/arantv.az\/index.php?rest_route=%2Fwp%2Fv2%2Fcategories&post=96113"},{"taxonomy":"post_tag","embeddable":true,"href":"https:\/\/arantv.az\/index.php?rest_route=%2Fwp%2Fv2%2Ftags&post=96113"}],"curies":[{"name":"wp","href":"https:\/\/api.w.org\/{rel}","templated":true}]}}