{"id":96129,"date":"2019-11-14T10:27:51","date_gmt":"2019-11-14T07:27:51","guid":{"rendered":"http:\/\/arantv.az\/?p=96129"},"modified":"2019-11-14T10:27:51","modified_gmt":"2019-11-14T07:27:51","slug":"dyp-d%c9%99n-x%c9%99b%c9%99rdarliq-bu-yollar-bagli-olacaq","status":"publish","type":"post","link":"https:\/\/arantv.az\/?p=96129","title":{"rendered":"DYP-d\u0259n X\u018fB\u018fRDARLIQ: Bu yollar ba\u011fl\u0131 olacaq"},"content":{"rendered":"<p>Bak\u0131 \u015f\u0259h\u0259r D\u00f6vl\u0259t Yol Polis \u0130dar\u0259sinin avtomobil sahibl\u0259rin\u0259 v\u0259 s\u00fcr\u00fcc\u00fcl\u0259r\u0259 m\u00fcraci\u0259t edib.\u00a0<b>ARANTV.AZ<\/b>-\u0131n m\u0259lumat\u0131na \u0259sas\u0259n, 14-15 noyabr 2019-cu il tarixl\u0259rd\u0259 D\u00fcnya dini liderl\u0259rinin II Bak\u0131 Sammitinin ke\u00e7irilm\u0259si il\u0259 \u0259laq\u0259dar b\u0259zi k\u00fc\u00e7\u0259 v\u0259 prospektl\u0259rd\u0259 avtomobill\u0259rin h\u0259r\u0259k\u0259tin\u0259 fasil\u0259l\u0259rl\u0259 m\u0259hdudiyy\u0259t qoyulmaqla istiqam\u0259tin d\u0259yi\u015fdirilm\u0259si n\u0259z\u0259rd\u0259 tutulur.<br \/>\nBel\u0259 ki, 14-15 noyabr tarixl\u0259rd\u0259 hava liman\u0131na g\u0259l\u0259n y\u00fcks\u0259k \u00e7inli qonaqlar\u0131n, t\u0259dbir i\u015ftirak\u00e7\u0131lar\u0131n\u0131n qar\u015f\u0131lanaraq m\u0259rk\u0259z\u0259 do\u011fru otell\u0259r istiqam\u0259tin\u0259 h\u0259r\u0259k\u0259ti m\u00fc\u0259yy\u0259n edilib. Bu m\u0259qs\u0259dl\u0259 qonaqlar\u0131n yerl\u0259\u015fdirilm\u0259si v\u0259 t\u0259dbirl\u0259rin ke\u00e7irilm\u0259si \u00fc\u00e7\u00fcn n\u0259z\u0259rd\u0259 tutulmu\u015f &#8220;Heyd\u0259r \u018fliyev M\u0259rk\u0259zi&#8221;, &#8220;Bak\u0131 Konqres M\u0259rk\u0259zi&#8221; v\u0259 dig\u0259r \u0259rzil\u0259r\u0259 do\u011fru h\u0259r\u0259k\u0259td\u0259 t\u0259hl\u00fck\u0259sizlik t\u0259dbirl\u0259ri h\u0259yata ke\u00e7iril\u0259c\u0259k.<br \/>\nOdur ki, 14 noyabr tarixind\u0259n etibar\u0259n s\u0259h\u0259r saat 08:30-dan t\u0259dbirl\u0259r tam ba\u015fa \u00e7atanad\u0259k Heyd\u0259r \u018fliyev prospekti, Azneft dair\u0259si, Niyazi k\u00fc\u00e7\u0259si, Neft\u00e7il\u0259r prospekti, Y.S\u0259f\u0259rov, \u00dc.Hac\u0131b\u0259yov, Z.\u018fliyeva k\u00fc\u00e7\u0259l\u0259ri, M.H\u00fcseyn v\u0259 T.El\u00e7in k\u00fc\u00e7\u0259l\u0259rin\u0259 biti\u015f\u0259n v\u0259 k\u0259si\u015f\u0259n dig\u0259r k\u00fc\u00e7\u0259l\u0259r \u00fczr\u0259 avtomobill\u0259rin h\u0259r\u0259k\u0259ti q\u0131sa fasil\u0259l\u0259rl\u0259 m\u0259hdudla\u015fd\u0131r\u0131lacaq.<\/p>\n","protected":false},"excerpt":{"rendered":"<p>Bak\u0131 \u015f\u0259h\u0259r D\u00f6vl\u0259t Yol Polis \u0130dar\u0259sinin avtomobil sahibl\u0259rin\u0259 v\u0259 s\u00fcr\u00fcc\u00fcl\u0259r\u0259 m\u00fcraci\u0259t edib.\u00a0ARANTV.AZ-\u0131n m\u0259lumat\u0131na \u0259sas\u0259n, 14-15 noyabr 2019-cu il tarixl\u0259rd\u0259 D\u00fcnya dini liderl\u0259rinin II Bak\u0131 Sammitinin ke\u00e7irilm\u0259si il\u0259 \u0259laq\u0259dar b\u0259zi k\u00fc\u00e7\u0259 v\u0259 prospektl\u0259rd\u0259 avtomobill\u0259rin h\u0259r\u0259k\u0259tin\u0259 fasil\u0259l\u0259rl\u0259 m\u0259hdudiyy\u0259t qoyulmaqla istiqam\u0259tin d\u0259yi\u015fdirilm\u0259si n\u0259z\u0259rd\u0259 tutulur. Bel\u0259 ki, 14-15 noyabr tarixl\u0259rd\u0259 hava liman\u0131na g\u0259l\u0259n y\u00fcks\u0259k \u00e7inli qonaqlar\u0131n, t\u0259dbir i\u015ftirak\u00e7\u0131lar\u0131n\u0131n qar\u015f\u0131lanaraq m\u0259rk\u0259z\u0259 do\u011fru otell\u0259r istiqam\u0259tin\u0259 h\u0259r\u0259k\u0259ti m\u00fc\u0259yy\u0259n edilib. Bu m\u0259qs\u0259dl\u0259 qonaqlar\u0131n yerl\u0259\u015fdirilm\u0259si v\u0259 t\u0259dbirl\u0259rin ke\u00e7irilm\u0259si \u00fc\u00e7\u00fcn n\u0259z\u0259rd\u0259 tutulmu\u015f &#8220;Heyd\u0259r \u018fliyev M\u0259rk\u0259zi&#8221;, &#8220;Bak\u0131 Konqres M\u0259rk\u0259zi&#8221; v\u0259 dig\u0259r \u0259rzil\u0259r\u0259 do\u011fru h\u0259r\u0259k\u0259td\u0259 t\u0259hl\u00fck\u0259sizlik t\u0259dbirl\u0259ri h\u0259yata ke\u00e7iril\u0259c\u0259k. Odur ki, 14&hellip;<\/p>\n","protected":false},"author":2,"featured_media":96130,"comment_status":"closed","ping_status":"closed","sticky":false,"template":"","format":"standard","meta":{"om_disable_all_campaigns":false,"_monsterinsights_skip_tracking":false,"_monsterinsights_sitenote_active":false,"_monsterinsights_sitenote_note":"","_monsterinsights_sitenote_category":0},"categories":[1],"tags":[],"aioseo_notices":[],"gutentor_comment":0,"rttpg_featured_image_url":{"full":["https:\/\/arantv.az\/wp-content\/uploads\/2019\/11\/mmx_man1516208110.jpg",549,356,false],"landscape":["https:\/\/arantv.az\/wp-content\/uploads\/2019\/11\/mmx_man1516208110.jpg",549,356,false],"portraits":["https:\/\/arantv.az\/wp-content\/uploads\/2019\/11\/mmx_man1516208110.jpg",549,356,false],"thumbnail":["https:\/\/arantv.az\/wp-content\/uploads\/2019\/11\/mmx_man1516208110-150x150.jpg",150,150,true],"medium":["https:\/\/arantv.az\/wp-content\/uploads\/2019\/11\/mmx_man1516208110-300x195.jpg",300,195,true],"large":["https:\/\/arantv.az\/wp-content\/uploads\/2019\/11\/mmx_man1516208110.jpg",549,356,false],"1536x1536":["https:\/\/arantv.az\/wp-content\/uploads\/2019\/11\/mmx_man1516208110.jpg",549,356,false],"2048x2048":["https:\/\/arantv.az\/wp-content\/uploads\/2019\/11\/mmx_man1516208110.jpg",549,356,false],"post-thumbnail":["https:\/\/arantv.az\/wp-content\/uploads\/2019\/11\/mmx_man1516208110-240x172.jpg",240,172,true],"advps-thumb-one":["https:\/\/arantv.az\/wp-content\/uploads\/2019\/11\/mmx_man1516208110.jpg",549,356,false]},"rttpg_author":{"display_name":"V\u00fcsal Rafiqo\u011flu","author_link":"https:\/\/arantv.az\/?author=2"},"rttpg_comment":0,"rttpg_category":"<a href=\"https:\/\/arantv.az\/?cat=1\" rel=\"category\">C\u0259miyy\u0259t<\/a>","rttpg_excerpt":"Bak\u0131 \u015f\u0259h\u0259r D\u00f6vl\u0259t Yol Polis \u0130dar\u0259sinin avtomobil sahibl\u0259rin\u0259 v\u0259 s\u00fcr\u00fcc\u00fcl\u0259r\u0259 m\u00fcraci\u0259t edib.\u00a0ARANTV.AZ-\u0131n m\u0259lumat\u0131na \u0259sas\u0259n, 14-15 noyabr 2019-cu il tarixl\u0259rd\u0259 D\u00fcnya dini liderl\u0259rinin II Bak\u0131 Sammitinin ke\u00e7irilm\u0259si il\u0259 \u0259laq\u0259dar b\u0259zi k\u00fc\u00e7\u0259 v\u0259 prospektl\u0259rd\u0259 avtomobill\u0259rin h\u0259r\u0259k\u0259tin\u0259 fasil\u0259l\u0259rl\u0259 m\u0259hdudiyy\u0259t qoyulmaqla istiqam\u0259tin d\u0259yi\u015fdirilm\u0259si n\u0259z\u0259rd\u0259 tutulur. Bel\u0259 ki, 14-15 noyabr tarixl\u0259rd\u0259 hava liman\u0131na g\u0259l\u0259n y\u00fcks\u0259k \u00e7inli qonaqlar\u0131n, t\u0259dbir i\u015ftirak\u00e7\u0131lar\u0131n\u0131n qar\u015f\u0131lanaraq&hellip;","_links":{"self":[{"href":"https:\/\/arantv.az\/index.php?rest_route=\/wp\/v2\/posts\/96129"}],"collection":[{"href":"https:\/\/arantv.az\/index.php?rest_route=\/wp\/v2\/posts"}],"about":[{"href":"https:\/\/arantv.az\/index.php?rest_route=\/wp\/v2\/types\/post"}],"author":[{"embeddable":true,"href":"https:\/\/arantv.az\/index.php?rest_route=\/wp\/v2\/users\/2"}],"replies":[{"embeddable":true,"href":"https:\/\/arantv.az\/index.php?rest_route=%2Fwp%2Fv2%2Fcomments&post=96129"}],"version-history":[{"count":0,"href":"https:\/\/arantv.az\/index.php?rest_route=\/wp\/v2\/posts\/96129\/revisions"}],"wp:featuredmedia":[{"embeddable":true,"href":"https:\/\/arantv.az\/index.php?rest_route=\/wp\/v2\/media\/96130"}],"wp:attachment":[{"href":"https:\/\/arantv.az\/index.php?rest_route=%2Fwp%2Fv2%2Fmedia&parent=96129"}],"wp:term":[{"taxonomy":"category","embeddable":true,"href":"https:\/\/arantv.az\/index.php?rest_route=%2Fwp%2Fv2%2Fcategories&post=96129"},{"taxonomy":"post_tag","embeddable":true,"href":"https:\/\/arantv.az\/index.php?rest_route=%2Fwp%2Fv2%2Ftags&post=96129"}],"curies":[{"name":"wp","href":"https:\/\/api.w.org\/{rel}","templated":true}]}}