{"id":96137,"date":"2019-11-14T10:30:51","date_gmt":"2019-11-14T07:30:51","guid":{"rendered":"http:\/\/arantv.az\/?p=96137"},"modified":"2019-11-14T10:30:51","modified_gmt":"2019-11-14T07:30:51","slug":"ilham-%c9%99liyev-v%c9%99-mehriban-%c9%99liyeva-dunya-dini-liderl%c9%99rinin-ii-baki-sammitind%c9%99","status":"publish","type":"post","link":"https:\/\/arantv.az\/?p=96137","title":{"rendered":"\u0130lham \u018fliyev v\u0259 Mehriban \u018fliyeva D\u00fcnya dini liderl\u0259rinin II Bak\u0131 Sammitind\u0259"},"content":{"rendered":"<p>Noyabr\u0131n 14-d\u0259 Bak\u0131da D\u00fcnya dini liderl\u0259rinin II Sammiti i\u015f\u0259 ba\u015flay\u0131b.<\/p>\n<p><strong>ARANTV.AZ<\/strong> x\u0259b\u0259r verir ki, Az\u0259rbaycan Respublikas\u0131n\u0131n Prezidenti \u0130lham \u018fliyev v\u0259 birinci xan\u0131m Mehriban \u018fliyeva Sammitd\u0259 i\u015ftirak edirl\u0259r.<\/p>\n<p>\u018fvv\u0259lc\u0259 birg\u0259 foto \u00e7\u0259kdirilib.<\/p>\n<div id=\"AdviadNativeVideo0\" class=\"AdviadNativeVideo\"><\/div>\n<p>Sammit m\u00fcq\u0259dd\u0259s \u201cQurani-K\u0259rim\u201dd\u0259n ay\u0259l\u0259rin oxunmas\u0131 il\u0259 ba\u015flay\u0131b.<\/p>\n<p>Az\u0259rbaycan Respublikas\u0131n\u0131n Prezidenti \u0130lham \u018fliyev Sammitd\u0259 nitq s\u00f6yl\u0259yir.<\/p>\n<p>\u015eeyx\u00fclislam Allah\u015f\u00fck\u00fcr Pa\u015fazad\u0259nin anadan olmas\u0131n\u0131n 70 illiyi il\u0259 ba\u011fl\u0131 yubiley t\u0259dbirl\u0259ri \u00e7\u0259r\u00e7iv\u0259sind\u0259 ke\u00e7iril\u0259n Sammitd\u0259 m\u00fcxt\u0259lif \u00f6lk\u0259l\u0259rin siyasi, ictimai, elm v\u0259 din xadiml\u0259ri, beyn\u0259lxalq t\u0259\u015fkilatlar\u0131n n\u00fcmay\u0259nd\u0259l\u0259ri, dini konfessiya v\u0259 t\u0259riq\u0259t liderl\u0259ri i\u015ftirak edirl\u0259r.<\/p>\n<p>Az\u0259rbaycan d\u00f6vl\u0259tinin qlobal m\u00fcst\u0259vid\u0259 dinl\u0259raras\u0131 dialoqun inki\u015faf\u0131na, qar\u015f\u0131l\u0131ql\u0131 anla\u015fma v\u0259 insani h\u0259mr\u0259ylik kimi b\u0259\u015f\u0259ri d\u0259y\u0259rl\u0259rin t\u0259\u015fviqi v\u0259 t\u0259kam\u00fcl\u00fcn\u0259 \u00f6z t\u00f6hf\u0259sini verm\u0259k m\u0259ram\u0131 il\u0259 ev sahibliyi etdiyi D\u00fcnya dini liderl\u0259rinin II Bak\u0131 Sammiti Prezident \u0130lham \u018fliyevin t\u0259\u015f\u0259bb\u00fcs\u00fc il\u0259 ba\u015flanan v\u0259 h\u0259yata ke\u00e7iril\u0259n \u201cBak\u0131 Prosesi\u201d, \u201cMultikulturalizm\u201d v\u0259 \u201c\u0130slam H\u0259mr\u0259yliyi\u201d ill\u0259ri \u00e7\u0259r\u00e7iv\u0259sind\u0259 t\u0259\u015fkil olunmu\u015f beyn\u0259lxalq t\u0259dbirl\u0259rin, o c\u00fcml\u0259d\u0259n D\u00fcnya dini liderl\u0259rinin I Bak\u0131 Sammitinin, habel\u0259 Bak\u0131 Beyn\u0259lxalq Dinl\u0259raras\u0131 v\u0259 Sivilizasiyalararas\u0131 \u018fm\u0259kda\u015fl\u0131q M\u0259rk\u0259zinin m\u00fcxt\u0259lif m\u0259d\u0259niyy\u0259tl\u0259r v\u0259 dinl\u0259r aras\u0131nda \u0259laq\u0259l\u0259rin geni\u015fl\u0259nm\u0259sin\u0259, qar\u015f\u0131l\u0131ql\u0131 etimad m\u00fchitinin yarad\u0131lmas\u0131 i\u015fin\u0259 t\u00f6hf\u0259l\u0259rinin m\u0259ntiqi davam\u0131d\u0131r.<\/p>\n<p>\u0130kig\u00fcnl\u00fck Sammitd\u0259 \u201cMultikulturalizm, tolerantl\u0131q v\u0259 dinl\u0259raras\u0131 h\u0259mr\u0259yliyin t\u0259\u015fviqind\u0259 Az\u0259rbaycan d\u00f6vl\u0259tinin n\u00fcmun\u0259vi rolu\u201d, \u201c\u015eeyx\u00fclislam Allah\u015f\u00fck\u00fcr Pa\u015fazad\u0259nin dini r\u0259hb\u0259r v\u0259 ictimai xadim kimi sivilizasiyalararas\u0131 v\u0259 dinl\u0259raras\u0131 \u0259m\u0259kda\u015fl\u0131\u011f\u0131n inki\u015faf\u0131na t\u00f6hf\u0259si\u201d, \u201cDini liderl\u0259r terrorizm, t\u0259cav\u00fczkarl\u0131q, ksenofobiya, islamofobiya, antisemitizm v\u0259 xristianofobiya \u0259leyhin\u0259\u201d, \u201cQad\u0131n v\u0259 u\u015faq haqlar\u0131n\u0131n qorunmas\u0131, g\u0259ncl\u0259rin maarifl\u0259ndirilm\u0259sind\u0259 dini liderl\u0259rin, d\u00f6vl\u0259t, elm v\u0259 ictimai xadiml\u0259rin birg\u0259 f\u0259aliyy\u0259tinin \u0259h\u0259miyy\u0259ti\u201d m\u00f6vzular\u0131 \u0259traf\u0131nda m\u00fczakir\u0259l\u0259r apar\u0131lacaq.<\/p>\n<p>Sammitin yekunlar\u0131na dair Bak\u0131 B\u0259yannam\u0259si q\u0259bul olunacaq.<\/p>\n<p>Qeyd ed\u0259k ki, Prezident \u0130lham \u018fliyev bu il aprelin 11-d\u0259 D\u00fcnya dini liderl\u0259rinin II Bak\u0131 Sammitinin ke\u00e7irilm\u0259si il\u0259 \u0259laq\u0259dar T\u0259\u015fkilat Komit\u0259sinin yarad\u0131lmas\u0131 haqq\u0131nda S\u0259r\u0259ncam imzalay\u0131b.AZ\u018fRTAC<\/p>\n","protected":false},"excerpt":{"rendered":"<p>Noyabr\u0131n 14-d\u0259 Bak\u0131da D\u00fcnya dini liderl\u0259rinin II Sammiti i\u015f\u0259 ba\u015flay\u0131b. ARANTV.AZ x\u0259b\u0259r verir ki, Az\u0259rbaycan Respublikas\u0131n\u0131n Prezidenti \u0130lham \u018fliyev v\u0259 birinci xan\u0131m Mehriban \u018fliyeva Sammitd\u0259 i\u015ftirak edirl\u0259r. \u018fvv\u0259lc\u0259 birg\u0259 foto \u00e7\u0259kdirilib. Sammit m\u00fcq\u0259dd\u0259s \u201cQurani-K\u0259rim\u201dd\u0259n ay\u0259l\u0259rin oxunmas\u0131 il\u0259 ba\u015flay\u0131b. Az\u0259rbaycan Respublikas\u0131n\u0131n Prezidenti \u0130lham \u018fliyev Sammitd\u0259 nitq s\u00f6yl\u0259yir. \u015eeyx\u00fclislam Allah\u015f\u00fck\u00fcr Pa\u015fazad\u0259nin anadan olmas\u0131n\u0131n 70 illiyi il\u0259 ba\u011fl\u0131 yubiley t\u0259dbirl\u0259ri \u00e7\u0259r\u00e7iv\u0259sind\u0259 ke\u00e7iril\u0259n Sammitd\u0259 m\u00fcxt\u0259lif \u00f6lk\u0259l\u0259rin siyasi, ictimai, elm v\u0259 din xadiml\u0259ri, beyn\u0259lxalq t\u0259\u015fkilatlar\u0131n n\u00fcmay\u0259nd\u0259l\u0259ri, dini konfessiya v\u0259 t\u0259riq\u0259t liderl\u0259ri i\u015ftirak edirl\u0259r. Az\u0259rbaycan d\u00f6vl\u0259tinin qlobal m\u00fcst\u0259vid\u0259 dinl\u0259raras\u0131 dialoqun inki\u015faf\u0131na, qar\u015f\u0131l\u0131ql\u0131 anla\u015fma v\u0259 insani h\u0259mr\u0259ylik&hellip;<\/p>\n","protected":false},"author":2,"featured_media":96138,"comment_status":"closed","ping_status":"closed","sticky":false,"template":"","format":"standard","meta":{"om_disable_all_campaigns":false,"_monsterinsights_skip_tracking":false,"_monsterinsights_sitenote_active":false,"_monsterinsights_sitenote_note":"","_monsterinsights_sitenote_category":0},"categories":[4],"tags":[],"aioseo_notices":[],"gutentor_comment":0,"rttpg_featured_image_url":{"full":["https:\/\/arantv.az\/wp-content\/uploads\/2019\/11\/2f339890-0d18-4d3d-8124-846a1ffea120.jpg",620,437,false],"landscape":["https:\/\/arantv.az\/wp-content\/uploads\/2019\/11\/2f339890-0d18-4d3d-8124-846a1ffea120.jpg",620,437,false],"portraits":["https:\/\/arantv.az\/wp-content\/uploads\/2019\/11\/2f339890-0d18-4d3d-8124-846a1ffea120.jpg",620,437,false],"thumbnail":["https:\/\/arantv.az\/wp-content\/uploads\/2019\/11\/2f339890-0d18-4d3d-8124-846a1ffea120-150x150.jpg",150,150,true],"medium":["https:\/\/arantv.az\/wp-content\/uploads\/2019\/11\/2f339890-0d18-4d3d-8124-846a1ffea120-300x211.jpg",300,211,true],"large":["https:\/\/arantv.az\/wp-content\/uploads\/2019\/11\/2f339890-0d18-4d3d-8124-846a1ffea120.jpg",620,437,false],"1536x1536":["https:\/\/arantv.az\/wp-content\/uploads\/2019\/11\/2f339890-0d18-4d3d-8124-846a1ffea120.jpg",620,437,false],"2048x2048":["https:\/\/arantv.az\/wp-content\/uploads\/2019\/11\/2f339890-0d18-4d3d-8124-846a1ffea120.jpg",620,437,false],"post-thumbnail":["https:\/\/arantv.az\/wp-content\/uploads\/2019\/11\/2f339890-0d18-4d3d-8124-846a1ffea120-240x172.jpg",240,172,true],"advps-thumb-one":["https:\/\/arantv.az\/wp-content\/uploads\/2019\/11\/2f339890-0d18-4d3d-8124-846a1ffea120.jpg",620,437,false]},"rttpg_author":{"display_name":"V\u00fcsal Rafiqo\u011flu","author_link":"https:\/\/arantv.az\/?author=2"},"rttpg_comment":0,"rttpg_category":"<a href=\"https:\/\/arantv.az\/?cat=4\" rel=\"category\">Siyas\u0259t<\/a>","rttpg_excerpt":"Noyabr\u0131n 14-d\u0259 Bak\u0131da D\u00fcnya dini liderl\u0259rinin II Sammiti i\u015f\u0259 ba\u015flay\u0131b. ARANTV.AZ x\u0259b\u0259r verir ki, Az\u0259rbaycan Respublikas\u0131n\u0131n Prezidenti \u0130lham \u018fliyev v\u0259 birinci xan\u0131m Mehriban \u018fliyeva Sammitd\u0259 i\u015ftirak edirl\u0259r. \u018fvv\u0259lc\u0259 birg\u0259 foto \u00e7\u0259kdirilib. Sammit m\u00fcq\u0259dd\u0259s \u201cQurani-K\u0259rim\u201dd\u0259n ay\u0259l\u0259rin oxunmas\u0131 il\u0259 ba\u015flay\u0131b. Az\u0259rbaycan Respublikas\u0131n\u0131n Prezidenti \u0130lham \u018fliyev Sammitd\u0259 nitq s\u00f6yl\u0259yir. \u015eeyx\u00fclislam Allah\u015f\u00fck\u00fcr Pa\u015fazad\u0259nin anadan olmas\u0131n\u0131n 70 illiyi il\u0259 ba\u011fl\u0131&hellip;","_links":{"self":[{"href":"https:\/\/arantv.az\/index.php?rest_route=\/wp\/v2\/posts\/96137"}],"collection":[{"href":"https:\/\/arantv.az\/index.php?rest_route=\/wp\/v2\/posts"}],"about":[{"href":"https:\/\/arantv.az\/index.php?rest_route=\/wp\/v2\/types\/post"}],"author":[{"embeddable":true,"href":"https:\/\/arantv.az\/index.php?rest_route=\/wp\/v2\/users\/2"}],"replies":[{"embeddable":true,"href":"https:\/\/arantv.az\/index.php?rest_route=%2Fwp%2Fv2%2Fcomments&post=96137"}],"version-history":[{"count":0,"href":"https:\/\/arantv.az\/index.php?rest_route=\/wp\/v2\/posts\/96137\/revisions"}],"wp:featuredmedia":[{"embeddable":true,"href":"https:\/\/arantv.az\/index.php?rest_route=\/wp\/v2\/media\/96138"}],"wp:attachment":[{"href":"https:\/\/arantv.az\/index.php?rest_route=%2Fwp%2Fv2%2Fmedia&parent=96137"}],"wp:term":[{"taxonomy":"category","embeddable":true,"href":"https:\/\/arantv.az\/index.php?rest_route=%2Fwp%2Fv2%2Fcategories&post=96137"},{"taxonomy":"post_tag","embeddable":true,"href":"https:\/\/arantv.az\/index.php?rest_route=%2Fwp%2Fv2%2Ftags&post=96137"}],"curies":[{"name":"wp","href":"https:\/\/api.w.org\/{rel}","templated":true}]}}