{"id":96149,"date":"2019-11-14T10:46:26","date_gmt":"2019-11-14T07:46:26","guid":{"rendered":"http:\/\/arantv.az\/?p=96149"},"modified":"2019-11-14T10:46:26","modified_gmt":"2019-11-14T07:46:26","slug":"dsmf-nin-v%c9%99zif%c9%99li-s%c9%99xsl%c9%99ri-bar%c9%99sind%c9%99-cinay%c9%99t-isi-baslandi","status":"publish","type":"post","link":"https:\/\/arantv.az\/?p=96149","title":{"rendered":"DSMF-nin v\u0259zif\u0259li \u015f\u0259xsl\u0259ri bar\u0259sind\u0259 cinay\u0259t i\u015fi ba\u015fland\u0131"},"content":{"rendered":"<p>DSMF-nin iki rayon \u015f\u00f6b\u0259sinin m\u00fcdirl\u0259ri bar\u0259sind\u0259 cinay\u0259t i\u015fi ba\u015flan\u0131b.<\/p>\n<p>Bu bar\u0259d\u0259 \u018fm\u0259k v\u0259 \u018fhalinin Sosial M\u00fcdafi\u0259si Nazirliyi v\u0259 Ba\u015f Prokurorlu\u011fun M\u0259tbuat xidm\u0259tl\u0259rinin birg\u0259 a\u00e7\u0131qlamas\u0131nda bildirilib.<\/p>\n<p>A\u00e7\u0131qlamada deyilir:<\/p>\n<div id=\"AdviadNativeVideo0\" class=\"AdviadNativeVideo\"><\/div>\n<p>\u201cAz\u0259rbaycan Respublikas\u0131n\u0131n Prezidenti \u0130lham \u018fliyevin r\u0259hb\u0259rliyi il\u0259 \u00f6lk\u0259mizd\u0259 u\u011furla h\u0259yata ke\u00e7iril\u0259n kompleks islahatlar \u00e7\u0259r\u00e7iv\u0259sind\u0259 son ill\u0259r sosial m\u00fcdafi\u0259 sisteminin \u0259hat\u0259liliyi v\u0259 s\u0259m\u0259r\u0259liliyi daha da art\u0131r\u0131l\u0131b, sosial siyas\u0259tin ba\u015fl\u0131ca istiqam\u0259tl\u0259rind\u0259n biri kimi \u0259halinin sosial t\u0259minat\u0131 sah\u0259sind\u0259 idar\u0259etm\u0259nin t\u0259kmill\u0259\u015fdirilm\u0259sind\u0259, el\u0259c\u0259 d\u0259, \u00fcnvanl\u0131l\u0131q v\u0259 \u015f\u0259ffafl\u0131\u011f\u0131n t\u0259min olunmas\u0131nda \u0259h\u0259miyy\u0259tli ir\u0259lil\u0259yi\u015fl\u0259r\u0259 nail olunub.<\/p>\n<p>Bununla yana\u015f\u0131, d\u00f6vl\u0259tin bu sah\u0259d\u0259 h\u0259yata ke\u00e7irdiyi m\u00fct\u0259r\u0259qqi siyas\u0259t\u0259 k\u00f6lg\u0259 sala bil\u0259c\u0259k neqativ amill\u0259r\u0259, o c\u00fcml\u0259d\u0259n \u0259hat\u0259 etdiyi geni\u015f \u0259hali kateqoriyas\u0131na g\u00f6r\u0259 sosial-m\u00fcdafi\u0259 sferas\u0131n\u0131n m\u00fch\u00fcm komponentl\u0259rind\u0259n olan \u0259m\u0259k v\u0259 pensiya t\u0259minat\u0131 sistemind\u0259 ba\u015f ver\u0259 bil\u0259c\u0259k sui-istifad\u0259 hallar\u0131na v\u0259 v\u0259t\u0259nda\u015flar\u0131n h\u00fcquqlar\u0131n\u0131n pozulmas\u0131na y\u00f6n\u0259lmi\u015f dig\u0259r qanunsuz h\u0259r\u0259k\u0259tl\u0259r\u0259 qar\u015f\u0131 \u0259n ciddi m\u00fcbariz\u0259 t\u0259dbirl\u0259ri davam etdirilm\u0259kd\u0259dir.<\/p>\n<p>H\u0259yata ke\u00e7irilm\u0259kd\u0259 olan bel\u0259 t\u0259dbirl\u0259rd\u0259n biri kimi, D\u00f6vl\u0259t Sosial M\u00fcdafi\u0259 Fondunun Saatl\u0131 v\u0259 Sabirabad rayon \u015f\u00f6b\u0259l\u0259rind\u0259 g\u00fcz\u0259\u015ftli \u015f\u0259rtl\u0259rl\u0259 ya\u015fa g\u00f6r\u0259 \u0259m\u0259k pensiyalar\u0131n\u0131n t\u0259yin edilm\u0259sind\u0259 qanunvericiliyin t\u0259l\u0259bl\u0259rin\u0259 \u0259m\u0259l edilm\u0259m\u0259si bar\u0259d\u0259 \u018fm\u0259k v\u0259 \u018fhalinin Sosial M\u00fcdafi\u0259si Nazirliyind\u0259n daxil olmu\u015f material Ba\u015f prokuror yan\u0131nda Korrupsiyaya qar\u015f\u0131 M\u00fcbariz\u0259 Ba\u015f \u0130dar\u0259sind\u0259 ara\u015fd\u0131r\u0131l\u0131b.<\/p>\n<p>Ara\u015fd\u0131rma zaman\u0131 DSMF-nin Saatl\u0131 v\u0259 Sabirabad rayon \u015f\u00f6b\u0259l\u0259rinin m\u00fcdirl\u0259ri Seyidr\u0259sul Abbasov v\u0259 Bayram Mikay\u0131lovun xidm\u0259ti v\u0259zif\u0259 s\u0259lahiyy\u0259tl\u0259rind\u0259n sui-istifad\u0259 ed\u0259r\u0259k ayr\u0131-ayr\u0131 v\u0259t\u0259nda\u015flar\u0131n pensiya t\u0259yinat\u0131 il\u0259 ba\u011fl\u0131 m\u00fcraci\u0259t etdikl\u0259ri tarixl\u0259rd\u0259n \u0259n \u00e7oxu \u00fc\u00e7 il \u0259vv\u0259l \u00fc\u00e7\u00fcn pensiya t\u0259yin olunmas\u0131 bar\u0259d\u0259 \u201c\u018fm\u0259k pensiyalar\u0131 haqq\u0131nda\u201d Az\u0259rbaycan Respublikas\u0131 Qanununun t\u0259l\u0259bl\u0259rini pozaraq Saatl\u0131 rayon \u015f\u00f6b\u0259sind\u0259 44 pensiya i\u015fi \u00fczr\u0259 102 min manat, Sabirabad rayon \u015f\u00f6b\u0259sind\u0259 is\u0259 31 pensiya i\u015fi \u00fczr\u0259 95 min manat art\u0131q \u00f6d\u0259m\u0259y\u0259 s\u0259b\u0259b olan ke\u00e7mi\u015f tarix\u0259 pensiya m\u0259bl\u0259\u011fl\u0259rini hesablamalar\u0131na dair \u0259sasl\u0131 \u015f\u00fcbh\u0259l\u0259r m\u00fc\u0259yy\u0259n edilib.<\/p>\n<p>Qeyd edil\u0259n x\u00fcsusatlarla \u0259laq\u0259dar fakta g\u00f6r\u0259 h\u0259min v\u0259zif\u0259li \u015f\u0259xsl\u0259r bar\u0259sind\u0259 Cinay\u0259t M\u0259c\u0259ll\u0259sinin 308.1-ci (v\u0259zif\u0259 s\u0259lahiyy\u0259tl\u0259rind\u0259n sui-istifad\u0259) madd\u0259si il\u0259 cinay\u0259t i\u015fi ba\u015flan\u0131b.<\/p>\n<p>Haz\u0131rda cinay\u0259t i\u015fi \u00fczr\u0259 t\u0259qsirli \u015f\u0259xsl\u0259rin tam dair\u0259sinin m\u00fc\u0259yy\u0259nl\u0259\u015fdiril\u0259r\u0259k m\u0259suliyy\u0259t\u0259 c\u0259lb edilm\u0259l\u0259ri istiqam\u0259tind\u0259 z\u0259ruri istintaq-\u0259m\u0259liyyat t\u0259dbirl\u0259ri davam etdirilir&#8221;.<\/p>\n","protected":false},"excerpt":{"rendered":"<p>DSMF-nin iki rayon \u015f\u00f6b\u0259sinin m\u00fcdirl\u0259ri bar\u0259sind\u0259 cinay\u0259t i\u015fi ba\u015flan\u0131b. Bu bar\u0259d\u0259 \u018fm\u0259k v\u0259 \u018fhalinin Sosial M\u00fcdafi\u0259si Nazirliyi v\u0259 Ba\u015f Prokurorlu\u011fun M\u0259tbuat xidm\u0259tl\u0259rinin birg\u0259 a\u00e7\u0131qlamas\u0131nda bildirilib. A\u00e7\u0131qlamada deyilir: \u201cAz\u0259rbaycan Respublikas\u0131n\u0131n Prezidenti \u0130lham \u018fliyevin r\u0259hb\u0259rliyi il\u0259 \u00f6lk\u0259mizd\u0259 u\u011furla h\u0259yata ke\u00e7iril\u0259n kompleks islahatlar \u00e7\u0259r\u00e7iv\u0259sind\u0259 son ill\u0259r sosial m\u00fcdafi\u0259 sisteminin \u0259hat\u0259liliyi v\u0259 s\u0259m\u0259r\u0259liliyi daha da art\u0131r\u0131l\u0131b, sosial siyas\u0259tin ba\u015fl\u0131ca istiqam\u0259tl\u0259rind\u0259n biri kimi \u0259halinin sosial t\u0259minat\u0131 sah\u0259sind\u0259 idar\u0259etm\u0259nin t\u0259kmill\u0259\u015fdirilm\u0259sind\u0259, el\u0259c\u0259 d\u0259, \u00fcnvanl\u0131l\u0131q v\u0259 \u015f\u0259ffafl\u0131\u011f\u0131n t\u0259min olunmas\u0131nda \u0259h\u0259miyy\u0259tli ir\u0259lil\u0259yi\u015fl\u0259r\u0259 nail olunub. Bununla yana\u015f\u0131, d\u00f6vl\u0259tin bu sah\u0259d\u0259 h\u0259yata ke\u00e7irdiyi m\u00fct\u0259r\u0259qqi siyas\u0259t\u0259 k\u00f6lg\u0259 sala bil\u0259c\u0259k neqativ amill\u0259r\u0259, o&hellip;<\/p>\n","protected":false},"author":2,"featured_media":96150,"comment_status":"closed","ping_status":"closed","sticky":false,"template":"","format":"standard","meta":{"om_disable_all_campaigns":false,"_monsterinsights_skip_tracking":false,"_monsterinsights_sitenote_active":false,"_monsterinsights_sitenote_note":"","_monsterinsights_sitenote_category":0},"categories":[1],"tags":[],"aioseo_notices":[],"gutentor_comment":0,"rttpg_featured_image_url":{"full":["https:\/\/arantv.az\/wp-content\/uploads\/2019\/11\/1560232451_untitled-1-1.jpg",600,400,false],"landscape":["https:\/\/arantv.az\/wp-content\/uploads\/2019\/11\/1560232451_untitled-1-1.jpg",600,400,false],"portraits":["https:\/\/arantv.az\/wp-content\/uploads\/2019\/11\/1560232451_untitled-1-1.jpg",600,400,false],"thumbnail":["https:\/\/arantv.az\/wp-content\/uploads\/2019\/11\/1560232451_untitled-1-1-150x150.jpg",150,150,true],"medium":["https:\/\/arantv.az\/wp-content\/uploads\/2019\/11\/1560232451_untitled-1-1-300x200.jpg",300,200,true],"large":["https:\/\/arantv.az\/wp-content\/uploads\/2019\/11\/1560232451_untitled-1-1.jpg",600,400,false],"1536x1536":["https:\/\/arantv.az\/wp-content\/uploads\/2019\/11\/1560232451_untitled-1-1.jpg",600,400,false],"2048x2048":["https:\/\/arantv.az\/wp-content\/uploads\/2019\/11\/1560232451_untitled-1-1.jpg",600,400,false],"post-thumbnail":["https:\/\/arantv.az\/wp-content\/uploads\/2019\/11\/1560232451_untitled-1-1-240x172.jpg",240,172,true],"advps-thumb-one":["https:\/\/arantv.az\/wp-content\/uploads\/2019\/11\/1560232451_untitled-1-1.jpg",600,400,false]},"rttpg_author":{"display_name":"V\u00fcsal Rafiqo\u011flu","author_link":"https:\/\/arantv.az\/?author=2"},"rttpg_comment":0,"rttpg_category":"<a href=\"https:\/\/arantv.az\/?cat=1\" rel=\"category\">C\u0259miyy\u0259t<\/a>","rttpg_excerpt":"DSMF-nin iki rayon \u015f\u00f6b\u0259sinin m\u00fcdirl\u0259ri bar\u0259sind\u0259 cinay\u0259t i\u015fi ba\u015flan\u0131b. Bu bar\u0259d\u0259 \u018fm\u0259k v\u0259 \u018fhalinin Sosial M\u00fcdafi\u0259si Nazirliyi v\u0259 Ba\u015f Prokurorlu\u011fun M\u0259tbuat xidm\u0259tl\u0259rinin birg\u0259 a\u00e7\u0131qlamas\u0131nda bildirilib. A\u00e7\u0131qlamada deyilir: \u201cAz\u0259rbaycan Respublikas\u0131n\u0131n Prezidenti \u0130lham \u018fliyevin r\u0259hb\u0259rliyi il\u0259 \u00f6lk\u0259mizd\u0259 u\u011furla h\u0259yata ke\u00e7iril\u0259n kompleks islahatlar \u00e7\u0259r\u00e7iv\u0259sind\u0259 son ill\u0259r sosial m\u00fcdafi\u0259 sisteminin \u0259hat\u0259liliyi v\u0259 s\u0259m\u0259r\u0259liliyi daha da art\u0131r\u0131l\u0131b, sosial siyas\u0259tin ba\u015fl\u0131ca&hellip;","_links":{"self":[{"href":"https:\/\/arantv.az\/index.php?rest_route=\/wp\/v2\/posts\/96149"}],"collection":[{"href":"https:\/\/arantv.az\/index.php?rest_route=\/wp\/v2\/posts"}],"about":[{"href":"https:\/\/arantv.az\/index.php?rest_route=\/wp\/v2\/types\/post"}],"author":[{"embeddable":true,"href":"https:\/\/arantv.az\/index.php?rest_route=\/wp\/v2\/users\/2"}],"replies":[{"embeddable":true,"href":"https:\/\/arantv.az\/index.php?rest_route=%2Fwp%2Fv2%2Fcomments&post=96149"}],"version-history":[{"count":0,"href":"https:\/\/arantv.az\/index.php?rest_route=\/wp\/v2\/posts\/96149\/revisions"}],"wp:featuredmedia":[{"embeddable":true,"href":"https:\/\/arantv.az\/index.php?rest_route=\/wp\/v2\/media\/96150"}],"wp:attachment":[{"href":"https:\/\/arantv.az\/index.php?rest_route=%2Fwp%2Fv2%2Fmedia&parent=96149"}],"wp:term":[{"taxonomy":"category","embeddable":true,"href":"https:\/\/arantv.az\/index.php?rest_route=%2Fwp%2Fv2%2Fcategories&post=96149"},{"taxonomy":"post_tag","embeddable":true,"href":"https:\/\/arantv.az\/index.php?rest_route=%2Fwp%2Fv2%2Ftags&post=96149"}],"curies":[{"name":"wp","href":"https:\/\/api.w.org\/{rel}","templated":true}]}}