{"id":96165,"date":"2019-11-14T11:01:38","date_gmt":"2019-11-14T08:01:38","guid":{"rendered":"http:\/\/arantv.az\/?p=96165"},"modified":"2019-11-14T11:01:38","modified_gmt":"2019-11-14T08:01:38","slug":"az%c9%99rbaycanlinin-idar%c9%99-etdiyi-yuk-masini-q%c9%99zaya-dusdu-ol%c9%99n-var","status":"publish","type":"post","link":"https:\/\/arantv.az\/?p=96165","title":{"rendered":"Az\u0259rbaycanl\u0131n\u0131n idar\u0259 etdiyi y\u00fck ma\u015f\u0131n\u0131 q\u0259zaya d\u00fc\u015fd\u00fc: \u00d6l\u0259n var"},"content":{"rendered":"<p>Rusiya Federasiyas\u0131n\u0131n Da\u011f\u0131stan Respublikas\u0131nda \u00f6l\u00fcml\u0259 n\u0259tic\u0259l\u0259n\u0259n yol-n\u0259qliyyat hadis\u0259si ba\u015f verib.<\/p>\n<p><b>ARANTV.AZ\u00a0<\/b> x\u0259b\u0259r verir ki, H\u0259\u015ft\u0259rxan-Maha\u00e7qala\u00a0magistral\u0131nda\u00a0qeyd\u0259 al\u0131nan q\u0259za zaman\u0131 \u201cKia Rio\u201d markal\u0131 minik ma\u015f\u0131n\u0131 \u0259ks yola \u00e7\u0131xaraq, \u201cMercedes\u201d markal\u0131 y\u00fck ma\u015f\u0131n\u0131na \u00e7\u0131rp\u0131l\u0131b.<\/p>\n<p>Q\u0259za n\u0259tic\u0259sind\u0259 minik avtomobilinin 32 ya\u015fl\u0131 s\u00fcr\u00fcc\u00fcs\u00fc hadis\u0259 yerind\u0259 \u00f6l\u00fcb. Y\u00fck ma\u015f\u0131n\u0131n\u0131n 39 ya\u015fl\u0131 Az\u0259rbaycan v\u0259t\u0259nda\u015f\u0131 t\u0259r\u0259find\u0259n idar\u0259 edildiyi bildirilib.<\/p>\n<p>Faktla ba\u011fl\u0131 ara\u015fd\u0131rma apar\u0131l\u0131r.Oxu.Az<\/p>\n","protected":false},"excerpt":{"rendered":"<p>Rusiya Federasiyas\u0131n\u0131n Da\u011f\u0131stan Respublikas\u0131nda \u00f6l\u00fcml\u0259 n\u0259tic\u0259l\u0259n\u0259n yol-n\u0259qliyyat hadis\u0259si ba\u015f verib. ARANTV.AZ\u00a0 x\u0259b\u0259r verir ki, H\u0259\u015ft\u0259rxan-Maha\u00e7qala\u00a0magistral\u0131nda\u00a0qeyd\u0259 al\u0131nan q\u0259za zaman\u0131 \u201cKia Rio\u201d markal\u0131 minik ma\u015f\u0131n\u0131 \u0259ks yola \u00e7\u0131xaraq, \u201cMercedes\u201d markal\u0131 y\u00fck ma\u015f\u0131n\u0131na \u00e7\u0131rp\u0131l\u0131b. Q\u0259za n\u0259tic\u0259sind\u0259 minik avtomobilinin 32 ya\u015fl\u0131 s\u00fcr\u00fcc\u00fcs\u00fc hadis\u0259 yerind\u0259 \u00f6l\u00fcb. Y\u00fck ma\u015f\u0131n\u0131n\u0131n 39 ya\u015fl\u0131 Az\u0259rbaycan v\u0259t\u0259nda\u015f\u0131 t\u0259r\u0259find\u0259n idar\u0259 edildiyi bildirilib. Faktla ba\u011fl\u0131 ara\u015fd\u0131rma apar\u0131l\u0131r.Oxu.Az<\/p>\n","protected":false},"author":2,"featured_media":96166,"comment_status":"closed","ping_status":"closed","sticky":false,"template":"","format":"standard","meta":{"om_disable_all_campaigns":false,"_monsterinsights_skip_tracking":false,"_monsterinsights_sitenote_active":false,"_monsterinsights_sitenote_note":"","_monsterinsights_sitenote_category":0},"categories":[5],"tags":[],"aioseo_notices":[],"gutentor_comment":0,"rttpg_featured_image_url":{"full":["https:\/\/arantv.az\/wp-content\/uploads\/2019\/11\/288223.jpg",620,465,false],"landscape":["https:\/\/arantv.az\/wp-content\/uploads\/2019\/11\/288223.jpg",620,465,false],"portraits":["https:\/\/arantv.az\/wp-content\/uploads\/2019\/11\/288223.jpg",620,465,false],"thumbnail":["https:\/\/arantv.az\/wp-content\/uploads\/2019\/11\/288223-150x150.jpg",150,150,true],"medium":["https:\/\/arantv.az\/wp-content\/uploads\/2019\/11\/288223-300x225.jpg",300,225,true],"large":["https:\/\/arantv.az\/wp-content\/uploads\/2019\/11\/288223.jpg",620,465,false],"1536x1536":["https:\/\/arantv.az\/wp-content\/uploads\/2019\/11\/288223.jpg",620,465,false],"2048x2048":["https:\/\/arantv.az\/wp-content\/uploads\/2019\/11\/288223.jpg",620,465,false],"post-thumbnail":["https:\/\/arantv.az\/wp-content\/uploads\/2019\/11\/288223-240x172.jpg",240,172,true],"advps-thumb-one":["https:\/\/arantv.az\/wp-content\/uploads\/2019\/11\/288223.jpg",620,465,false]},"rttpg_author":{"display_name":"V\u00fcsal Rafiqo\u011flu","author_link":"https:\/\/arantv.az\/?author=2"},"rttpg_comment":0,"rttpg_category":"<a href=\"https:\/\/arantv.az\/?cat=5\" rel=\"category\">Hadis\u0259<\/a>","rttpg_excerpt":"Rusiya Federasiyas\u0131n\u0131n Da\u011f\u0131stan Respublikas\u0131nda \u00f6l\u00fcml\u0259 n\u0259tic\u0259l\u0259n\u0259n yol-n\u0259qliyyat hadis\u0259si ba\u015f verib. ARANTV.AZ\u00a0 x\u0259b\u0259r verir ki, H\u0259\u015ft\u0259rxan-Maha\u00e7qala\u00a0magistral\u0131nda\u00a0qeyd\u0259 al\u0131nan q\u0259za zaman\u0131 \u201cKia Rio\u201d markal\u0131 minik ma\u015f\u0131n\u0131 \u0259ks yola \u00e7\u0131xaraq, \u201cMercedes\u201d markal\u0131 y\u00fck ma\u015f\u0131n\u0131na \u00e7\u0131rp\u0131l\u0131b. Q\u0259za n\u0259tic\u0259sind\u0259 minik avtomobilinin 32 ya\u015fl\u0131 s\u00fcr\u00fcc\u00fcs\u00fc hadis\u0259 yerind\u0259 \u00f6l\u00fcb. Y\u00fck ma\u015f\u0131n\u0131n\u0131n 39 ya\u015fl\u0131 Az\u0259rbaycan v\u0259t\u0259nda\u015f\u0131 t\u0259r\u0259find\u0259n idar\u0259 edildiyi bildirilib. Faktla ba\u011fl\u0131 ara\u015fd\u0131rma apar\u0131l\u0131r.Oxu.Az","_links":{"self":[{"href":"https:\/\/arantv.az\/index.php?rest_route=\/wp\/v2\/posts\/96165"}],"collection":[{"href":"https:\/\/arantv.az\/index.php?rest_route=\/wp\/v2\/posts"}],"about":[{"href":"https:\/\/arantv.az\/index.php?rest_route=\/wp\/v2\/types\/post"}],"author":[{"embeddable":true,"href":"https:\/\/arantv.az\/index.php?rest_route=\/wp\/v2\/users\/2"}],"replies":[{"embeddable":true,"href":"https:\/\/arantv.az\/index.php?rest_route=%2Fwp%2Fv2%2Fcomments&post=96165"}],"version-history":[{"count":0,"href":"https:\/\/arantv.az\/index.php?rest_route=\/wp\/v2\/posts\/96165\/revisions"}],"wp:featuredmedia":[{"embeddable":true,"href":"https:\/\/arantv.az\/index.php?rest_route=\/wp\/v2\/media\/96166"}],"wp:attachment":[{"href":"https:\/\/arantv.az\/index.php?rest_route=%2Fwp%2Fv2%2Fmedia&parent=96165"}],"wp:term":[{"taxonomy":"category","embeddable":true,"href":"https:\/\/arantv.az\/index.php?rest_route=%2Fwp%2Fv2%2Fcategories&post=96165"},{"taxonomy":"post_tag","embeddable":true,"href":"https:\/\/arantv.az\/index.php?rest_route=%2Fwp%2Fv2%2Ftags&post=96165"}],"curies":[{"name":"wp","href":"https:\/\/api.w.org\/{rel}","templated":true}]}}